{"id":4476,"date":"2025-10-18T17:34:27","date_gmt":"2025-10-18T15:34:27","guid":{"rendered":"https:\/\/matrend.hu\/maitrend\/?p=4476"},"modified":"2025-10-18T17:34:27","modified_gmt":"2025-10-18T15:34:27","slug":"ujra-targyaljak-eros-antonia-botranyat","status":"publish","type":"post","link":"https:\/\/matrend.hu\/maitrend\/?p=4476","title":{"rendered":"\u00dajra t\u00e1rgyalj\u00e1k Er\u0151s Ant\u00f3nia botr\u00e1ny\u00e1t"},"content":{"rendered":"<h3>Er\u0151s Ant\u00f3nia ma m\u00e1r nyugodt sz\u00edvvel tekint vissza az esetre, de elismeri, hogy fesz\u00fclt id\u0151szak volt. Az RTL h\u00edrad\u00f3sa szerint az \u00c1rul\u00f3k szerepl\u00e9se \u201e\u00e9let\u00e9nek egyik legizgalmasabb, ugyanakkor legmegterhel\u0151bb\u201d tapasztalata volt. \u201eNem fordultam ki \u00f6nmagamb\u00f3l, \u00e9s soha nem akartam megs\u00e9rteni senkit. A j\u00e1t\u00e9k hev\u00e9ben viszont mindenki kicsit m\u00e1sk\u00e9pp reag\u00e1l\u201d \u2013 mondta egy kor\u00e1bbi interj\u00faban. A csatorn\u00e1n\u00e1l v\u00e9g\u00fcl arra jutottak, hogy Ant\u00f3nia mondata nem volt sz\u00e1nd\u00e9kos provok\u00e1ci\u00f3, ink\u00e1bb a m\u0171sor dramatikus hangulat\u00e1ba illeszkedett.<br \/>\nV\u00e1lyi Istv\u00e1n, aki szint\u00e9n szerepelt a m\u0171sorban, meger\u0151s\u00edtette, hogy a h\u00edrad\u00f3s viselked\u00e9se p\u00e9ldamutat\u00f3 maradt. Szerinte az elsz\u00f3l\u00e1s \u201eemberi\u201d volt, \u00e9s nem m\u00e9lt\u00f3 b\u00fcntet\u00e9sre.<br \/>\nA t\u00f6rt\u00e9net \u00edgy tanuls\u00e1gos lez\u00e1r\u00e1st kaphat: Ant\u00f3nia meg\u00faszta a \u201epert\u201d, de az \u00fcgy \u00f6r\u00f6kre ott marad a t\u00e9v\u00e9s t\u00f6rt\u00e9nelem marg\u00f3j\u00e1n, mint eml\u00e9keztet\u0151 arra, milyen v\u00e9kony a hat\u00e1r a j\u00e1t\u00e9k \u00e9s a botr\u00e1ny k\u00f6z\u00f6tt.<\/h3>\n<p>VIA Promotions<\/p>\n<p>&#8211;<\/p>\n<p>Ennek ellen\u00e9re \u2013 a Premium \u00e9s Premium SE modellekben alapfelszerelts\u00e9gk\u00e9nt k\u00edn\u00e1lt k\u00e9zhaszn\u00e1lat n\u00e9lk\u00fcli csomagt\u00e9rajt\u00f3val; a nagy csomagtart\u00f3ny\u00edl\u00e1ssal (1100 mm sz\u00e9les, 760 mm magas), amelybe k\u00f6nnyed\u00e9n bef\u00e9rnek a k\u00fcl\u00f6n\u00f6sen terjedelmes t\u00e1rgyak, p\u00e9ld\u00e1ul ker\u00e9kp\u00e1rok vagy b\u00fatorok; \u00e9s a lapos rakt\u00e9rpadl\u00f3val \u2013 kev\u00e9s okunk van a praktikum hi\u00e1ny\u00e1ra vonatkoz\u00f3 kritik\u00e1ra.<br \/>\nUgyanez elmondhat\u00f3 az utast\u00e9rr\u0151l is. A Premium SE modell\u00fcnkben alapfelszerelts\u00e9gk\u00e9nt k\u00edn\u00e1lt panor\u00e1ma napf\u00e9nytet\u0151vel egy\u00fctt a m\u00e1sodik \u00fcl\u00e9ssorban a fejt\u00e9r t\u00f6bb mint elfogadhat\u00f3, ak\u00e1rcsak a l\u00e1bt\u00e9r. A szinte teljesen lapos kard\u00e1nalag\u00fat sokkal k\u00e9nyelmesebb\u00e9 teszi a k\u00f6z\u00e9ps\u0151 \u00fcl\u00e9st, mint egy\u00e9bk\u00e9nt lehetne, b\u00e1r ezt m\u00e9g mindig a legjobb gyermekek sz\u00e1m\u00e1ra fenntartani.<br \/>\nUgyanez elmondhat\u00f3 a harmadik \u00fcl\u00e9ssorr\u00f3l is, b\u00e1r ezek nagyobb helyet biztos\u00edtanak, mint a legt\u00f6bb, hasonl\u00f3 \u00e1r\u00fa h\u00e9tszem\u00e9lyes SUV. A sz\u00e1mos USB \u00e9s kieg\u00e9sz\u00edt\u0151 t\u00f6lt\u0151pont ek\u00f6zben k\u00e9ts\u00e9gtelen\u00fcl hasznos lesz, hogy a tablet- vagy okostelefon-m\u00e1ni\u00e1s csal\u00e1dtagok lefoglalj\u00e1k magukat a hosszabb utakon.<\/p>\n<p>Annak ellen\u00e9re, hogy a Santa Fe utastere a k\u00f6nny\u0171 kezelhet\u0151s\u00e9gre \u00e9s a sokoldal\u00fas\u00e1gra helyezi a hangs\u00falyt, az anyagok vonzerej\u00e9r\u0151l \u00e9s az \u00f6sszk\u00e9pr\u0151l sem feledkeztek meg. A b\u0151rk\u00e1rpitoz\u00e1s\u00fa \u00fcl\u00e9sek eleg\u00e1nsak \u00e9s k\u00f6nnyen \u00e1ll\u00edthat\u00f3k, b\u00e1r kiss\u00e9 kem\u00e9nyek; \u00e9s b\u00e1r az egyszer\u0171bb, fr\u00f6ccs\u00f6nt\u00f6tt m\u0171anyagokat meglehet\u0151sen b\u0151kez\u0171en haszn\u00e1lt\u00e1k, a csavaroz\u00e1s m\u00f3dj\u00e1ban \u00e9s n\u00e9h\u00e1ny gazdagabb anyagban is \u00e9rezhet\u0151 a szil\u00e1rds\u00e1g. Ek\u00f6zben a f\u0171thet\u0151 \u00e9s szell\u0151ztethet\u0151 \u00fcl\u00e9sek, a f\u0171thet\u0151 korm\u00e1nyker\u00e9k, a k\u00e9tz\u00f3n\u00e1s kl\u00edmaberendez\u00e9s \u00e9s a vezet\u00e9k n\u00e9lk\u00fcli okostelefon-t\u00f6lt\u0151\u00e1llom\u00e1s tov\u00e1bb n\u00f6veli a leny\u0171g\u00f6z\u0151 k\u00e9nyelmi list\u00e1t.<br \/>\nB\u00e1rki, aki ismer m\u00e1s Hyundai \u00e9s Kia j\u00e1rm\u0171veket, azonnal felismeri a Santa Fe infotainment csomagj\u00e1ban haszn\u00e1lt szoftvert. A bel\u00e9p\u0151 szint\u0171 SE modellekben ez egy 7 h\u00fcvelykes \u00e9rint\u0151k\u00e9perny\u0151n bel\u00fcl tal\u00e1lhat\u00f3, m\u00edg a Premium \u00e9s Premium SE felszerelts\u00e9gi szintek egy nagyobb, 8 h\u00fcvelykes k\u00e9perny\u0151t kapnak be\u00e9p\u00edtett m\u0171holdas navig\u00e1ci\u00f3val.<br \/>\nMinden elv\u00e1rt funkci\u00f3 jelen van \u00e9s megfelel\u0151, a DAB r\u00e1di\u00f3, a Bluetooth-kapcsolat \u00e9s a t\u00f6bb USB-port alapfelszerelts\u00e9gk\u00e9nt j\u00e1r. Az Apple CarPlay \u00e9s az Android Auto is minden Santa Fe-ben megtal\u00e1lhat\u00f3, p\u00f3tolva a gy\u00e1ri navig\u00e1ci\u00f3s szoftver hi\u00e1ny\u00e1t a bel\u00e9p\u0151 szint\u0171 modellekben. Maga a szoftver el\u00e9g intuit\u00edv ahhoz, hogy haszn\u00e1lhat\u00f3 legyen, de \u2013 ahogy azt m\u00e1s Hyundai \u00e9s Kia term\u00e9kekkel kapcsolatos tapasztalataink is mutatj\u00e1k \u2013 grafikailag nem a legkifinomultabb.<br \/>\nA k\u00f6z\u00e9pkateg\u00f3ri\u00e1s pr\u00e9mium Santa Fe modellek \u00e9s afelett l\u00e9v\u0151k alapfelszerelts\u00e9gk\u00e9nt kapnak vezet\u00e9k n\u00e9lk\u00fcli okostelefon-t\u00f6lt\u0151t, valamint Krell pr\u00e9mium audiorendszert. A hangmin\u0151s\u00e9g t\u00f6k\u00e9letesen elfogadhat\u00f3, de nem k\u00fcl\u00f6n\u00f6sebben eml\u00e9kezetes.<\/p>\n","protected":false},"excerpt":{"rendered":"<p>Er\u0151s Ant\u00f3nia ma m\u00e1r nyugodt sz\u00edvvel tekint vissza az esetre, de elismeri, hogy fesz\u00fclt id\u0151szak volt. Az RTL h\u00edrad\u00f3sa szerint&#8230; <span class=\"gridview-grid-post-read-more\"><a href=\"https:\/\/matrend.hu\/maitrend\/?p=4476\">read more<span class=\"gridview-sr-only\"> \u00dajra t\u00e1rgyalj\u00e1k Er\u0151s Ant\u00f3nia botr\u00e1ny\u00e1t<\/span><\/a><\/span><\/p>\n","protected":false},"author":1,"featured_media":4477,"comment_status":"open","ping_status":"open","sticky":false,"template":"","format":"standard","meta":{"footnotes":""},"categories":[1],"tags":[],"class_list":["post-4476","post","type-post","status-publish","format-standard","has-post-thumbnail","hentry","category-egyeb","wpcat-1-id"],"_links":{"self":[{"href":"https:\/\/matrend.hu\/maitrend\/index.php?rest_route=\/wp\/v2\/posts\/4476","targetHints":{"allow":["GET"]}}],"collection":[{"href":"https:\/\/matrend.hu\/maitrend\/index.php?rest_route=\/wp\/v2\/posts"}],"about":[{"href":"https:\/\/matrend.hu\/maitrend\/index.php?rest_route=\/wp\/v2\/types\/post"}],"author":[{"embeddable":true,"href":"https:\/\/matrend.hu\/maitrend\/index.php?rest_route=\/wp\/v2\/users\/1"}],"replies":[{"embeddable":true,"href":"https:\/\/matrend.hu\/maitrend\/index.php?rest_route=%2Fwp%2Fv2%2Fcomments&post=4476"}],"version-history":[{"count":1,"href":"https:\/\/matrend.hu\/maitrend\/index.php?rest_route=\/wp\/v2\/posts\/4476\/revisions"}],"predecessor-version":[{"id":4478,"href":"https:\/\/matrend.hu\/maitrend\/index.php?rest_route=\/wp\/v2\/posts\/4476\/revisions\/4478"}],"wp:featuredmedia":[{"embeddable":true,"href":"https:\/\/matrend.hu\/maitrend\/index.php?rest_route=\/wp\/v2\/media\/4477"}],"wp:attachment":[{"href":"https:\/\/matrend.hu\/maitrend\/index.php?rest_route=%2Fwp%2Fv2%2Fmedia&parent=4476"}],"wp:term":[{"taxonomy":"category","embeddable":true,"href":"https:\/\/matrend.hu\/maitrend\/index.php?rest_route=%2Fwp%2Fv2%2Fcategories&post=4476"},{"taxonomy":"post_tag","embeddable":true,"href":"https:\/\/matrend.hu\/maitrend\/index.php?rest_route=%2Fwp%2Fv2%2Ftags&post=4476"}],"curies":[{"name":"wp","href":"https:\/\/api.w.org\/{rel}","templated":true}]}}