{"id":4483,"date":"2025-10-19T09:17:26","date_gmt":"2025-10-19T07:17:26","guid":{"rendered":"https:\/\/matrend.hu\/maitrend\/?p=4483"},"modified":"2025-10-19T09:17:26","modified_gmt":"2025-10-19T07:17:26","slug":"herceg-erika-tavozik","status":"publish","type":"post","link":"https:\/\/matrend.hu\/maitrend\/?p=4483","title":{"rendered":"Herceg Erika t\u00e1vozik!"},"content":{"rendered":"<h3>A n\u00e9z\u0151k szerint Erik\u00e1t ki kell r\u00fagni! Egyszer\u0171en nem v\u00e9gzi a dolg\u00e1t emberien! &#8211; \u00edrt\u00e1k TTOK-on! A n\u00e9z\u0151k szerint T\u00f3th Andi sokkal ink\u00e1bb jobb munk\u00e1t v\u00e9gezne! Neked mi a v\u00e9lem\u00e9nyed?<\/h3>\n<p>Forr\u00e1s: MSN \/ FB \/ TTOK<\/p>\n<p>&#8211;<\/p>\n<p>A kiemelked\u0151 hat\u00e9konys\u00e1g annak is betudhat\u00f3, hogy ez a v\u00e1ltozat fronthajt\u00e1ssal k\u00e9sz\u00fclt, \u00e9s nem kapta meg a kilencfokozat\u00fa ZF automatav\u00e1lt\u00f3t, amely a n\u00e9gyker\u00e9khajt\u00e1s\u00fa verzi\u00f3khoz tartozott, hanem egy k\u00e9zi v\u00e1lt\u00f3val volt szerelve.<\/p>\n<p>Fontos k\u00fcl\u00f6nbs\u00e9g volt m\u00e9g, hogy ez a modell volt az egyetlen Discovery Sport az Egyes\u00fclt Kir\u00e1lys\u00e1gban, amely nem rendelkezett h\u00e9t\u00fcl\u00e9ses kialak\u00edt\u00e1ssal \u2013 ez a s\u00falycs\u00f6kkent\u00e9s szempontj\u00e1b\u00f3l szint\u00e9n el\u0151nyt jelentett.<\/p>\n<p>Ugyanakkor a takar\u00e9koss\u00e1gi bajnoki c\u00edmet nem sok\u00e1ig birtokolta: a modellfriss\u00edt\u00e9st k\u00f6vet\u0151en meg\u00e9rkezett a h\u00e1romhengeres plug-in hibrid, amely nemcsak hat\u00e9konyabb volt, de 43 m\u00e9rf\u00f6ldes (kb. 70 km-es) tiszt\u00e1n elektromos hat\u00f3t\u00e1vot \u00e9s 305 l\u00f3er\u0151t k\u00edn\u00e1lt.<\/p>\n<p>Tesztelt modell\u00fcnk \u2013 egy SE felszerelts\u00e9g\u0171 v\u00e1ltozat \u2013 az arany k\u00f6z\u00e9putat jelent\u0151 d\u00edzelmotort haszn\u00e1lta, amely 177 l\u00f3er\u0151t \u00e9s 430 Nm nyomat\u00e9kot biztos\u00edtott. A vontat\u00e1si kapacit\u00e1sa el\u00e9rte a 2,2 tonn\u00e1t, \u00edgy csal\u00e1di lak\u00f3kocsi vagy l\u00f3sz\u00e1ll\u00edt\u00f3 ut\u00e1nfut\u00f3 sem jelentett sz\u00e1m\u00e1ra k\u00fcl\u00f6n\u00f6sebb kih\u00edv\u00e1st.<\/p>\n","protected":false},"excerpt":{"rendered":"<p>A n\u00e9z\u0151k szerint Erik\u00e1t ki kell r\u00fagni! Egyszer\u0171en nem v\u00e9gzi a dolg\u00e1t emberien! &#8211; \u00edrt\u00e1k TTOK-on! A n\u00e9z\u0151k szerint T\u00f3th&#8230; <span class=\"gridview-grid-post-read-more\"><a href=\"https:\/\/matrend.hu\/maitrend\/?p=4483\">read more<span class=\"gridview-sr-only\"> Herceg Erika t\u00e1vozik!<\/span><\/a><\/span><\/p>\n","protected":false},"author":1,"featured_media":4484,"comment_status":"open","ping_status":"open","sticky":false,"template":"","format":"standard","meta":{"footnotes":""},"categories":[1],"tags":[],"class_list":["post-4483","post","type-post","status-publish","format-standard","has-post-thumbnail","hentry","category-egyeb","wpcat-1-id"],"_links":{"self":[{"href":"https:\/\/matrend.hu\/maitrend\/index.php?rest_route=\/wp\/v2\/posts\/4483","targetHints":{"allow":["GET"]}}],"collection":[{"href":"https:\/\/matrend.hu\/maitrend\/index.php?rest_route=\/wp\/v2\/posts"}],"about":[{"href":"https:\/\/matrend.hu\/maitrend\/index.php?rest_route=\/wp\/v2\/types\/post"}],"author":[{"embeddable":true,"href":"https:\/\/matrend.hu\/maitrend\/index.php?rest_route=\/wp\/v2\/users\/1"}],"replies":[{"embeddable":true,"href":"https:\/\/matrend.hu\/maitrend\/index.php?rest_route=%2Fwp%2Fv2%2Fcomments&post=4483"}],"version-history":[{"count":1,"href":"https:\/\/matrend.hu\/maitrend\/index.php?rest_route=\/wp\/v2\/posts\/4483\/revisions"}],"predecessor-version":[{"id":4485,"href":"https:\/\/matrend.hu\/maitrend\/index.php?rest_route=\/wp\/v2\/posts\/4483\/revisions\/4485"}],"wp:featuredmedia":[{"embeddable":true,"href":"https:\/\/matrend.hu\/maitrend\/index.php?rest_route=\/wp\/v2\/media\/4484"}],"wp:attachment":[{"href":"https:\/\/matrend.hu\/maitrend\/index.php?rest_route=%2Fwp%2Fv2%2Fmedia&parent=4483"}],"wp:term":[{"taxonomy":"category","embeddable":true,"href":"https:\/\/matrend.hu\/maitrend\/index.php?rest_route=%2Fwp%2Fv2%2Fcategories&post=4483"},{"taxonomy":"post_tag","embeddable":true,"href":"https:\/\/matrend.hu\/maitrend\/index.php?rest_route=%2Fwp%2Fv2%2Ftags&post=4483"}],"curies":[{"name":"wp","href":"https:\/\/api.w.org\/{rel}","templated":true}]}}