{"id":4488,"date":"2025-10-19T10:08:39","date_gmt":"2025-10-19T08:08:39","guid":{"rendered":"https:\/\/matrend.hu\/maitrend\/?p=4488"},"modified":"2025-10-19T10:10:48","modified_gmt":"2025-10-19T08:10:48","slug":"itt-a-kalkulator-a-pontos-novemberi-nyugdijrol","status":"publish","type":"post","link":"https:\/\/matrend.hu\/maitrend\/?p=4488","title":{"rendered":"Itt a kalkul\u00e1tor a pontos novemberi nyugd\u00edjr\u00f3l!"},"content":{"rendered":"<h3>Fontos, hogy a nyugd\u00edj\u00f6sszegek kerek\u00edt\u00e9si szab\u00e1lyai miatt n\u00e9h\u00e1ny forinttal elt\u00e9rhet a kalkul\u00e1tor \u00e1ltal sz\u00e1m\u00edtott \u00f6sszeg a novemberben \u00e9rkez\u0151 \u00f6sszegt\u0151l, de az elt\u00e9r\u00e9s minim\u00e1lis.<br \/>\n<strong><a href=\"https:\/\/dereferer.link\/?https:\/\/www.penzcentrum.hu\/nyugdij\/20251017\/nyugdij-utalas-2025-november-itt-a-pontos-datum-mikor-erkezik-a-novemberi-nyugdijemeles-1187008\" target=\"_blank\" rel=\"noopener\">IDE KATTINTVA \u00c9RHET\u0150 EL A KALKUL\u00c1TOR!<\/h3>\n<p>VIA P\u00e9nzcentrum<\/p>\n<p>&#8211;<\/p>\n<p>Ez a modell ugyan vadonat\u00faj, de ha k\u00f6vetted a Honda legut\u00f3bbi modellbemutat\u00f3it, a mechanikus csomag nagyon ismer\u0151sen fog hangzani. A hagyom\u00e1nyos hibrid ugyanazt az e:HEV embl\u00e9m\u00e1s hajt\u00e1sl\u00e1ncot haszn\u00e1lja, mint a ZR-V \u00e9s a Civic, ahol a 2,0 literes Atkinson-ciklus\u00fa benzinmotor f\u0151k\u00e9nt egy gener\u00e1tort hajt, amely energi\u00e1t biztos\u00edt a kerekeket meghajt\u00f3 villanymotornak, de egy reteszel\u0151 kuplunggal is rendelkezik a nagyobb sebess\u00e9gn\u00e9l t\u00f6rt\u00e9n\u0151 k\u00f6zvetlen hajt\u00e1s \u00e9rdek\u00e9ben.<\/p>\n<p>Van azonban n\u00e9h\u00e1ny l\u00e9nyeges k\u00fcl\u00f6nbs\u00e9g. Egy m\u00e1sodik, alacsonyabb \u00e1tt\u00e9tel\u0171 v\u00e1lt\u00f3 mostant\u00f3l lehet\u0151v\u00e9 teszi, hogy a bels\u0151 \u00e9g\u00e9s\u0171 motor alacsonyabb sebess\u00e9gn\u00e9l is beseg\u00edtsen, ami k\u00fcl\u00f6n\u00f6sen hasznos vontat\u00e1skor; \u00e9s a hagyom\u00e1nyos hibrid modell \u00f6sszker\u00e9khajt\u00e1s\u00fa, egy norm\u00e1l kuplungalap\u00fa mechanikus \u00f6sszker\u00e9khajt\u00e1si rendszeren kereszt\u00fcl. S\u0151t, a CR-V-nek l\u00e9tezik egy plug-in hibrid v\u00e1ltozata is, az e:PHEV. Ez egy 17,7 kWh-s akkumul\u00e1torral rendelkezik, \u00edgy hivatalosan 80 kilom\u00e9tert tud megtenni tiszt\u00e1n elektromos \u00fczemm\u00f3dban, ami azt jelenti, hogy a c\u00e9ges aut\u00f3vezet\u0151knek csak 8% term\u00e9szetbeni juttat\u00e1si ad\u00f3t kell fizetni\u00fck.<br \/>\nAz e:PHEV v\u00e1laszt\u00e1s\u00e1nak azonban sz\u00e1mos m\u00e1s k\u00f6vetkezm\u00e9nye is van, amelyek nem mindegyike teljesen nyilv\u00e1nval\u00f3. Ahelyett, hogy a csomagtart\u00f3 helyet vesz\u00edtene az akkumul\u00e1tor miatt, val\u00f3j\u00e1ban 72 litert nyer, \u00edgy \u00f6sszesen 635 litert kap. Ez az\u00e9rt van, mert az akkumul\u00e1tor az utast\u00e9r padl\u00f3ja alatt tal\u00e1lhat\u00f3, nem pedig a csomagtart\u00f3 alatt, mint az e:HEV-ben (a h\u0171t\u00e9s\u00fck elt\u00e9r\u0151 m\u00f3dja miatt). Az akkumul\u00e1tor ott l\u00e9te kiz\u00e1rja a kard\u00e1ntengely haszn\u00e1lat\u00e1t, \u00edgy a PHEV kiz\u00e1r\u00f3lag els\u0151ker\u00e9k-hajt\u00e1s\u00fa.<br \/>\nNem nyer extra teljes\u00edtm\u00e9nyt, mivel ugyanazt a motort haszn\u00e1lja, mint az e:HEV; viszont mivel a meghajt\u00f3 akkumul\u00e1tor nagyobb, elegend\u0151 energia \u00e1ll rendelkez\u00e9sre ahhoz, hogy a motor hosszabb ideig cs\u00facsteljes\u00edtm\u00e9nyen m\u0171k\u00f6dj\u00f6n, ez\u00e9rt a Honda az e:PHEV vontat\u00e1s\u00e1t 1500 kg-ra m\u00f3dos\u00edtotta, szemben az e:HEV mind\u00f6ssze 750 kg-j\u00e1val. Mindk\u00e9t CR-V k\u00fcl\u00f6n vontat\u00e1si \u00fczemm\u00f3ddal rendelkezik, amely a navig\u00e1ci\u00f3s adatok alapj\u00e1n tudja, mikor kell takar\u00e9koskodni az akkumul\u00e1torral, vagy ak\u00e1r a motorb\u00f3l \u00fajrat\u00f6lteni, \u00edgy mindig van elegend\u0151 tartal\u00e9k az emelked\u0151n vagy az aut\u00f3p\u00e1lya-szakaszokon.<\/p>\n","protected":false},"excerpt":{"rendered":"<p>Fontos, hogy a nyugd\u00edj\u00f6sszegek kerek\u00edt\u00e9si szab\u00e1lyai miatt n\u00e9h\u00e1ny forinttal elt\u00e9rhet a kalkul\u00e1tor \u00e1ltal sz\u00e1m\u00edtott \u00f6sszeg a novemberben \u00e9rkez\u0151 \u00f6sszegt\u0151l, de&#8230; <span class=\"gridview-grid-post-read-more\"><a href=\"https:\/\/matrend.hu\/maitrend\/?p=4488\">read more<span class=\"gridview-sr-only\"> Itt a kalkul\u00e1tor a pontos novemberi nyugd\u00edjr\u00f3l!<\/span><\/a><\/span><\/p>\n","protected":false},"author":1,"featured_media":4489,"comment_status":"open","ping_status":"open","sticky":false,"template":"","format":"standard","meta":{"footnotes":""},"categories":[1],"tags":[],"class_list":["post-4488","post","type-post","status-publish","format-standard","has-post-thumbnail","hentry","category-egyeb","wpcat-1-id"],"_links":{"self":[{"href":"https:\/\/matrend.hu\/maitrend\/index.php?rest_route=\/wp\/v2\/posts\/4488","targetHints":{"allow":["GET"]}}],"collection":[{"href":"https:\/\/matrend.hu\/maitrend\/index.php?rest_route=\/wp\/v2\/posts"}],"about":[{"href":"https:\/\/matrend.hu\/maitrend\/index.php?rest_route=\/wp\/v2\/types\/post"}],"author":[{"embeddable":true,"href":"https:\/\/matrend.hu\/maitrend\/index.php?rest_route=\/wp\/v2\/users\/1"}],"replies":[{"embeddable":true,"href":"https:\/\/matrend.hu\/maitrend\/index.php?rest_route=%2Fwp%2Fv2%2Fcomments&post=4488"}],"version-history":[{"count":3,"href":"https:\/\/matrend.hu\/maitrend\/index.php?rest_route=\/wp\/v2\/posts\/4488\/revisions"}],"predecessor-version":[{"id":4492,"href":"https:\/\/matrend.hu\/maitrend\/index.php?rest_route=\/wp\/v2\/posts\/4488\/revisions\/4492"}],"wp:featuredmedia":[{"embeddable":true,"href":"https:\/\/matrend.hu\/maitrend\/index.php?rest_route=\/wp\/v2\/media\/4489"}],"wp:attachment":[{"href":"https:\/\/matrend.hu\/maitrend\/index.php?rest_route=%2Fwp%2Fv2%2Fmedia&parent=4488"}],"wp:term":[{"taxonomy":"category","embeddable":true,"href":"https:\/\/matrend.hu\/maitrend\/index.php?rest_route=%2Fwp%2Fv2%2Fcategories&post=4488"},{"taxonomy":"post_tag","embeddable":true,"href":"https:\/\/matrend.hu\/maitrend\/index.php?rest_route=%2Fwp%2Fv2%2Ftags&post=4488"}],"curies":[{"name":"wp","href":"https:\/\/api.w.org\/{rel}","templated":true}]}}