{"id":4496,"date":"2025-10-19T13:53:13","date_gmt":"2025-10-19T11:53:13","guid":{"rendered":"https:\/\/matrend.hu\/maitrend\/?p=4496"},"modified":"2025-10-19T13:53:13","modified_gmt":"2025-10-19T11:53:13","slug":"sulyos-tragedia-tortent-a-hazassag-elso-latasra-szereplojevel","status":"publish","type":"post","link":"https:\/\/matrend.hu\/maitrend\/?p=4496","title":{"rendered":"S\u00falyos Trag\u00e9dia t\u00f6rt\u00e9nt a H\u00e1zass\u00e1g els\u0151 l\u00e1t\u00e1sra szerepl\u0151j\u00e9vel!"},"content":{"rendered":"<h3>Sajnos hasonl\u00f3k\u00e9ppen j\u00e1rt K\u00e1rmen is, mint Viki. \u201e\u00c9s magunkat hib\u00e1ztatjuk folyamatosan, pedig nem mi vagyunk a hib\u00e1sak. \u00c9s ha b\u00e1rki \u00e1ld0za\/t\u00e1 v\u00e1lik, sz\u00f3ljon. Sz\u00f3ljon \u00e9s k\u00e9rjen seg\u00edts\u00e9get, amint tud. Mert b0rz-almas ezekkel \u00e9veket egy\u00fctt \u00e9lni, \u00e9s nem sz\u00f3lni r\u00f3la. \u00c9s feldolgozni ezeket nagyon neh\u00e9z \u00e9s hosszadalmas lesz. \u00c9n ezzel \u00e9veket j\u00e1rtam pszichol\u00f3gushoz, \u00e9s ezzel mindig foglalkozni kell.\u201d &#8211; \u00edrta k\u00f6z\u00f6ss\u00e9gi oldal\u00e1n K\u00e1rmen.<\/h3>\n<p>VIA IG<\/p>\n<p>&#8211;<\/p>\n<p>Egy \u00e9vtizeddel vagy m\u00e9g r\u00e9gebben itt volt a mainstream aut\u00f3gy\u00e1rt\u00f3knak a legt\u00f6bb dolguk a befutott \u201epr\u00e9mium\u201d riv\u00e1lisokkal szemben, \u00e9s ma m\u00e1r nyilv\u00e1nval\u00f3, hogy itt akadt siker\u00fck. A Peugeot 508 bels\u0151 kialak\u00edt\u00e1sa \u00f6sszess\u00e9g\u00e9ben leny\u0171g\u00f6z\u0151.<\/p>\n<p>A m\u0171anyagok kicsit jobban n\u00e9znek ki, mint amilyennek \u00e9rz\u0151dnek, de ha elt\u00e1vol\u00edtan\u00e1nk az \u00f6sszes m\u00e1rkajelz\u00e9st, k\u00e9telked\u00fcnk benne, hogy els\u0151 pillant\u00e1sra meg tudn\u00e1nk \u00e1llap\u00edtani, hogy az utast\u00e9r egy \u201epr\u00e9mium\u201d m\u00e1rk\u00e1t\u00f3l vagy egy felt\u00f6rekv\u0151, nagyszab\u00e1s\u00fa modellt\u0151l sz\u00e1rmazik-e. Felt\u00e9ve, hogy a Peugeot i-Cockpit elrendez\u00e9se, amelyhez a modell ragaszkodik, nem \u00e1rulta el ezt.<br \/>\nA m\u00f6g\u00f6tte \u00e1ll\u00f3 gondolkod\u00e1sm\u00f3d a megszokott maradt. Van egy kicsi \u2013 meglehet\u0151sen sz\u00f6gletes \u2013 korm\u00e1nyker\u00e9k, er\u0151sen r\u00e1seg\u00edtett fogasl\u00e9ccel, \u00e9s az \u00f6tlet az, hogy a korm\u00e1ny felett, nem pedig azon kereszt\u00fcl n\u00e9zz\u00fck a m\u0171szereket. Ezek a m\u0171szerek ebben az esetben \u00faj gener\u00e1ci\u00f3s digit\u00e1lisak, \u00e9lesebb kijelz\u0151felbont\u00e1ssal \u00e9s valamivel tiszt\u00e1bb, kev\u00e9sb\u00e9 mesterk\u00e9lt kijelz\u00e9si m\u00f3dokkal, mint a facelift el\u0151tti aut\u00f3ban. A f\u0171t\u00e9s \u00e9s a szell\u0151z\u00e9s tov\u00e1bbra is mag\u00e1r\u00f3l a k\u00e9perny\u0151r\u0151l vez\u00e9relhet\u0151, ami kiss\u00e9 bosszant\u00f3; csak most m\u00e1r van egy egyszer\u0171 m\u00f3dja annak, hogy a TomTom navig\u00e1ci\u00f3s t\u00e9rk\u00e9p\u00e9t kib\u0151v\u00edts\u00fck a teljes k\u00e9perny\u0151 kit\u00f6lt\u00e9s\u00e9re, \u00edgy egy kicsit k\u00f6nnyebb k\u00f6vetni. A navig\u00e1ci\u00f3s rendszer megtartott egy-k\u00e9t bosszant\u00f3 automatikus zoom furcsas\u00e1got, k\u00fcl\u00f6n\u00f6sen azok sz\u00e1m\u00e1ra, akik a \u201e2D \u00c9szak Fel\u201d megjelen\u00edt\u00e9si m\u00f3dot r\u00e9szes\u00edtik el\u0151nyben; de elfogadhat\u00f3an haszn\u00e1lhat\u00f3, tiszta \u00e9s r\u00e9szletes. <\/p>\n<p>Az aut\u00f3 EU \u00e1ltal k\u00f6telez\u0151v\u00e9 tett s\u00e1vtart\u00f3 rendszere az infotainment men\u00fckben kapcsolhat\u00f3 ki, nem pedig a saj\u00e1t gombj\u00e1val; de ez el\u00e9g egyszer\u0171en megval\u00f3s\u00edthat\u00f3 a Peugeot \u00e1ltal be\u00e9p\u00edtett okos haszn\u00e1lhat\u00f3s\u00e1gi tr\u00fckknek k\u00f6sz\u00f6nhet\u0151en. B\u00e1rmilyen m\u00f3dban is van a rendszer, h\u00e1rom ujjas megnyom\u00e1ssal visszat\u00e9r a legfels\u0151 szint\u0171 men\u00fcbe. Innen a s\u00e1vtart\u00f3 asszisztens kikapcsol\u00e1sa mind\u00f6ssze n\u00e9h\u00e1ny gombnyom\u00e1sra van (ahogy feltehet\u0151en ugyanez lesz az EU \u00e1ltal el\u0151\u00edrt sebess\u00e9gkorl\u00e1toz\u00e1s-jelz\u0151 hangjelz\u00e9s\u00e9vel is, amelyet a Peugeot v\u00e1rhat\u00f3an 2024 k\u00f6zep\u00e9t\u0151l fog be\u00e9p\u00edteni a modellekbe).<\/p>\n","protected":false},"excerpt":{"rendered":"<p>Sajnos hasonl\u00f3k\u00e9ppen j\u00e1rt K\u00e1rmen is, mint Viki. \u201e\u00c9s magunkat hib\u00e1ztatjuk folyamatosan, pedig nem mi vagyunk a hib\u00e1sak. \u00c9s ha b\u00e1rki&#8230; <span class=\"gridview-grid-post-read-more\"><a href=\"https:\/\/matrend.hu\/maitrend\/?p=4496\">read more<span class=\"gridview-sr-only\"> S\u00falyos Trag\u00e9dia t\u00f6rt\u00e9nt a H\u00e1zass\u00e1g els\u0151 l\u00e1t\u00e1sra szerepl\u0151j\u00e9vel!<\/span><\/a><\/span><\/p>\n","protected":false},"author":1,"featured_media":4497,"comment_status":"open","ping_status":"open","sticky":false,"template":"","format":"standard","meta":{"footnotes":""},"categories":[1],"tags":[],"class_list":["post-4496","post","type-post","status-publish","format-standard","has-post-thumbnail","hentry","category-egyeb","wpcat-1-id"],"_links":{"self":[{"href":"https:\/\/matrend.hu\/maitrend\/index.php?rest_route=\/wp\/v2\/posts\/4496","targetHints":{"allow":["GET"]}}],"collection":[{"href":"https:\/\/matrend.hu\/maitrend\/index.php?rest_route=\/wp\/v2\/posts"}],"about":[{"href":"https:\/\/matrend.hu\/maitrend\/index.php?rest_route=\/wp\/v2\/types\/post"}],"author":[{"embeddable":true,"href":"https:\/\/matrend.hu\/maitrend\/index.php?rest_route=\/wp\/v2\/users\/1"}],"replies":[{"embeddable":true,"href":"https:\/\/matrend.hu\/maitrend\/index.php?rest_route=%2Fwp%2Fv2%2Fcomments&post=4496"}],"version-history":[{"count":1,"href":"https:\/\/matrend.hu\/maitrend\/index.php?rest_route=\/wp\/v2\/posts\/4496\/revisions"}],"predecessor-version":[{"id":4498,"href":"https:\/\/matrend.hu\/maitrend\/index.php?rest_route=\/wp\/v2\/posts\/4496\/revisions\/4498"}],"wp:featuredmedia":[{"embeddable":true,"href":"https:\/\/matrend.hu\/maitrend\/index.php?rest_route=\/wp\/v2\/media\/4497"}],"wp:attachment":[{"href":"https:\/\/matrend.hu\/maitrend\/index.php?rest_route=%2Fwp%2Fv2%2Fmedia&parent=4496"}],"wp:term":[{"taxonomy":"category","embeddable":true,"href":"https:\/\/matrend.hu\/maitrend\/index.php?rest_route=%2Fwp%2Fv2%2Fcategories&post=4496"},{"taxonomy":"post_tag","embeddable":true,"href":"https:\/\/matrend.hu\/maitrend\/index.php?rest_route=%2Fwp%2Fv2%2Ftags&post=4496"}],"curies":[{"name":"wp","href":"https:\/\/api.w.org\/{rel}","templated":true}]}}