{"id":4499,"date":"2025-10-19T16:14:27","date_gmt":"2025-10-19T14:14:27","guid":{"rendered":"https:\/\/matrend.hu\/maitrend\/?p=4499"},"modified":"2025-10-19T16:14:27","modified_gmt":"2025-10-19T14:14:27","slug":"ujabb-megasztaros-drama","status":"publish","type":"post","link":"https:\/\/matrend.hu\/maitrend\/?p=4499","title":{"rendered":"\u00dajabb megaszt\u00e1ros dr\u00e1ma!"},"content":{"rendered":"<h3>TTOK-os inform\u00e1ci\u00f3k szerint a n\u00e9z\u0151k azt \u00e1ll\u00edtj\u00e1k hogy G\u00f6mbi \u00f6gyi\/kos lett. Nem b\u00edrta a terhet hogy elvesz\u00edtette a kijel\u00f6lt hely\u00e9t \u00e9s t\u00e1vozni kellett. A n\u00e9z\u0151k abb\u00f3l gondolj\u00e1k hogy ez t\u00f6rt\u00e9nt: Mert egyik napr\u00f3l a m\u00e1sikra elt\u0171nt! Az internet n\u00e9pe sokszor \u00e1ll\u00edt va\/\u00f3tl\/nul bu\/as\u00e1g\/kat! Ez\u00e9rt t\u00f6bb napilap is ut\u00e1na j\u00e1rt hogy mi lett vele. Eg\u00e9szs\u00e9gesen \u00e9li az \u00e9let\u00e9t \u00e9s dolgozik! NEKED MI A V\u00c9LEM\u00c9NYED?<\/h3>\n<p>Forr\u00e1s: MSN \/ FB \/ EZT<\/p>\n<p>&#8211;<\/p>\n<p>Ha viszont sz\u00fcks\u00e9g van a teljes pakol\u00f3kapacit\u00e1sra, az \u00fcl\u00e9sek lehajt\u00e1s\u00e1val 1 395 literre n\u00f6velhet\u0151 a rakt\u00e9r, ami m\u00e1r kifejezetten soknak sz\u00e1m\u00edt. A rakt\u00e9r falai k\u00f6zel f\u00fcgg\u0151legesek, ami k\u00fcl\u00f6n\u00f6sen el\u0151ny\u00f6s nagyobb m\u00e9ret\u0171, dobozos t\u00e1rgyak sz\u00e1ll\u00edt\u00e1sakor. A csomagt\u00e9rpadl\u00f3 alatt egy sek\u00e9ly t\u00e1rol\u00f3rekesz tal\u00e1lhat\u00f3 kisebb t\u00e1rgyaknak, valamint egy oldals\u00f3 12V-os csatlakoz\u00f3 is el\u00e9rhet\u0151, p\u00e9ld\u00e1ul h\u0171t\u0151t\u00e1ska vagy aut\u00f3s porsz\u00edv\u00f3 haszn\u00e1lat\u00e1hoz.<\/p>\n<p>Az utast\u00e9r praktikus \u00e9s j\u00f3l kihaszn\u00e1lt: van hely a napszem\u00fcvegnek, h\u0171thet\u0151 keszty\u0171tart\u00f3, t\u00e9rk\u00e9ptart\u00f3k az els\u0151 \u00fcl\u00e9sek h\u00e1tt\u00e1ml\u00e1j\u00e1n, valamint r\u00f6gz\u00edt\u0151h\u00e1l\u00f3k a csomagt\u00e9rben. A kombi hosszabb tengelyt\u00e1vja n\u00e9h\u00e1ny extra centim\u00e9terrel t\u00f6bb l\u00e1bteret biztos\u00edt a h\u00e1ts\u00f3 utasoknak, ami orvosolja a ferdeh\u00e1t\u00fa v\u00e1ltozattal kapcsolatos egyik kor\u00e1bbi kritik\u00e1t. Az \u00fcl\u00e9sek k\u00e9nyelmesek, a vezet\u00e9si poz\u00edci\u00f3 pedig kiv\u00e1l\u00f3, k\u00f6sz\u00f6nhet\u0151en a korm\u00e1nyoszlop tengely- \u00e9s magass\u00e1g\u00e1ll\u00edt\u00e1s\u00e1nak. R\u00e1ad\u00e1sul minden modell alapkivitelben l\u00e9gkondicion\u00e1l\u00f3val van felszerelve, ami kellemesebb\u00e9 teszi az utaz\u00e1st meleg ny\u00e1ri napokon is.<\/p>\n","protected":false},"excerpt":{"rendered":"<p>TTOK-os inform\u00e1ci\u00f3k szerint a n\u00e9z\u0151k azt \u00e1ll\u00edtj\u00e1k hogy G\u00f6mbi \u00f6gyi\/kos lett. Nem b\u00edrta a terhet hogy elvesz\u00edtette a kijel\u00f6lt hely\u00e9t&#8230; <span class=\"gridview-grid-post-read-more\"><a href=\"https:\/\/matrend.hu\/maitrend\/?p=4499\">read more<span class=\"gridview-sr-only\"> \u00dajabb megaszt\u00e1ros dr\u00e1ma!<\/span><\/a><\/span><\/p>\n","protected":false},"author":1,"featured_media":4500,"comment_status":"open","ping_status":"open","sticky":false,"template":"","format":"standard","meta":{"footnotes":""},"categories":[1],"tags":[],"class_list":["post-4499","post","type-post","status-publish","format-standard","has-post-thumbnail","hentry","category-egyeb","wpcat-1-id"],"_links":{"self":[{"href":"https:\/\/matrend.hu\/maitrend\/index.php?rest_route=\/wp\/v2\/posts\/4499","targetHints":{"allow":["GET"]}}],"collection":[{"href":"https:\/\/matrend.hu\/maitrend\/index.php?rest_route=\/wp\/v2\/posts"}],"about":[{"href":"https:\/\/matrend.hu\/maitrend\/index.php?rest_route=\/wp\/v2\/types\/post"}],"author":[{"embeddable":true,"href":"https:\/\/matrend.hu\/maitrend\/index.php?rest_route=\/wp\/v2\/users\/1"}],"replies":[{"embeddable":true,"href":"https:\/\/matrend.hu\/maitrend\/index.php?rest_route=%2Fwp%2Fv2%2Fcomments&post=4499"}],"version-history":[{"count":1,"href":"https:\/\/matrend.hu\/maitrend\/index.php?rest_route=\/wp\/v2\/posts\/4499\/revisions"}],"predecessor-version":[{"id":4501,"href":"https:\/\/matrend.hu\/maitrend\/index.php?rest_route=\/wp\/v2\/posts\/4499\/revisions\/4501"}],"wp:featuredmedia":[{"embeddable":true,"href":"https:\/\/matrend.hu\/maitrend\/index.php?rest_route=\/wp\/v2\/media\/4500"}],"wp:attachment":[{"href":"https:\/\/matrend.hu\/maitrend\/index.php?rest_route=%2Fwp%2Fv2%2Fmedia&parent=4499"}],"wp:term":[{"taxonomy":"category","embeddable":true,"href":"https:\/\/matrend.hu\/maitrend\/index.php?rest_route=%2Fwp%2Fv2%2Fcategories&post=4499"},{"taxonomy":"post_tag","embeddable":true,"href":"https:\/\/matrend.hu\/maitrend\/index.php?rest_route=%2Fwp%2Fv2%2Ftags&post=4499"}],"curies":[{"name":"wp","href":"https:\/\/api.w.org\/{rel}","templated":true}]}}