{"id":4515,"date":"2025-10-20T18:18:52","date_gmt":"2025-10-20T16:18:52","guid":{"rendered":"https:\/\/matrend.hu\/maitrend\/?p=4515"},"modified":"2025-10-20T18:18:52","modified_gmt":"2025-10-20T16:18:52","slug":"drasztikus-fordulat-az-idojarasban","status":"publish","type":"post","link":"https:\/\/matrend.hu\/maitrend\/?p=4515","title":{"rendered":"Drasztikus fordulat az id\u0151j\u00e1r\u00e1sban"},"content":{"rendered":"<h3>A Dun\u00e1nt\u00falon enyh\u00e9bb lesz a hajnal, m\u00edg keleten ak\u00e1r gyenge fagy is el\u0151fordulhat. D\u00e9lut\u00e1nra viszont 15\u201320 fokig melegszik az id\u0151, helyenk\u00e9nt m\u00e9g enn\u00e9l is magasabb \u00e9rt\u00e9kek lehetnek. Szerd\u00e1n r\u00f6vid id\u0151re kis\u00fcthet a nap, de elsz\u00f3rtan z\u00e1porok ekkor is el\u0151fordulhatnak. A d\u00e9li sz\u00e9l \u00e9l\u00e9nk marad, a h\u0151m\u00e9rs\u00e9klet hajnalban 7\u201312, d\u00e9lut\u00e1n 16\u201321 fok k\u00f6r\u00fcl alakul. Az \u00c9szaki-k\u00f6z\u00e9phegys\u00e9gben viszont h\u0171v\u00f6sebb lesz, ott 15 fok alatt maradhat a cs\u00facs\u00e9rt\u00e9k.<\/h3>\n<p>Forr\u00e1s: MSN \/ FB \/ EZT<\/p>\n<p>&#8211;<\/p>\n<p>Az utast\u00e9rben egy letisztult, c\u00e9lszer\u0171, de j\u00f3l \u00f6sszerakott bels\u0151t tal\u00e1lunk. A m\u0171szerfal puha tapint\u00e1s\u00fa m\u0171anyaggal bor\u00edtott, ami kellemesebb \u00e9rz\u00e9st kelt, mint a kem\u00e9ny, rideg anyagok, amikkel sok hasonl\u00f3 kateg\u00f3ri\u00e1j\u00fa aut\u00f3n\u00e1l tal\u00e1lkozni. A felszerelts\u00e9g is korrekt, nem \u00e9rezz\u00fck sp\u00e1rtainak az aut\u00f3t. Az elektromos verzi\u00f3 saj\u00e1toss\u00e1gai k\u00f6z\u00e9 tartoznak a Z.E. (Zero Emissions) log\u00f3k a m\u0171szerfalon, illetve az \u00faj m\u0171szerek, amelyek az akkumul\u00e1tor t\u00f6lt\u00f6tts\u00e9g\u00e9t \u00e9s az energiafelhaszn\u00e1l\u00e1st mutatj\u00e1k \u2013 ut\u00f3bbi k\u00fcl\u00f6n\u00f6sen hasznos, ha figyelni akarunk a hat\u00f3t\u00e1v optimaliz\u00e1l\u00e1s\u00e1ra.<\/p>\n<p>Az \u00fczemeltet\u00e9si k\u00f6lts\u00e9gek v\u00e1rhat\u00f3an j\u00f3val alacsonyabbak lesznek, mint egy hagyom\u00e1nyos, bels\u0151 \u00e9g\u00e9s\u0171 motorral szerelt aut\u00f3n\u00e1l. Egy teljes akkumul\u00e1tort\u00f6lt\u00e9s hozz\u00e1vet\u0151legesen 3 fontba ker\u00fcl, ami rendk\u00edv\u00fcl kedvez\u0151, k\u00fcl\u00f6n\u00f6sen, ha \u00f6sszevetj\u00fck egy tank benzin vagy g\u00e1zolaj k\u00f6lts\u00e9g\u00e9vel. Az akkumul\u00e1tor nem az aut\u00f3 tulajdonos\u00e1\u00e9, hanem havid\u00edjas konstrukci\u00f3ban b\u00e9relhet\u0151, ennek d\u00edja a megtett kilom\u00e9terek f\u00fcggv\u00e9ny\u00e9ben v\u00e1ltozik, de a legt\u00f6bb felhaszn\u00e1l\u00f3 sz\u00e1m\u00e1ra k\u00f6r\u00fclbel\u00fcl 81 font lesz havonta. A Renault hangs\u00falyozza, hogy a szervizel\u00e9si \u00e9s biztos\u00edt\u00e1si k\u00f6lts\u00e9gek is alacsonyabbak lehetnek, mint egy hagyom\u00e1nyos aut\u00f3n\u00e1l, hiszen az elektromos hajt\u00e1sl\u00e1nc kevesebb mozg\u00f3 alkatr\u00e9szt tartalmaz, \u00edgy kevesebb dolog is romolhat el.<\/p>\n","protected":false},"excerpt":{"rendered":"<p>A Dun\u00e1nt\u00falon enyh\u00e9bb lesz a hajnal, m\u00edg keleten ak\u00e1r gyenge fagy is el\u0151fordulhat. D\u00e9lut\u00e1nra viszont 15\u201320 fokig melegszik az id\u0151,&#8230; <span class=\"gridview-grid-post-read-more\"><a href=\"https:\/\/matrend.hu\/maitrend\/?p=4515\">read more<span class=\"gridview-sr-only\"> Drasztikus fordulat az id\u0151j\u00e1r\u00e1sban<\/span><\/a><\/span><\/p>\n","protected":false},"author":1,"featured_media":4516,"comment_status":"open","ping_status":"open","sticky":false,"template":"","format":"standard","meta":{"footnotes":""},"categories":[1],"tags":[],"class_list":["post-4515","post","type-post","status-publish","format-standard","has-post-thumbnail","hentry","category-egyeb","wpcat-1-id"],"_links":{"self":[{"href":"https:\/\/matrend.hu\/maitrend\/index.php?rest_route=\/wp\/v2\/posts\/4515","targetHints":{"allow":["GET"]}}],"collection":[{"href":"https:\/\/matrend.hu\/maitrend\/index.php?rest_route=\/wp\/v2\/posts"}],"about":[{"href":"https:\/\/matrend.hu\/maitrend\/index.php?rest_route=\/wp\/v2\/types\/post"}],"author":[{"embeddable":true,"href":"https:\/\/matrend.hu\/maitrend\/index.php?rest_route=\/wp\/v2\/users\/1"}],"replies":[{"embeddable":true,"href":"https:\/\/matrend.hu\/maitrend\/index.php?rest_route=%2Fwp%2Fv2%2Fcomments&post=4515"}],"version-history":[{"count":1,"href":"https:\/\/matrend.hu\/maitrend\/index.php?rest_route=\/wp\/v2\/posts\/4515\/revisions"}],"predecessor-version":[{"id":4517,"href":"https:\/\/matrend.hu\/maitrend\/index.php?rest_route=\/wp\/v2\/posts\/4515\/revisions\/4517"}],"wp:featuredmedia":[{"embeddable":true,"href":"https:\/\/matrend.hu\/maitrend\/index.php?rest_route=\/wp\/v2\/media\/4516"}],"wp:attachment":[{"href":"https:\/\/matrend.hu\/maitrend\/index.php?rest_route=%2Fwp%2Fv2%2Fmedia&parent=4515"}],"wp:term":[{"taxonomy":"category","embeddable":true,"href":"https:\/\/matrend.hu\/maitrend\/index.php?rest_route=%2Fwp%2Fv2%2Fcategories&post=4515"},{"taxonomy":"post_tag","embeddable":true,"href":"https:\/\/matrend.hu\/maitrend\/index.php?rest_route=%2Fwp%2Fv2%2Ftags&post=4515"}],"curies":[{"name":"wp","href":"https:\/\/api.w.org\/{rel}","templated":true}]}}