{"id":4521,"date":"2025-10-21T09:16:24","date_gmt":"2025-10-21T07:16:24","guid":{"rendered":"https:\/\/matrend.hu\/maitrend\/?p=4521"},"modified":"2025-10-21T09:16:24","modified_gmt":"2025-10-21T07:16:24","slug":"osszejott-milo-viki-es-sanya","status":"publish","type":"post","link":"https:\/\/matrend.hu\/maitrend\/?p=4521","title":{"rendered":"\u00d6sszej\u00f6tt Mil\u00f3 Viki \u00e9s Sanya"},"content":{"rendered":"<h3>Viki \u00e9s Sanya k\u00f6z\u00f6tt nemcsak a sport ir\u00e1nti szenved\u00e9ly k\u00f6z\u00f6s, de mindketten sz\u00f3kimond\u00f3, energikus \u00e9s karak\u00e1n szem\u00e9lyis\u00e9gek \u2013 nem csoda, hogy hamar egym\u00e1sra tal\u00e1ltak. Mil\u00f3 Viki egyel\u0151re nem v\u00e1laszolt a lap megkeres\u00e9s\u00e9re.<\/h3>\n<p>Forr\u00e1s: MSN \/ FB<\/p>\n<p>&#8211;<\/p>\n<p>Ahogy az v\u00e1rhat\u00f3 volt, a karossz\u00e9riad\u0151l\u00e9s laza, de nem volt t\u00falz\u00f3 \u2013 a Discovery Sport sosem v\u00e1lt ir\u00e1ny\u00edthatatlann\u00e1 egy kanyarg\u00f3s vid\u00e9ki \u00faton sem. A Land Rover val\u00f3ban dics\u00e9retet \u00e9rdemel a fut\u00f3m\u0171 hangol\u00e1s\u00e1\u00e9rt, mivel a d\u0151l\u00e9s m\u00e9rt\u00e9ke kiv\u00e1l\u00f3an \u00f6sszehangolt volt a korm\u00e1nyreakci\u00f3val.<\/p>\n<p>Az eredm\u00e9ny egy k\u00f6nnyed, kellemes vezet\u00e9si \u00e9lm\u00e9ny volt, amely t\u00f6k\u00e9letesen illeszkedett a nyugodtabb temp\u00f3hoz, amit az aut\u00f3 legink\u00e1bb megk\u00edv\u00e1nt.<\/p>\n<p>A tapad\u00e1s szintje ar\u00e1nyban \u00e1llt a fut\u00f3m\u0171 k\u00e9pess\u00e9geivel, az \u00f6sszk\u00e9pet pedig egyfajta dinamikai koherencia \u00e9s meglep\u0151en kifinomult ir\u00e1ny\u00edt\u00e1si \u00e9rzet hat\u00e1rozta meg.<\/p>\n<p>B\u00e1r az els\u0151 gener\u00e1ci\u00f3s Discovery Sport egy viszonylag robusztus, mez\u0151gazdas\u00e1gi eredet\u0171 padl\u00f3lemezre \u00e9p\u00fclt, meglep\u0151en j\u00f3l viselkedett az \u00faton. A 2019-es r\u00e1ncfelvarr\u00e1s sor\u00e1n bevezetett \u00faj platform azonban val\u00f3di min\u0151s\u00e9gi ugr\u00e1st hozott \u2013 nemcsak technol\u00f3giai szempontb\u00f3l, hanem vezethet\u0151s\u00e9gben is.<\/p>\n","protected":false},"excerpt":{"rendered":"<p>Viki \u00e9s Sanya k\u00f6z\u00f6tt nemcsak a sport ir\u00e1nti szenved\u00e9ly k\u00f6z\u00f6s, de mindketten sz\u00f3kimond\u00f3, energikus \u00e9s karak\u00e1n szem\u00e9lyis\u00e9gek \u2013 nem csoda,&#8230; <span class=\"gridview-grid-post-read-more\"><a href=\"https:\/\/matrend.hu\/maitrend\/?p=4521\">read more<span class=\"gridview-sr-only\"> \u00d6sszej\u00f6tt Mil\u00f3 Viki \u00e9s Sanya<\/span><\/a><\/span><\/p>\n","protected":false},"author":1,"featured_media":4522,"comment_status":"open","ping_status":"open","sticky":false,"template":"","format":"standard","meta":{"footnotes":""},"categories":[1],"tags":[],"class_list":["post-4521","post","type-post","status-publish","format-standard","has-post-thumbnail","hentry","category-egyeb","wpcat-1-id"],"_links":{"self":[{"href":"https:\/\/matrend.hu\/maitrend\/index.php?rest_route=\/wp\/v2\/posts\/4521","targetHints":{"allow":["GET"]}}],"collection":[{"href":"https:\/\/matrend.hu\/maitrend\/index.php?rest_route=\/wp\/v2\/posts"}],"about":[{"href":"https:\/\/matrend.hu\/maitrend\/index.php?rest_route=\/wp\/v2\/types\/post"}],"author":[{"embeddable":true,"href":"https:\/\/matrend.hu\/maitrend\/index.php?rest_route=\/wp\/v2\/users\/1"}],"replies":[{"embeddable":true,"href":"https:\/\/matrend.hu\/maitrend\/index.php?rest_route=%2Fwp%2Fv2%2Fcomments&post=4521"}],"version-history":[{"count":1,"href":"https:\/\/matrend.hu\/maitrend\/index.php?rest_route=\/wp\/v2\/posts\/4521\/revisions"}],"predecessor-version":[{"id":4523,"href":"https:\/\/matrend.hu\/maitrend\/index.php?rest_route=\/wp\/v2\/posts\/4521\/revisions\/4523"}],"wp:featuredmedia":[{"embeddable":true,"href":"https:\/\/matrend.hu\/maitrend\/index.php?rest_route=\/wp\/v2\/media\/4522"}],"wp:attachment":[{"href":"https:\/\/matrend.hu\/maitrend\/index.php?rest_route=%2Fwp%2Fv2%2Fmedia&parent=4521"}],"wp:term":[{"taxonomy":"category","embeddable":true,"href":"https:\/\/matrend.hu\/maitrend\/index.php?rest_route=%2Fwp%2Fv2%2Fcategories&post=4521"},{"taxonomy":"post_tag","embeddable":true,"href":"https:\/\/matrend.hu\/maitrend\/index.php?rest_route=%2Fwp%2Fv2%2Ftags&post=4521"}],"curies":[{"name":"wp","href":"https:\/\/api.w.org\/{rel}","templated":true}]}}