{"id":4548,"date":"2025-10-22T15:36:45","date_gmt":"2025-10-22T13:36:45","guid":{"rendered":"https:\/\/matrend.hu\/maitrend\/?p=4548"},"modified":"2025-10-22T15:36:45","modified_gmt":"2025-10-22T13:36:45","slug":"megint-maskor-kerul-adasba-a-hazassag-elso-latasra","status":"publish","type":"post","link":"https:\/\/matrend.hu\/maitrend\/?p=4548","title":{"rendered":"Megint m\u00e1skor ker\u00fcl ad\u00e1sba a H\u00e1zass\u00e1g els\u0151 l\u00e1t\u00e1sra!"},"content":{"rendered":"<h3>A k\u00f6z\u00f6ss\u00e9gi m\u00e9di\u00e1ban elszabadult a rajong\u00f3i \u0151r\u00fclet, \u00e9s a TV2 nem is hagyta ezt v\u00e1lasz n\u00e9lk\u00fcl: rendk\u00edv\u00fcli ad\u00e1ssal k\u00e9sz\u00fcl a n\u00e9z\u0151knek! A csatorna programigazgat\u00f3ja, Fischer G\u00e1bor, az Instagramon jelentette be a nagy h\u00edrt: okt\u00f3ber 23-\u00e1n 18:55-t\u0151l nem egy, hanem r\u00f6gt\u00f6n k\u00e9t epiz\u00f3ddal folytat\u00f3dik a n\u00e9pszer\u0171 reality!<br \/>\nA duplar\u00e9szes k\u00fcl\u00f6nkiad\u00e1sban mindenki kedvencei, Becca \u00e9s Zsolt bimb\u00f3z\u00f3 rom\u00e1nca, valamint Mil\u00f3 Viki \u00e9s f\u00e9rje viharos kapcsolat\u00e1nak \u00fajabb fejezete ker\u00fcl ter\u00edt\u00e9kre.<br \/>\nEzzel a gesztussal a TV2 k\u00f6sz\u00f6netet mond a n\u00e9z\u0151knek az elk\u00e9peszt\u0151 t\u00e1mogat\u00e1s\u00e9rt \u2013 \u00e9s garant\u00e1lja, hogy most senki nem fog tudni elszakadni a k\u00e9perny\u0151t\u0151l!<\/h3>\n<p>VIA femcafe<\/p>\n<p>&#8211;<\/p>\n<p>Menet k\u00f6zben a V90 Cross Country legolcs\u00f3bb mild hibrid benzinmotorja t\u00f6bb mint elegend\u0151 teljes\u00edtm\u00e9nyt \u00e9s j\u00f3 vezethet\u0151s\u00e9get biztos\u00edt. A finomhangol\u00e1s alacsony sebess\u00e9gn\u00e9l kiss\u00e9 hangos, amikor a bels\u0151 \u00e9g\u00e9s\u0171 motor alig hallhat\u00f3an duruzsol, \u00e9s 5000-es fordulatsz\u00e1m feletti er\u0151s p\u00f6rg\u00e9sekn\u00e9l sem t\u00fal csendes. De a legt\u00f6bb utaz\u00f3sebess\u00e9gn\u00e9l tompa h\u00e1tt\u00e9rz\u00fag\u00e1sra csap le, \u00e9s mindig elegend\u0151 nyomat\u00e9kkal rendelkezik ahhoz, hogy motiv\u00e1ljon egy olyan aut\u00f3t, amelyet val\u00f3sz\u00edn\u0171leg semmilyen k\u00f6r\u00fclm\u00e9nyek k\u00f6z\u00f6tt sem vezetn\u00e9l er\u0151sen. Az aut\u00f3 rug\u00f3z\u00e1sa nem mindig t\u00f6k\u00e9letesen elszigetelt \u00e9s nyugodt, de kellemesen lust\u00e1nak \u00e9s lazanak \u00e9rz\u0151dik. Az \u00e9lesebb sz\u00e9lek \u00e9s a keresztir\u00e1ny\u00fa bord\u00e1k kiss\u00e9 izgalomba hozhatj\u00e1k a 19 colos kerekeket. De az, ahogyan ez az aut\u00f3 a legt\u00f6bb \u00faton enyh\u00e9n csoszog, \u00e9s utasai nagyon k\u00e9nyelmesen utaznak, am\u00edg tiszteletben tartjuk a sebess\u00e9get, amellyel egy\u00e9rtelm\u0171en el\u0151nyben r\u00e9szes\u00edti az utaz\u00e1st, csod\u00e1latos \u00e9s \u00fcdv\u00f6zlend\u0151 v\u00e1ltozatoss\u00e1got jelent a modern fels\u0151kateg\u00f3ri\u00e1s aut\u00f3k norm\u00e1j\u00e1hoz k\u00e9pest.<\/p>\n<p>Term\u00e9szetesen a Volvo \u00e1ltal k\u00e9rt \u00e1r\u00e9rt egy dinamikusabb, mag\u00e1val ragad\u00f3bb BMW 5-\u00f6s Touringot is v\u00e1laszthatn\u00e1nk, m\u00e9g ez\u00e9rt az als\u00f3 kateg\u00f3ri\u00e1s V90-es\u00e9rt is, \u00e9s sz\u00e1mos m\u00e1s riv\u00e1lis is k\u00edn\u00e1l \u00f6sszker\u00e9khajt\u00e1st olcs\u00f3bban, ha \u00fagy \u00e9rezz\u00fck, hogy csak erre van sz\u00fcks\u00e9g\u00fcnk. De a V90 Cross Country szuper\u00e9rett \u00e9s laza, klasszikus Volvo karaktere, eleg\u00e1ns megjelen\u00e9ssel burkolva, az, ami vonz\u00f3v\u00e1 teheti azokat a sof\u0151r\u00f6ket, akik szeretnek r\u00e1\u00e9r\u0151sen \u00e9rkezni a mindennapi \u00e9let\u00fckre, \u00e9s mindig felk\u00e9sz\u00fclten \u00e9rkezni.<br \/>\n\u00c9rezve, hogy a Coroll\u00e1val j\u00f3 \u00faton haladunk, m\u00e9g t\u00f6bb modell \u00e9rkezik \u2013 de nem mindegyik az Egyes\u00fclt Kir\u00e1lys\u00e1gba. Sajnos nem juthatunk hozz\u00e1 a kiv\u00e1l\u00f3 Toyota GR Corolla ferdeh\u00e1t\u00fahoz, amit nemr\u00e9g kipr\u00f3b\u00e1ltunk, de ez a Toyota Corolla Cross v\u00e1ltozat tov\u00e1bbra is el\u00e9rhet\u0151, \u00e9s az Egyes\u00fclt Kir\u00e1lys\u00e1gban t\u00f6rt\u00e9n\u0151 bevezet\u00e9sr\u0151l m\u00e9g nem sz\u00fcletett d\u00f6nt\u00e9s.<br \/>\nA Corolla Cross hivatalosan a ferdeh\u00e1t\u00fa modell SUV-v\u00e1ltozatak\u00e9nt van hirdetve. Ez egy glob\u00e1lis modell, amely m\u00e1r k\u00f6zel egy \u00e9ve kaphat\u00f3 egyes piacokon, k\u00f6zt\u00fck az Egyes\u00fclt \u00c1llamokban is. N\u00e9h\u00e1ny eur\u00f3pai orsz\u00e1g m\u00e1r \u00fagy d\u00f6nt\u00f6tt, hogy megv\u00e1s\u00e1rolja, \u00e9s mi is kipr\u00f3b\u00e1ltunk egy eur\u00f3pai specifik\u00e1ci\u00f3j\u00fa verzi\u00f3t D\u00e1ni\u00e1ban, amikor a 2023-as \u00c9v Aut\u00f3ja verseny zs\u0171rij\u00e9ben vett\u00fcnk r\u00e9szt.<\/p>\n","protected":false},"excerpt":{"rendered":"<p>A k\u00f6z\u00f6ss\u00e9gi m\u00e9di\u00e1ban elszabadult a rajong\u00f3i \u0151r\u00fclet, \u00e9s a TV2 nem is hagyta ezt v\u00e1lasz n\u00e9lk\u00fcl: rendk\u00edv\u00fcli ad\u00e1ssal k\u00e9sz\u00fcl a&#8230; <span class=\"gridview-grid-post-read-more\"><a href=\"https:\/\/matrend.hu\/maitrend\/?p=4548\">read more<span class=\"gridview-sr-only\"> Megint m\u00e1skor ker\u00fcl ad\u00e1sba a H\u00e1zass\u00e1g els\u0151 l\u00e1t\u00e1sra!<\/span><\/a><\/span><\/p>\n","protected":false},"author":1,"featured_media":4550,"comment_status":"open","ping_status":"open","sticky":false,"template":"","format":"standard","meta":{"footnotes":""},"categories":[1],"tags":[],"class_list":["post-4548","post","type-post","status-publish","format-standard","has-post-thumbnail","hentry","category-egyeb","wpcat-1-id"],"_links":{"self":[{"href":"https:\/\/matrend.hu\/maitrend\/index.php?rest_route=\/wp\/v2\/posts\/4548","targetHints":{"allow":["GET"]}}],"collection":[{"href":"https:\/\/matrend.hu\/maitrend\/index.php?rest_route=\/wp\/v2\/posts"}],"about":[{"href":"https:\/\/matrend.hu\/maitrend\/index.php?rest_route=\/wp\/v2\/types\/post"}],"author":[{"embeddable":true,"href":"https:\/\/matrend.hu\/maitrend\/index.php?rest_route=\/wp\/v2\/users\/1"}],"replies":[{"embeddable":true,"href":"https:\/\/matrend.hu\/maitrend\/index.php?rest_route=%2Fwp%2Fv2%2Fcomments&post=4548"}],"version-history":[{"count":1,"href":"https:\/\/matrend.hu\/maitrend\/index.php?rest_route=\/wp\/v2\/posts\/4548\/revisions"}],"predecessor-version":[{"id":4551,"href":"https:\/\/matrend.hu\/maitrend\/index.php?rest_route=\/wp\/v2\/posts\/4548\/revisions\/4551"}],"wp:featuredmedia":[{"embeddable":true,"href":"https:\/\/matrend.hu\/maitrend\/index.php?rest_route=\/wp\/v2\/media\/4550"}],"wp:attachment":[{"href":"https:\/\/matrend.hu\/maitrend\/index.php?rest_route=%2Fwp%2Fv2%2Fmedia&parent=4548"}],"wp:term":[{"taxonomy":"category","embeddable":true,"href":"https:\/\/matrend.hu\/maitrend\/index.php?rest_route=%2Fwp%2Fv2%2Fcategories&post=4548"},{"taxonomy":"post_tag","embeddable":true,"href":"https:\/\/matrend.hu\/maitrend\/index.php?rest_route=%2Fwp%2Fv2%2Ftags&post=4548"}],"curies":[{"name":"wp","href":"https:\/\/api.w.org\/{rel}","templated":true}]}}