{"id":4555,"date":"2025-10-22T18:36:50","date_gmt":"2025-10-22T16:36:50","guid":{"rendered":"https:\/\/matrend.hu\/maitrend\/?p=4555"},"modified":"2025-10-22T18:36:50","modified_gmt":"2025-10-22T16:36:50","slug":"milo-viki-dramaja-utana-jartunk","status":"publish","type":"post","link":"https:\/\/matrend.hu\/maitrend\/?p=4555","title":{"rendered":"Mil\u00f3 Viki dr\u00e1m\u00e1ja! Ut\u00e1na j\u00e1rtunk!"},"content":{"rendered":"<h3>B\u00e1r a TTok-vil\u00e1g pletyk\u00e1kkal \u00e9s tal\u00e1lgat\u00e1sokkal van tele, Mil\u00f3 Viki k\u00f6vet\u0151i, akik m\u00e1r r\u00e9g\u00f3ta szoros kapcsolatot \u00e1polnak vele, biztatj\u00e1k, hogy ne hagyja, hogy a k\u00fcls\u0151 nyom\u00e1s meghat\u00e1rozza \u00e9let\u00e9t. &#8222;Te vagy a p\u00e9ldak\u00e9p\u00fcnk, ne hagyd magad!&#8221; &#8211; olvashat\u00f3 a kommentek k\u00f6z\u00f6tt, amelyek igyekeznek er\u0151t adni a fiatal in\/lu\/ncern\/nek. Mil\u00f3 Viki: B\u00e1r a h\u00edrek szerinte &#8222;t\u00falz\u00f3ak&#8221;, elismerte, hogy az elm\u00falt id\u0151szakban val\u00f3ban neh\u00e9z pillanatokat \u00e9lt \u00e1t.<\/h3>\n<p>Forr\u00e1s: MSN \/ FB \/ TTOK<\/p>\n<p>&#8211;<\/p>\n<p>A Nissan Note 2006-ban deb\u00fct\u00e1lt, \u00e9s alapjaiban v\u00e1ltoztatta meg a szuperminik \u00e9s a kompakt MPV-k k\u00f6z\u00f6tti hat\u00e1rvonalat. Az\u00f3ta a vil\u00e1g sz\u00e1mos aut\u00f3gy\u00e1rt\u00f3ja k\u00f6vette ezt a form\u00e1tumot, \u00e9s sikeresen kihaszn\u00e1lta azt a piaci r\u00e9st, amit a Note l\u00e9trehozott. A kis Nissan nemcsak praktikusabb, mint egy alap hatchback, hanem ugyanolyan k\u00f6nnyen vezethet\u0151 is, mind v\u00e1rosban, mind aut\u00f3p\u00e1ly\u00e1n. A mer\u00e9sz formatervez\u00e9s, a t\u00e1gas rakod\u00f3ter\u00fclet \u00e9s a sz\u00e1mos innovat\u00edv megold\u00e1s mind hozz\u00e1j\u00e1rulnak ahhoz, hogy a Note vonz\u00f3 v\u00e1laszt\u00e1s legyen a v\u00e1s\u00e1rl\u00f3k sz\u00e1m\u00e1ra.<\/p>\n<p>A Nissan Note c\u00e9lj\u00e1nak megfelel\u0151en egy meglep\u0151en \u00e9lvezetes aut\u00f3 a vezet\u00e9s szempontj\u00e1b\u00f3l. V\u00e1rosban k\u00f6nnyen parkolhat\u00f3, k\u00f6sz\u00f6nhet\u0151en a k\u00f6nny\u0171 korm\u00e1nym\u0171nek \u00e9s a kiemelked\u0151 f\u00e9nysz\u00f3r\u00f3knak, amelyek seg\u00edtenek abban, hogy pontosan l\u00e1ssuk, hol tal\u00e1lhat\u00f3ak az aut\u00f3 sarkai. Az aut\u00f3 vezet\u00e9se sz\u0171kebb helyeken is k\u00f6nnyed\u00e9n kezelhet\u0151, \u00e9s a kis m\u00e9ret\u00e9nek k\u00f6sz\u00f6nhet\u0151en nem okoz probl\u00e9m\u00e1t a parkol\u00e1s. Ny\u00edlt \u00faton pedig m\u00e1r \u00e9rezhet\u0151, hogy a korm\u00e1nyer\u0151 valamivel megn\u00f6vekszik, ami nagyobb sebess\u00e9gn\u00e9l biztos\u00edtja a stabilit\u00e1st \u00e9s a megb\u00edzhat\u00f3s\u00e1g \u00e9rz\u00e9s\u00e9t. Az aut\u00f3 rendk\u00edv\u00fcl j\u00f3l tartja mag\u00e1t aut\u00f3p\u00e1lya sebess\u00e9geken is, \u00edgy nyugodtan lehet vele hosszabb t\u00e1vokat is megtenni.<\/p>\n","protected":false},"excerpt":{"rendered":"<p>B\u00e1r a TTok-vil\u00e1g pletyk\u00e1kkal \u00e9s tal\u00e1lgat\u00e1sokkal van tele, Mil\u00f3 Viki k\u00f6vet\u0151i, akik m\u00e1r r\u00e9g\u00f3ta szoros kapcsolatot \u00e1polnak vele, biztatj\u00e1k, hogy&#8230; <span class=\"gridview-grid-post-read-more\"><a href=\"https:\/\/matrend.hu\/maitrend\/?p=4555\">read more<span class=\"gridview-sr-only\"> Mil\u00f3 Viki dr\u00e1m\u00e1ja! Ut\u00e1na j\u00e1rtunk!<\/span><\/a><\/span><\/p>\n","protected":false},"author":1,"featured_media":4556,"comment_status":"open","ping_status":"open","sticky":false,"template":"","format":"standard","meta":{"footnotes":""},"categories":[1],"tags":[],"class_list":["post-4555","post","type-post","status-publish","format-standard","has-post-thumbnail","hentry","category-egyeb","wpcat-1-id"],"_links":{"self":[{"href":"https:\/\/matrend.hu\/maitrend\/index.php?rest_route=\/wp\/v2\/posts\/4555","targetHints":{"allow":["GET"]}}],"collection":[{"href":"https:\/\/matrend.hu\/maitrend\/index.php?rest_route=\/wp\/v2\/posts"}],"about":[{"href":"https:\/\/matrend.hu\/maitrend\/index.php?rest_route=\/wp\/v2\/types\/post"}],"author":[{"embeddable":true,"href":"https:\/\/matrend.hu\/maitrend\/index.php?rest_route=\/wp\/v2\/users\/1"}],"replies":[{"embeddable":true,"href":"https:\/\/matrend.hu\/maitrend\/index.php?rest_route=%2Fwp%2Fv2%2Fcomments&post=4555"}],"version-history":[{"count":1,"href":"https:\/\/matrend.hu\/maitrend\/index.php?rest_route=\/wp\/v2\/posts\/4555\/revisions"}],"predecessor-version":[{"id":4557,"href":"https:\/\/matrend.hu\/maitrend\/index.php?rest_route=\/wp\/v2\/posts\/4555\/revisions\/4557"}],"wp:featuredmedia":[{"embeddable":true,"href":"https:\/\/matrend.hu\/maitrend\/index.php?rest_route=\/wp\/v2\/media\/4556"}],"wp:attachment":[{"href":"https:\/\/matrend.hu\/maitrend\/index.php?rest_route=%2Fwp%2Fv2%2Fmedia&parent=4555"}],"wp:term":[{"taxonomy":"category","embeddable":true,"href":"https:\/\/matrend.hu\/maitrend\/index.php?rest_route=%2Fwp%2Fv2%2Fcategories&post=4555"},{"taxonomy":"post_tag","embeddable":true,"href":"https:\/\/matrend.hu\/maitrend\/index.php?rest_route=%2Fwp%2Fv2%2Ftags&post=4555"}],"curies":[{"name":"wp","href":"https:\/\/api.w.org\/{rel}","templated":true}]}}