{"id":4558,"date":"2025-10-23T15:20:52","date_gmt":"2025-10-23T13:20:52","guid":{"rendered":"https:\/\/matrend.hu\/maitrend\/?p=4558"},"modified":"2025-10-23T15:20:52","modified_gmt":"2025-10-23T13:20:52","slug":"hatalmas-balhe-volt-erre-senki-nem-szamitott","status":"publish","type":"post","link":"https:\/\/matrend.hu\/maitrend\/?p=4558","title":{"rendered":"Hatalmas balh\u00e9 volt erre senki nem sz\u00e1m\u00edtott!"},"content":{"rendered":"<h3>Orb\u00e1n v\u00e9gezet\u00fcl sz\u00e1nt n\u00e9h\u00e1ny gondolatot ellenfel\u00e9re, MAgyar P\u00e9terre is: &#8222;Magyarorsz\u00e1g a br\/ssz\/li h\/bo\/\u00fas usz\/t\u00f3k \u00fatj\u00e1ban \u00e1ll. &#8217;56-ban tan\/ok\/al j\u00f6ttek, ma p\u00e9nz\u00fcgyi sza\/kci\/kkal. Ahogy akkor megtal\u00e1lt\u00e1k a maguk pufajk\u00e1sait, ma is megvannak a br\/ssz\/li mesterterv s\/im f\/t szek\u00e9rtol\u00f3i.&#8221;<\/h3>\n<p>Forr\u00e1s: MSN \/ FB \/ MHZA<\/p>\n<p>&#8211;<\/p>\n<p>A biztons\u00e1g ter\u00e9n a Wind alapj\u00e1t ad\u00f3 Renault Twingo nem teljes\u00edtett valami j\u00f3l a t\u00f6r\u00e9steszteken, de a Renaultsport m\u00e9rn\u00f6kei \u2013 akik a Wind fejleszt\u00e9s\u00e9\u00e9rt is felel\u0151sek voltak \u2013 sok id\u0151t \u00e9s energi\u00e1t fektettek abba, hogy az \u00faj modell szerkezeti meger\u0151s\u00edt\u00e9seket kapjon. Olyan kulcster\u00fcleteken er\u0151s\u00edtett\u00e9k meg a karossz\u00e9ri\u00e1t, mint az ajt\u00f3k \u00e9s a tet\u0151vonal, \u00edgy egy esetleges baleset eset\u00e9n a Wind v\u00e1rhat\u00f3an jobban teljes\u00edt, mint az alapj\u00e1ul szolg\u00e1l\u00f3 Twingo. A biztons\u00e1gi felszerelts\u00e9g r\u00e9sze a k\u00e9t els\u0151 \u00e9s k\u00e9t oldall\u00e9gzs\u00e1k, az elektronikus menetstabiliz\u00e1l\u00f3 (ESC), a motorind\u00edt\u00e1sg\u00e1tl\u00f3 \u00e9s a k\u00f6zponti z\u00e1r dupla reteszel\u00e9ssel (deadlock).<\/p>\n<p>A megb\u00edzhat\u00f3s\u00e1g tekintet\u00e9ben a Renault az ut\u00f3bbi \u00e9vekben sokat jav\u00edtott a h\u00edrnev\u00e9n, \u00e9s a Wind is ennek a fejl\u0151d\u00e9snek a r\u00e9sze. B\u00e1r a bels\u0151 t\u00e9r anyagmin\u0151s\u00e9ge n\u00e9mileg csal\u00f3d\u00e1st okozhat, a mechanikai megb\u00edzhat\u00f3s\u00e1g ter\u00e9n eddig nem jelentkeztek probl\u00e9m\u00e1k. A k\u00e9t el\u00e9rhet\u0151 motor \u2013 amelyek a Renault m\u00e1s modelljeiben is j\u00f3l bev\u00e1ltak \u2013 szint\u00e9n megb\u00edzhat\u00f3 konstrukci\u00f3, \u00edgy v\u00e1rhat\u00f3an hossz\u00fa t\u00e1von sem okoz gondot a karbantart\u00e1suk.<\/p>\n","protected":false},"excerpt":{"rendered":"<p>Orb\u00e1n v\u00e9gezet\u00fcl sz\u00e1nt n\u00e9h\u00e1ny gondolatot ellenfel\u00e9re, MAgyar P\u00e9terre is: &#8222;Magyarorsz\u00e1g a br\/ssz\/li h\/bo\/\u00fas usz\/t\u00f3k \u00fatj\u00e1ban \u00e1ll. &#8217;56-ban tan\/ok\/al j\u00f6ttek, ma&#8230; <span class=\"gridview-grid-post-read-more\"><a href=\"https:\/\/matrend.hu\/maitrend\/?p=4558\">read more<span class=\"gridview-sr-only\"> Hatalmas balh\u00e9 volt erre senki nem sz\u00e1m\u00edtott!<\/span><\/a><\/span><\/p>\n","protected":false},"author":1,"featured_media":4559,"comment_status":"open","ping_status":"open","sticky":false,"template":"","format":"standard","meta":{"footnotes":""},"categories":[1],"tags":[],"class_list":["post-4558","post","type-post","status-publish","format-standard","has-post-thumbnail","hentry","category-egyeb","wpcat-1-id"],"_links":{"self":[{"href":"https:\/\/matrend.hu\/maitrend\/index.php?rest_route=\/wp\/v2\/posts\/4558","targetHints":{"allow":["GET"]}}],"collection":[{"href":"https:\/\/matrend.hu\/maitrend\/index.php?rest_route=\/wp\/v2\/posts"}],"about":[{"href":"https:\/\/matrend.hu\/maitrend\/index.php?rest_route=\/wp\/v2\/types\/post"}],"author":[{"embeddable":true,"href":"https:\/\/matrend.hu\/maitrend\/index.php?rest_route=\/wp\/v2\/users\/1"}],"replies":[{"embeddable":true,"href":"https:\/\/matrend.hu\/maitrend\/index.php?rest_route=%2Fwp%2Fv2%2Fcomments&post=4558"}],"version-history":[{"count":1,"href":"https:\/\/matrend.hu\/maitrend\/index.php?rest_route=\/wp\/v2\/posts\/4558\/revisions"}],"predecessor-version":[{"id":4561,"href":"https:\/\/matrend.hu\/maitrend\/index.php?rest_route=\/wp\/v2\/posts\/4558\/revisions\/4561"}],"wp:featuredmedia":[{"embeddable":true,"href":"https:\/\/matrend.hu\/maitrend\/index.php?rest_route=\/wp\/v2\/media\/4559"}],"wp:attachment":[{"href":"https:\/\/matrend.hu\/maitrend\/index.php?rest_route=%2Fwp%2Fv2%2Fmedia&parent=4558"}],"wp:term":[{"taxonomy":"category","embeddable":true,"href":"https:\/\/matrend.hu\/maitrend\/index.php?rest_route=%2Fwp%2Fv2%2Fcategories&post=4558"},{"taxonomy":"post_tag","embeddable":true,"href":"https:\/\/matrend.hu\/maitrend\/index.php?rest_route=%2Fwp%2Fv2%2Ftags&post=4558"}],"curies":[{"name":"wp","href":"https:\/\/api.w.org\/{rel}","templated":true}]}}