{"id":4560,"date":"2025-10-23T15:24:33","date_gmt":"2025-10-23T13:24:33","guid":{"rendered":"https:\/\/matrend.hu\/maitrend\/?p=4560"},"modified":"2025-10-23T15:24:33","modified_gmt":"2025-10-23T13:24:33","slug":"oriasi-csalas-a-hazassag-elso-latasaban","status":"publish","type":"post","link":"https:\/\/matrend.hu\/maitrend\/?p=4560","title":{"rendered":"\u00d3ri\u00e1si csal\u00e1s a H\u00e1zass\u00e1g els\u0151 l\u00e1t\u00e1s\u00e1ban!"},"content":{"rendered":"<h3>Egy szemf\u00fcles n\u00e9z\u0151 \u00e9rdekes r\u00e9szletet sz\u00fart ki az egyik epiz\u00f3dban. Mint \u00edrta:<br \/>\n\u201eN\u00e9ztem az ad\u00e1st, \u00e9s felt\u0171nt, hogy a hotel \u00e9tterm\u00e9ben az a pinc\u00e9r, aki az \u00e9tlapot hozta, kor\u00e1bban az egyik esk\u00fcv\u0151n vend\u00e9gk\u00e9nt is szerepelt. El\u00e9g fur\u00e1n hat, hogy ugyanazt az embert t\u00f6bb szerepben is l\u00e1tni.\u201d A megfigyel\u00e9s gyorsan terjedni kezdett a kommentek k\u00f6z\u00f6tt, sokan egyet\u00e9rtettek vele.<br \/>\nA hazai saj\u00e1t gy\u00e1rt\u00e1s\u00fa realityk eset\u00e9ben nem ritka, hogy statiszt\u00e1k, kiseg\u00edt\u0151 szem\u00e9lyzet vagy ak\u00e1r technikai st\u00e1btagok is felbukkannak kisebb szerepekben, hogy kit\u00f6lts\u00e9k a jeleneteket. Ez persze \u00f6nmag\u00e1ban nem felt\u00e9tlen\u00fcl baj, de k\u00e9ts\u00e9gtelen\u00fcl megt\u00f6ri azt az ill\u00fazi\u00f3t, hogy minden pillanat teljesen spont\u00e1n t\u00f6rt\u00e9nik.<br \/>\nTi mit gondoltok \u2013 ez m\u00e9g belef\u00e9r, vagy m\u00e1r t\u00fal sok a \u201eszerepcsere\u201d<\/h3>\n<p>VIA FB  \/ femcafe<\/p>\n<p>&#8211;<\/p>\n<p>Van egy nagyszer\u0171 \u00fat a k\u00f6zelemben, el\u00e9g sok aszfalttal, ami helyenk\u00e9nt kicsit g\u00f6r\u00f6ngy\u00f6ss\u00e9 v\u00e1lik, de a CX-5 ezt higgadtan kezelte. M\u00e9g a gyerekek sem panaszkodtak, amikor elk\u00e9st\u00fcnk az iskol\u00e1b\u00f3l \u00e9s csak d\u00f6c\u00f6gt\u00fcnk tov\u00e1bb, pedig \u00e1ltal\u00e1ban \u0151k a kan\u00e1rik a b\u00e1ny\u00e1ban, ha nincs minden rendben a karossz\u00e9ria korm\u00e1nyozhat\u00f3s\u00e1g\u00e1val.<\/p>\n<p>\u00c9s nem mi voltunk az egyetlenek. Richard Hill olvas\u00f3nk \u00edrt nek\u00fcnk, hogy mennyire tetszett neki a CX-5-\u00f6se (egy 2019-es 2.0 Sport Nav Eternal Blue sz\u00ednben, ugyanolyan sz\u00ednben, mint a mi\u00e9nk), dics\u00e9rve a megb\u00edzhat\u00f3s\u00e1g\u00e1t \u00e9s a gy\u00e1rt\u00e1si min\u0151s\u00e9g\u00e9t. \u00c9rdekes m\u00f3don keresked\u0151i szerviztervet k\u00f6t\u00f6tt \u2013 amivel nem kellett foglalkoznunk, am\u00edg a CX-5-\u00f6s\u00fcnk n\u00e1lunk volt.<\/p>\n<p>Hill havi 20 fontba ker\u00fcl, \u00e9s a helyi m\u00e1rkakeresked\u0151je \u201eremek volt\u201d, ami j\u00f3 h\u00edr az internetes \u00e9rt\u00e9kes\u00edt\u00e9s kor\u00e1ban. Az \u00fczemanyag-fogyaszt\u00e1ssal is el\u00e9gedett, 42 mpg-t siker\u00fclt megengednie a 2,0 literes benzinmotorj\u00e1nak.<\/p>\n<p>Soha nem jutottunk ennek a k\u00f6zel\u00e9be a 2,5-\u00f6s motorunkkal, \u00e9s tov\u00e1bbra is csal\u00f3d\u00e1s, hogy ilyen dr\u00e1ga volt az aut\u00f3 fenntart\u00e1sa. Hill adata aut\u00f3p\u00e1ly\u00e1n 110 km\/h-val t\u00f6rt\u00e9n\u0151 vezet\u00e9sb\u0151l sz\u00e1rmazik, de m\u00e9g az \u00e9n 190 kilom\u00e9teres, teljes eg\u00e9sz\u00e9ben aut\u00f3p\u00e1ly\u00e1n t\u00f6rt\u00e9n\u0151 utam az irod\u00e1ba sor\u00e1n is mind\u00f6ssze 4,4 l\/100 km-es fogyaszt\u00e1st eredm\u00e9nyezett, \u00e9s ez is 110 km\/h-s utaz\u00f3sebess\u00e9gn\u00e9l t\u00f6rt\u00e9nt.<\/p>\n<p>A d\u00edzel manaps\u00e1g lehet az antikrisztus, de egy t\u00f6bb mint 1,5 tonn\u00e1t nyom\u00f3, sz\u00edv\u00f3, benzin\u00fczem\u0171 SUV biztosan nem a megold\u00e1s. A hajt\u00e1sl\u00e1nc az egyetlen mumus a levesben. Sz\u00e1momra \u00f6r\u00f6kre ez marad a CX-5 gyenge l\u00e1ncszeme. A hatfokozat\u00fa automata sebess\u00e9gv\u00e1lt\u00f3 olyan volt, mint egy CVT (\u00fagy t\u0171nik, a DVLA-n\u00e1l valakinek van humor\u00e9rz\u00e9ke, a rendsz\u00e1mt\u00e1bla alapj\u00e1n), mert amikor csak er\u0151re v\u00e1gytam, felp\u00f6rg\u00f6tt 5000-es fordulatsz\u00e1mra, \u00e9s ott \u00e1llt, d\u00fcb\u00f6r\u00f6gve, alig l\u00e1tszott rajta valami, mint egy csapat parlamenti k\u00e9pvisel\u0151.<\/p>\n<p>Egy kor\u00e1bbi besz\u00e1mol\u00f3mban \u00f6sszehasonl\u00edtottam a be\u00e1ll\u00edt\u00e1st Nigel Farage-\u00e9val (sok a mutatv\u00e1ny, de semmi a siker), \u00e9s az\u00f3ta sem lett jobb, annak ellen\u00e9re, hogy a kilom\u00e9terek gy\u0171ltek, \u00e9s be\u00e1llt az id\u0151. Egy besz\u00e1mol\u00f3 erej\u00e9ig kipr\u00f3b\u00e1ltam az els\u0151 gener\u00e1ci\u00f3s CX-5-\u00f6t, \u00e9s a d\u00edzele sokkal kellemesebbnek \u00e9rz\u0151d\u00f6tt. Furcsa, hogy a Mazda ennyi energi\u00e1t fektetett abba, hogy az aut\u00f3 j\u00f3l kezelhet\u0151 legyen, csak hogy azt\u00e1n egy olyan motorral rontsa el, ami nem \u00f6szt\u00f6n\u00f6z a fut\u00f3m\u0171 kihaszn\u00e1l\u00e1s\u00e1ra.<\/p>\n","protected":false},"excerpt":{"rendered":"<p>Egy szemf\u00fcles n\u00e9z\u0151 \u00e9rdekes r\u00e9szletet sz\u00fart ki az egyik epiz\u00f3dban. Mint \u00edrta: \u201eN\u00e9ztem az ad\u00e1st, \u00e9s felt\u0171nt, hogy a hotel&#8230; <span class=\"gridview-grid-post-read-more\"><a href=\"https:\/\/matrend.hu\/maitrend\/?p=4560\">read more<span class=\"gridview-sr-only\"> \u00d3ri\u00e1si csal\u00e1s a H\u00e1zass\u00e1g els\u0151 l\u00e1t\u00e1s\u00e1ban!<\/span><\/a><\/span><\/p>\n","protected":false},"author":1,"featured_media":4562,"comment_status":"open","ping_status":"open","sticky":false,"template":"","format":"standard","meta":{"footnotes":""},"categories":[1],"tags":[],"class_list":["post-4560","post","type-post","status-publish","format-standard","has-post-thumbnail","hentry","category-egyeb","wpcat-1-id"],"_links":{"self":[{"href":"https:\/\/matrend.hu\/maitrend\/index.php?rest_route=\/wp\/v2\/posts\/4560","targetHints":{"allow":["GET"]}}],"collection":[{"href":"https:\/\/matrend.hu\/maitrend\/index.php?rest_route=\/wp\/v2\/posts"}],"about":[{"href":"https:\/\/matrend.hu\/maitrend\/index.php?rest_route=\/wp\/v2\/types\/post"}],"author":[{"embeddable":true,"href":"https:\/\/matrend.hu\/maitrend\/index.php?rest_route=\/wp\/v2\/users\/1"}],"replies":[{"embeddable":true,"href":"https:\/\/matrend.hu\/maitrend\/index.php?rest_route=%2Fwp%2Fv2%2Fcomments&post=4560"}],"version-history":[{"count":1,"href":"https:\/\/matrend.hu\/maitrend\/index.php?rest_route=\/wp\/v2\/posts\/4560\/revisions"}],"predecessor-version":[{"id":4563,"href":"https:\/\/matrend.hu\/maitrend\/index.php?rest_route=\/wp\/v2\/posts\/4560\/revisions\/4563"}],"wp:featuredmedia":[{"embeddable":true,"href":"https:\/\/matrend.hu\/maitrend\/index.php?rest_route=\/wp\/v2\/media\/4562"}],"wp:attachment":[{"href":"https:\/\/matrend.hu\/maitrend\/index.php?rest_route=%2Fwp%2Fv2%2Fmedia&parent=4560"}],"wp:term":[{"taxonomy":"category","embeddable":true,"href":"https:\/\/matrend.hu\/maitrend\/index.php?rest_route=%2Fwp%2Fv2%2Fcategories&post=4560"},{"taxonomy":"post_tag","embeddable":true,"href":"https:\/\/matrend.hu\/maitrend\/index.php?rest_route=%2Fwp%2Fv2%2Ftags&post=4560"}],"curies":[{"name":"wp","href":"https:\/\/api.w.org\/{rel}","templated":true}]}}