{"id":4567,"date":"2025-10-23T16:26:11","date_gmt":"2025-10-23T14:26:11","guid":{"rendered":"https:\/\/matrend.hu\/maitrend\/?p=4567"},"modified":"2025-10-23T16:26:11","modified_gmt":"2025-10-23T14:26:11","slug":"verekedes-tort-ki-a-beke-es-a-nemzeti-menet-kozott","status":"publish","type":"post","link":"https:\/\/matrend.hu\/maitrend\/?p=4567","title":{"rendered":"Vereked\u00e9s t\u00f6rt ki a B\u00e9ke \u00e9s a Nemzeti menet k\u00f6z\u00f6tt!"},"content":{"rendered":"<h3>A biztons\u00e1giak gyorsan k\u00f6zbel\u00e9pett, \u00e9s sz\u00e9tv\u00e1lasztotta a dulakod\u00f3 feleket. Szemtan\u00fak szerint k\u00f6nnyebb s\u00e9r\u00fcl\u00e9sekr\u0151l van sz\u00f3 szerencs\u00e9re, tal\u00e1n a gyors beavatkoz\u00e1snak k\u00f6sz\u00f6nhet\u0151en.<br \/>\nMivel ez a menet v\u00e9ge ut\u00e1n t\u00f6rt\u00e9nt, nincs meger\u0151s\u00edtve az, hogy a k\u00e9t t\u00e1bor csapott volna \u00f6ssze.<\/h3>\n<p>VIA FB\/RDit<\/p>\n<p>&#8211;<\/p>\n<p>A Peugeot leg\u00fajabb gener\u00e1ci\u00f3s infotainment rendszere, az i-Connect, olyan, amellyel nincs m\u00e1s v\u00e1laszt\u00e1sunk, mint k\u00f6zvetlen\u00fcl interakci\u00f3ba l\u00e9pni. Nincs joystick st\u00edlus\u00fa kurzorvez\u00e9rl\u00e9s a korm\u00e1nyon vagy a k\u00f6z\u00e9pkonzolon, \u00e9s b\u00e1r n\u00e9mi hangvez\u00e9rl\u00e9si funkci\u00f3 seg\u00edt, ez azt jelenti, hogy a k\u00e9perny\u0151 nagyon gyorsan koszoss\u00e1 v\u00e1lik a sok piszk\u00e1l\u00e1st\u00f3l \u00e9s p\u00f6ccint\u00e9st\u0151l.<\/p>\n<p>A haszn\u00e1lhat\u00f3s\u00e1got fokozza az alatta elhelyezked\u0151 \u201ei-toggle\u201d gyorsbillenty\u0171k sora, de elveszik a kiny\u00fajtott karunk hely\u00e9t, \u00e9s k\u00f6nnyen v\u00e9letlen\u00fcl is ugorhatunk a men\u00fckbe, ha elfelejtj\u00fck \u0151ket. Funkci\u00f3ikat a vezet\u0151 a megfelel\u0151 \u201egomb\u201d hosszan tart\u00f3 megnyom\u00e1s\u00e1val \u00e9s az aut\u00f3 alkalmaz\u00e1smen\u00fcj\u00e9ben a megfelel\u0151 meger\u0151s\u00edt\u00e9ssel hat\u00e1rozza meg.<\/p>\n<p>A rendszer nem olyan \u00e9rz\u00e9keny, mint n\u00e9melyik; meglehet\u0151sen szigor\u00faan hat\u00e1rozza meg, hogy mely funkci\u00f3k \u00e9rhet\u0151k el vezet\u00e9s k\u00f6zben; \u00e9s figyelmeztet, ha t\u00fal sok\u00e1ig n\u00e9zed, ahelyett, hogy az utat b\u00e1muln\u00e1d. Ez j\u00f3 biztons\u00e1gi funkci\u00f3nak t\u0171nhet, de \u00f6sszess\u00e9g\u00e9ben egy kev\u00e9sb\u00e9 zavar\u00f3 rendszer sokkal jobb lenne. A Peugeot 308 pr\u00e9mium pozicion\u00e1l\u00e1sa abb\u00f3l is l\u00e1tszik, hogy most m\u00e1r csak automata sebess\u00e9gv\u00e1lt\u00f3val szerelt aut\u00f3 egy olyan kateg\u00f3ri\u00e1ban, amelyben a manu\u00e1lis sebess\u00e9gv\u00e1lt\u00f3s modellek m\u00e9g mindig rengeteg elad\u00e1st produk\u00e1lnak. Teh\u00e1t b\u00e1rmelyik 308-ast is v\u00e1lasztja, csak k\u00e9t ped\u00e1lt kap, a legegyszer\u0171bb benzinmotoros v\u00e1ltozatban pedig csak 129 l\u00f3er\u0151t, amit 2022-ben nem neh\u00e9z fel\u00fclm\u00falni ebben a kateg\u00f3ri\u00e1ban.<\/p>\n<p>J\u00f3 munka teh\u00e1t, hogy ez az aut\u00f3 ilyen j\u00f3l kihaszn\u00e1lja a motorj\u00e1t. A t\u00f6bbi, ugyanilyen h\u00e1romhengeres motorral szerelt Stellantis modellhez k\u00e9pest dics\u00e9retesen kifinomult, de emellett val\u00f3ban hasznos mennyis\u00e9g\u0171, k\u00f6nnyen hozz\u00e1f\u00e9rhet\u0151 nyomat\u00e9kot is k\u00edn\u00e1l, sim\u00e1n p\u00f6r\u00f6g magas fordulatsz\u00e1mon, \u00e9s er\u0151s gyors\u00edt\u00e1sok alatt olyan gyorss\u00e1 teszi a 308-ast, amilyennek egy \u00e1tlagos \u00f6tajt\u00f3s ferdeh\u00e1t\u00fanak lennie kell. Egy sz\u00e1raz tesztnapon m\u00e9rt 9,5 m\u00e1sodperces 0-r\u00f3l 100 km\/\u00f3r\u00e1ra gyorsul\u00e1si id\u0151 alapj\u00e1n az aut\u00f3 9,7 m\u00e1sodperces 0-r\u00f3l 100 km\/\u00f3r\u00e1ra gyorsul\u00e1si idej\u00e9t arra lehet k\u00f6vetkeztetni, hogy a Peugeot saj\u00e1t 9,7 m\u00e1sodperces 0-r\u00f3l 100 km\/\u00f3r\u00e1ra vonatkoz\u00f3 \u00e1ll\u00edt\u00e1sa helyt\u00e1ll\u00f3. A felgurul\u00f3 gyorsul\u00e1s nem eg\u00e9szen \u00e9rte el a Peugeot legjobban teljes\u00edt\u0151 riv\u00e1lisainak szintj\u00e9t, de egy mild hibrid Volkswagen Golf 1.5 eTSI mind\u00f6ssze 1,4 m\u00e1sodperccel gyorsabb 48 km\/\u00f3r\u00e1r\u00f3l 112 km\/\u00f3r\u00e1ra v\u00e1ltva, ami val\u00f3sz\u00edn\u0171leg nem sz\u00e1m\u00edt t\u00fal sokat a mindennapi vezet\u00e9s sor\u00e1n.<\/p>\n<p>A 308 nyolcsebess\u00e9ges sebess\u00e9gv\u00e1lt\u00f3j\u00e1nak szorosan egym\u00e1sra helyezett k\u00f6zbens\u0151 \u00e1tt\u00e9telei lehet\u0151v\u00e9 teszik, hogy a gyorsul\u00e1s sor\u00e1n meglehet\u0151sen \u00e9lesen reag\u00e1ljon, \u00e9s egys\u00e1vos utakon is kell\u0151 siets\u00e9ggel el\u0151z. Az aut\u00f3 motorja szeret p\u00f6rgeni, de emellett tisztess\u00e9ges g\u00e1zreakci\u00f3val \u00e9s hasznos k\u00f6z\u00e9ptartom\u00e1ny\u00fa turb\u00f3nyom\u00e1ssal is rendelkezik, amelyet bekapcsolhatsz, ha \u00fagy d\u00f6ntesz, hogy magad v\u00e1lasztasz fokozatokat.<\/p>\n","protected":false},"excerpt":{"rendered":"<p>A biztons\u00e1giak gyorsan k\u00f6zbel\u00e9pett, \u00e9s sz\u00e9tv\u00e1lasztotta a dulakod\u00f3 feleket. Szemtan\u00fak szerint k\u00f6nnyebb s\u00e9r\u00fcl\u00e9sekr\u0151l van sz\u00f3 szerencs\u00e9re, tal\u00e1n a gyors beavatkoz\u00e1snak&#8230; <span class=\"gridview-grid-post-read-more\"><a href=\"https:\/\/matrend.hu\/maitrend\/?p=4567\">read more<span class=\"gridview-sr-only\"> Vereked\u00e9s t\u00f6rt ki a B\u00e9ke \u00e9s a Nemzeti menet k\u00f6z\u00f6tt!<\/span><\/a><\/span><\/p>\n","protected":false},"author":1,"featured_media":4568,"comment_status":"open","ping_status":"open","sticky":false,"template":"","format":"standard","meta":{"footnotes":""},"categories":[1],"tags":[],"class_list":["post-4567","post","type-post","status-publish","format-standard","has-post-thumbnail","hentry","category-egyeb","wpcat-1-id"],"_links":{"self":[{"href":"https:\/\/matrend.hu\/maitrend\/index.php?rest_route=\/wp\/v2\/posts\/4567","targetHints":{"allow":["GET"]}}],"collection":[{"href":"https:\/\/matrend.hu\/maitrend\/index.php?rest_route=\/wp\/v2\/posts"}],"about":[{"href":"https:\/\/matrend.hu\/maitrend\/index.php?rest_route=\/wp\/v2\/types\/post"}],"author":[{"embeddable":true,"href":"https:\/\/matrend.hu\/maitrend\/index.php?rest_route=\/wp\/v2\/users\/1"}],"replies":[{"embeddable":true,"href":"https:\/\/matrend.hu\/maitrend\/index.php?rest_route=%2Fwp%2Fv2%2Fcomments&post=4567"}],"version-history":[{"count":1,"href":"https:\/\/matrend.hu\/maitrend\/index.php?rest_route=\/wp\/v2\/posts\/4567\/revisions"}],"predecessor-version":[{"id":4569,"href":"https:\/\/matrend.hu\/maitrend\/index.php?rest_route=\/wp\/v2\/posts\/4567\/revisions\/4569"}],"wp:featuredmedia":[{"embeddable":true,"href":"https:\/\/matrend.hu\/maitrend\/index.php?rest_route=\/wp\/v2\/media\/4568"}],"wp:attachment":[{"href":"https:\/\/matrend.hu\/maitrend\/index.php?rest_route=%2Fwp%2Fv2%2Fmedia&parent=4567"}],"wp:term":[{"taxonomy":"category","embeddable":true,"href":"https:\/\/matrend.hu\/maitrend\/index.php?rest_route=%2Fwp%2Fv2%2Fcategories&post=4567"},{"taxonomy":"post_tag","embeddable":true,"href":"https:\/\/matrend.hu\/maitrend\/index.php?rest_route=%2Fwp%2Fv2%2Ftags&post=4567"}],"curies":[{"name":"wp","href":"https:\/\/api.w.org\/{rel}","templated":true}]}}