{"id":4573,"date":"2025-10-23T17:19:21","date_gmt":"2025-10-23T15:19:21","guid":{"rendered":"https:\/\/matrend.hu\/maitrend\/?p=4573"},"modified":"2025-10-23T17:19:21","modified_gmt":"2025-10-23T15:19:21","slug":"magyar-peter-rosszul-lett","status":"publish","type":"post","link":"https:\/\/matrend.hu\/maitrend\/?p=4573","title":{"rendered":"Magyar P\u00e9ter rosszul lett"},"content":{"rendered":"<h3>A vi\/e\u00f3t egy szak\u00e9rt\u0151 megvizsg\u00e1lta az eredm\u00e9ny szerint csak me\/te\/s\u00e9g\/s in\/ell\/ge\/ci\/val gener\u00e1lt vi\/e\u00f3\/\u00f3l van sz\u00f3! Az ott l\u00e9v\u0151 n\u00e9p sem sz\u00e1molt be semmilyen rosszull\u00e9tr\u0151l! Ment\u0151t azonban h\u00edvtak hisz minden ilyen rendezv\u00e9nyen a ment\u0151s\u00f6k jelenl\u00e9te k\u00f6telez\u0151!<\/h3>\n<p>Forr\u00e1s: MSN \/ FB \/ TTOK<\/p>\n<p>&#8211;<\/p>\n<p>A h\u00e1ts\u00f3 kerekeket hajt\u00f3 iLoad egy 114 l\u00f3er\u0151s, 2,5 literes turb\u00f3d\u00edzel motorral \u00e9rkezik. Figyelembe v\u00e9ve, hogy \u00f6nmag\u00e1ban az aut\u00f3 s\u00falya m\u00e1r jelent\u0151s, 2171 kg, amit m\u00e9g az utasok vagy a csomagok terhel\u00e9se is n\u00f6vel, sok v\u00e1s\u00e1rl\u00f3 \u00e9rt\u00e9kelni fogja azt az 1000 fontos teljes\u00edtm\u00e9nyn\u00f6vel\u0151 csomagot, amely az i800-as modell\u00e9vel megegyez\u0151, 170 l\u00f3er\u0151s teljes\u00edtm\u00e9nyt biztos\u00edt. Ezt a v\u00e1ltozatot v\u00e1lasztva \u00e9lvezhet\u0151bb vezet\u00e9si \u00e9lm\u00e9nyben lehet r\u00e9sz\u00fcnk, r\u00e1ad\u00e1sul a m\u0171szerfalon elhelyezett v\u00e1lt\u00f3kar is kellemes, hat\u00e1rozott v\u00e1lt\u00e1si \u00e9rzetet ny\u00fajt.<\/p>\n<p>Az iLoadot \u00fczleti felhaszn\u00e1l\u00e1sra sz\u00e1nt v\u00e1s\u00e1rl\u00f3k sz\u00e1m\u00e1ra el\u00e9rhet\u0151 \u00e1ron k\u00edn\u00e1lj\u00e1k, m\u00e1r 12 995 font\u00e9rt, ami igaz\u00e1n kedvez\u0151 \u00e1rnak sz\u00e1m\u00edt egy ilyen teherb\u00edr\u00e1s\u00fa j\u00e1rm\u0171n\u00e9l. Mag\u00e1nv\u00e1s\u00e1rl\u00f3k\u00e9nt viszont \u00e1f\u00e1t kell fizetni, \u00edgy a bel\u00e9p\u0151 szint\u0171 Crew Van modell \u00e1ra 17 934 font, ami k\u00f6r\u00fclbel\u00fcl 2300 fonttal dr\u00e1g\u00e1bb a norm\u00e1l panel van v\u00e1ltozatn\u00e1l. Emellett tov\u00e1bbi 1150 font a teljes\u00edtm\u00e9ny-n\u00f6vel\u0151 csomag \u00e1ra, amely az er\u0151sebb motort mellett k\u00f6nny\u0171f\u00e9m felniket \u00e9s elektronikus menetstabiliz\u00e1l\u00f3t (ESP) is tartalmaz alapfelszerelts\u00e9gk\u00e9nt. Tekintettel az iLoad jelent\u0151s t\u00f6meg\u00e9re, vegyes haszn\u00e1lat sor\u00e1n a fogyaszt\u00e1s val\u00f3sz\u00edn\u0171leg nem fogja meghaladni a 35 m\u00e9rf\u00f6ld\/gallon \u00e9rt\u00e9ket, viszont a karbantart\u00e1s \u00e9s szervizel\u00e9s j\u00f3 \u00e1r-\u00e9rt\u00e9k ar\u00e1nyt k\u00edn\u00e1l.<\/p>\n","protected":false},"excerpt":{"rendered":"<p>A vi\/e\u00f3t egy szak\u00e9rt\u0151 megvizsg\u00e1lta az eredm\u00e9ny szerint csak me\/te\/s\u00e9g\/s in\/ell\/ge\/ci\/val gener\u00e1lt vi\/e\u00f3\/\u00f3l van sz\u00f3! Az ott l\u00e9v\u0151 n\u00e9p sem&#8230; <span class=\"gridview-grid-post-read-more\"><a href=\"https:\/\/matrend.hu\/maitrend\/?p=4573\">read more<span class=\"gridview-sr-only\"> Magyar P\u00e9ter rosszul lett<\/span><\/a><\/span><\/p>\n","protected":false},"author":1,"featured_media":4574,"comment_status":"open","ping_status":"open","sticky":false,"template":"","format":"standard","meta":{"footnotes":""},"categories":[1],"tags":[],"class_list":["post-4573","post","type-post","status-publish","format-standard","has-post-thumbnail","hentry","category-egyeb","wpcat-1-id"],"_links":{"self":[{"href":"https:\/\/matrend.hu\/maitrend\/index.php?rest_route=\/wp\/v2\/posts\/4573","targetHints":{"allow":["GET"]}}],"collection":[{"href":"https:\/\/matrend.hu\/maitrend\/index.php?rest_route=\/wp\/v2\/posts"}],"about":[{"href":"https:\/\/matrend.hu\/maitrend\/index.php?rest_route=\/wp\/v2\/types\/post"}],"author":[{"embeddable":true,"href":"https:\/\/matrend.hu\/maitrend\/index.php?rest_route=\/wp\/v2\/users\/1"}],"replies":[{"embeddable":true,"href":"https:\/\/matrend.hu\/maitrend\/index.php?rest_route=%2Fwp%2Fv2%2Fcomments&post=4573"}],"version-history":[{"count":1,"href":"https:\/\/matrend.hu\/maitrend\/index.php?rest_route=\/wp\/v2\/posts\/4573\/revisions"}],"predecessor-version":[{"id":4575,"href":"https:\/\/matrend.hu\/maitrend\/index.php?rest_route=\/wp\/v2\/posts\/4573\/revisions\/4575"}],"wp:featuredmedia":[{"embeddable":true,"href":"https:\/\/matrend.hu\/maitrend\/index.php?rest_route=\/wp\/v2\/media\/4574"}],"wp:attachment":[{"href":"https:\/\/matrend.hu\/maitrend\/index.php?rest_route=%2Fwp%2Fv2%2Fmedia&parent=4573"}],"wp:term":[{"taxonomy":"category","embeddable":true,"href":"https:\/\/matrend.hu\/maitrend\/index.php?rest_route=%2Fwp%2Fv2%2Fcategories&post=4573"},{"taxonomy":"post_tag","embeddable":true,"href":"https:\/\/matrend.hu\/maitrend\/index.php?rest_route=%2Fwp%2Fv2%2Ftags&post=4573"}],"curies":[{"name":"wp","href":"https:\/\/api.w.org\/{rel}","templated":true}]}}