{"id":4576,"date":"2025-10-24T16:25:30","date_gmt":"2025-10-24T14:25:30","guid":{"rendered":"https:\/\/matrend.hu\/maitrend\/?p=4576"},"modified":"2025-10-24T16:25:30","modified_gmt":"2025-10-24T14:25:30","slug":"itt-a-bejelentes-attila-elvalik-milo-vikitol","status":"publish","type":"post","link":"https:\/\/matrend.hu\/maitrend\/?p=4576","title":{"rendered":"Itt a bejelent\u00e9s: Attila elv\u00e1lik Mil\u00f3 Vikit\u0151l!"},"content":{"rendered":"<h3>Az eszem azt mondta, ezt az eg\u00e9szet abba kellene hagyni, \u00e9s el k\u00e9ne v\u00e1lnom, de a sz\u00edvem azt mondta, hogy adjak m\u00e9g es\u00e9lyt ennek a dolognak, \u00e9s \u00e9n sajnos vagyok olyan buta ember, hogy a sz\u00edvemre hallgassak \u2013 t\u00e1rulkozott ki. A szak\u00edt\u00e1s viszont nem csak benne mer\u00fclt fel, Viki is hasonl\u00f3an gondolkozott. lyen r\u00f6vid id\u0151 alatt sajnos \u00e9n r\u00e1d\u00f6bbentem arra, hogy az Attil\u00e1nak a szem\u00e9lyis\u00e9ge nem az a szem\u00e9lyis\u00e9g, amibe bele tudn\u00e9k szeretni. \u00c9n nem szeretn\u00e9m, hogy tov\u00e1bb b\u00e1ntsuk egym\u00e1st, \u00e9s mint f\u00e9rfi \u00e9s n\u0151, ezt a k\u00f6zt\u00fcnk l\u00e9v\u0151 kapcsolatot el szeretn\u00e9m engedni. &#8211; Mondta Attila, mire Viki visszav\u00e1gott: Szerintem nagyon rossz ir\u00e1nyba ment\u00fcnk el, ahonnan m\u00e1r nincs vissza\u00fat \u2013 Mondta Viki.<\/h3>\n<p>VIA TV2<\/p>\n<p>&#8211;<\/p>\n<p>Bel\u00fclr\u0151l is st\u00edlusos, \u00e9s figyelemre m\u00e9lt\u00f3an gazdagon felszerelt. Kiv\u00e1l\u00f3 9,3 h\u00fcvelykes k\u00f6zponti \u00e9rint\u0151k\u00e9perny\u0151vel \u00e9s szem\u00e9lyre szabhat\u00f3 hangulatvil\u00e1g\u00edt\u00e1ssal rendelkezik (b\u00e1r a gyerekeket bosszantotta, hogy ez nem terjed ki h\u00e1tra), r\u00e1ad\u00e1sul az automatiz\u00e1lt rendszerek kiterjedtek \u00e9s hat\u00e9konyak. Vannak automatikus l\u00e1mp\u00e1k, ablakt\u00f6rl\u0151k, holtt\u00e9rfigyel\u0151, kl\u00edma \u00e9s sebess\u00e9gtart\u00f3 automatika, k\u00f6zleked\u00e9si t\u00e1bla-felismer\u0151 rendszer, s\u00e1vtart\u00f3 rendszer \u00e9s h\u00e1ts\u00f3 keresztir\u00e1ny\u00fa forgalomfigyel\u0151 \u2013 amely az els\u0151 \u00fctk\u00f6z\u00e9s\u00e9rz\u00e9kel\u0151h\u00f6z hasonl\u00f3an kiss\u00e9 t\u00fal\u00e9rz\u00e9keny. Val\u00f3j\u00e1ban annyira j\u00f3l felszerelt, hogy az opci\u00f3k list\u00e1ja mind\u00f6ssze kilenc t\u00e9telb\u0151l \u00e1ll, \u00e9s az egyetlen, amit b\u00e1rcsak kipip\u00e1ltam volna, a 250 fontos t\u00e9li csomag volt, amely f\u0171thet\u0151 \u00fcl\u00e9seket \u00e9s korm\u00e1nykereket is tartalmaz.<br \/>\nA 250 fontos, helytakar\u00e9kos p\u00f3tkereket v\u00e1lasztottam, \u00e9s ez a hibrid akkumul\u00e1torral egy\u00fctt megfosztotta az aut\u00f3mat a TCe 140 padl\u00f3 alatti tov\u00e1bbi 28 literes csomagtart\u00f3j\u00e1t\u00f3l: a csomagtart\u00f3 m\u00e9rete probl\u00e9m\u00e1t jelenthet, ha olyan csal\u00e1dr\u00f3l van sz\u00f3, amelynek neh\u00e9zs\u00e9get okoz a k\u00f6nny\u0171 csomagok sz\u00e1ll\u00edt\u00e1sa. A magasra emelt perem \u00e9s a ferde tet\u0151vonal miatt kisebbnek t\u0171nik a hirdetett 480 litern\u00e9l, \u00e9s m\u00e9g lehajtott \u00fcl\u00e9sekkel (ami maximum 1263 litert eredm\u00e9nyez) is frusztr\u00e1lt, hogy nem volt el\u00e9g hely a heti \u00e9lelmiszerbank felt\u00f6lt\u00e9s\u00e9re.<\/p>\n<p>Az R16 a roncstelepen forogna ilyen praktikuss\u00e1g hi\u00e1nya miatt, de az Arkana legal\u00e1bb k\u00f6veti \u0151s\u00e9t, \u00e9s a Renault-t egy pr\u00e9mium szektorba rep\u00edti, ami \u00faj vonzer\u0151t k\u00f6lcs\u00f6n\u00f6z a m\u00e1rk\u00e1nak: ez egy olyan aut\u00f3, amely olyan m\u00f3don vonzza az embereket \u00e9s csod\u00e1l\u00f3 pillant\u00e1sokat v\u00e1lt ki, ahogyan azt a m\u00e1rka kev\u00e9s aut\u00f3ja tette az elm\u00falt \u00e9vekben. Az a feladata, hogy bevigye \u00d6nt a keresked\u00e9s ajtaj\u00e1n, \u00e9s ebb\u0151l a szempontb\u00f3l t\u00f6k\u00e9letesen megfelel a c\u00e9lj\u00e1nak. Az Arkana k\u00edv\u00fclr\u0151l leny\u0171g\u00f6z\u0151, \u00e9s a bels\u0151 t\u00e9r is elfogadhat\u00f3, de a fogyaszt\u00e1sa ki\u00e1br\u00e1nd\u00edt\u00f3, k\u00fcl\u00f6n\u00f6sen v\u00e1rosban, \u00e9s a motor minden \u00fatvonalon el\u00e9g gyeng\u00e9nek \u00e9rz\u0151dik, alig van lend\u00fclete. Meglehet\u0151sen megd\u00f6bbentett a kifinomults\u00e1g hi\u00e1nya, a rug\u00f3z\u00e1s sem jobb, mint az \u00e1tlagos, r\u00e1ad\u00e1sul a h\u00e1trafel\u00e9 n\u00e9z\u0151 kil\u00e1t\u00e1s katasztrof\u00e1lis.<\/p>\n","protected":false},"excerpt":{"rendered":"<p>Az eszem azt mondta, ezt az eg\u00e9szet abba kellene hagyni, \u00e9s el k\u00e9ne v\u00e1lnom, de a sz\u00edvem azt mondta, hogy&#8230; <span class=\"gridview-grid-post-read-more\"><a href=\"https:\/\/matrend.hu\/maitrend\/?p=4576\">read more<span class=\"gridview-sr-only\"> Itt a bejelent\u00e9s: Attila elv\u00e1lik Mil\u00f3 Vikit\u0151l!<\/span><\/a><\/span><\/p>\n","protected":false},"author":1,"featured_media":4577,"comment_status":"open","ping_status":"open","sticky":false,"template":"","format":"standard","meta":{"footnotes":""},"categories":[1],"tags":[],"class_list":["post-4576","post","type-post","status-publish","format-standard","has-post-thumbnail","hentry","category-egyeb","wpcat-1-id"],"_links":{"self":[{"href":"https:\/\/matrend.hu\/maitrend\/index.php?rest_route=\/wp\/v2\/posts\/4576","targetHints":{"allow":["GET"]}}],"collection":[{"href":"https:\/\/matrend.hu\/maitrend\/index.php?rest_route=\/wp\/v2\/posts"}],"about":[{"href":"https:\/\/matrend.hu\/maitrend\/index.php?rest_route=\/wp\/v2\/types\/post"}],"author":[{"embeddable":true,"href":"https:\/\/matrend.hu\/maitrend\/index.php?rest_route=\/wp\/v2\/users\/1"}],"replies":[{"embeddable":true,"href":"https:\/\/matrend.hu\/maitrend\/index.php?rest_route=%2Fwp%2Fv2%2Fcomments&post=4576"}],"version-history":[{"count":1,"href":"https:\/\/matrend.hu\/maitrend\/index.php?rest_route=\/wp\/v2\/posts\/4576\/revisions"}],"predecessor-version":[{"id":4578,"href":"https:\/\/matrend.hu\/maitrend\/index.php?rest_route=\/wp\/v2\/posts\/4576\/revisions\/4578"}],"wp:featuredmedia":[{"embeddable":true,"href":"https:\/\/matrend.hu\/maitrend\/index.php?rest_route=\/wp\/v2\/media\/4577"}],"wp:attachment":[{"href":"https:\/\/matrend.hu\/maitrend\/index.php?rest_route=%2Fwp%2Fv2%2Fmedia&parent=4576"}],"wp:term":[{"taxonomy":"category","embeddable":true,"href":"https:\/\/matrend.hu\/maitrend\/index.php?rest_route=%2Fwp%2Fv2%2Fcategories&post=4576"},{"taxonomy":"post_tag","embeddable":true,"href":"https:\/\/matrend.hu\/maitrend\/index.php?rest_route=%2Fwp%2Fv2%2Ftags&post=4576"}],"curies":[{"name":"wp","href":"https:\/\/api.w.org\/{rel}","templated":true}]}}