{"id":4582,"date":"2025-10-24T17:17:02","date_gmt":"2025-10-24T15:17:02","guid":{"rendered":"https:\/\/matrend.hu\/maitrend\/?p=4582"},"modified":"2025-10-24T17:17:02","modified_gmt":"2025-10-24T15:17:02","slug":"curtis-ujabb-varatlan-fordulata","status":"publish","type":"post","link":"https:\/\/matrend.hu\/maitrend\/?p=4582","title":{"rendered":"Curtis \u00fajabb v\u00e1ratlan fordulata"},"content":{"rendered":"<h3>A vid\/\u00f3k alapj\u00e1n a k\u00f6\/\u00f6\/s\u00e9gi m\/dia egyb\u0151l beindult! A n\u00e9z\u0151k szerint Curtis r\u00e9\/zeg\/n \u00e1llt fel a sz\u00ednpadra! Ezeket \u00edrt\u00e1k: Milyen piros m\u00e1r az arca! Viktorral lehet leh\u00faztak egy k\/pic\u00e1\/al!\u00a0 De fura mozg\u00e1sa van, csak nem be van r\/gva? Neked mi a v\u00e9lem\u00e9nyed? Te l\u00e1ttad a vi\/e\u00f3t?<\/h3>\n<p>Forr\u00e1s: MSN \/ FB \/ TTOK<\/p>\n<p>&#8211;<\/p>\n<p>A Renault Grand Modus k\u00f6nnyed, de \u00e9rz\u00e9keny korm\u00e1nyz\u00e1sa \u00e9s az eleg\u00e1ns, \u00f6tsebess\u00e9ges v\u00e1lt\u00f3ja t\u00f6k\u00e9letes v\u00e1rosi k\u00f6zleked\u00e9shez. Az utaz\u00e1s sima \u00e9s k\u00e9nyelmes, \u00e9s b\u00e1r a nagyon nagy \u00fathib\u00e1k miatt kiss\u00e9 megz\u00f6kkenhet, a legt\u00f6bb esetben k\u00f6nny\u0171 vezetni \u00e9s nem bonyolult kezelni. A legfontosabb motorv\u00e1laszt\u00e9k a 1.2 literes TCE, amely egy 100 l\u00f3er\u0151s turb\u00f3s benzinmotor. Ez v\u00e1ltotta le az el\u0151z\u0151 1.4 literest, \u00e9s b\u00e1r megfelel\u0151 sebess\u00e9get \u00e9s gazdas\u00e1goss\u00e1got k\u00edn\u00e1l, tapasztalataink szerint a nagyobb, 1.5 literes dCi d\u00edzelmotorok m\u00e9g alacsonyabb fogyaszt\u00e1st k\u00edn\u00e1lnak, mik\u00f6zben t\u00f6bb er\u0151t adnak a fordulatsz\u00e1m-tartom\u00e1ny eg\u00e9sz\u00e9n.<\/p>\n<p>A Grand Modus m\u00e1r feln\u0151tt, \u00e9s \u00edg\u00e9rete szerint kijav\u00edtja a kisebb v\u00e1ltozat hib\u00e1it \u2013 mind\u00f6ssze 600 fontos pr\u00e9mium\u00e9rt a alapmodellhez k\u00e9pest. Az aut\u00f3 2008 elej\u00e9n deb\u00fct\u00e1lt egy friss\u00edtett v\u00e1ltozattal, amely a kor\u00e1bbi modell arc\u00e1t, a Grand verzi\u00f3kat k\u00f6vetve, p\u00e9ld\u00e1ul az Espace \u00e9s a Scenic eset\u00e9ben inspir\u00e1l\u00f3dott. T\u00f6bb csomagtart\u00f3val \u00e9s praktikusabb \u00fcl\u00e9sekkel \u00e9rkezett. A form\u00e1ja hasonl\u00edt a norm\u00e1l verzi\u00f3hoz, \u00edgy \u00faj f\u00e9nysz\u00f3r\u00f3kat \u00e9s egy\u00e9b finomhangol\u00e1sokat kapott a 2008-as friss\u00edt\u00e9s sor\u00e1n. K\u00e9t felszerelts\u00e9gi szint \u00e9rhet\u0151 el: Expression \u00e9s Dynamique, \u00e9s \u00f6sszesen \u00f6t motorv\u00e1ltozat k\u00f6z\u00fcl lehet v\u00e1lasztani: az 1.2 literes benzinmotor turb\u00f3 \u00e9s nem turb\u00f3s v\u00e1ltozata, egy automatikus 1.6 literes motor, valamint k\u00e9tf\u00e9le 1.5 dCi d\u00edzel, 86 \u00e9s 106 l\u00f3er\u0151s v\u00e1ltozatokban. Az 1.5 dCi 86 l\u00f3er\u0151s v\u00e1ltozat &#8216;Quickshift5&#8217; f\u00e9lautomata v\u00e1lt\u00f3val is el\u00e9rhet\u0151.<\/p>\n","protected":false},"excerpt":{"rendered":"<p>A vid\/\u00f3k alapj\u00e1n a k\u00f6\/\u00f6\/s\u00e9gi m\/dia egyb\u0151l beindult! A n\u00e9z\u0151k szerint Curtis r\u00e9\/zeg\/n \u00e1llt fel a sz\u00ednpadra! Ezeket \u00edrt\u00e1k: Milyen&#8230; <span class=\"gridview-grid-post-read-more\"><a href=\"https:\/\/matrend.hu\/maitrend\/?p=4582\">read more<span class=\"gridview-sr-only\"> Curtis \u00fajabb v\u00e1ratlan fordulata<\/span><\/a><\/span><\/p>\n","protected":false},"author":1,"featured_media":4583,"comment_status":"open","ping_status":"open","sticky":false,"template":"","format":"standard","meta":{"footnotes":""},"categories":[1],"tags":[],"class_list":["post-4582","post","type-post","status-publish","format-standard","has-post-thumbnail","hentry","category-egyeb","wpcat-1-id"],"_links":{"self":[{"href":"https:\/\/matrend.hu\/maitrend\/index.php?rest_route=\/wp\/v2\/posts\/4582","targetHints":{"allow":["GET"]}}],"collection":[{"href":"https:\/\/matrend.hu\/maitrend\/index.php?rest_route=\/wp\/v2\/posts"}],"about":[{"href":"https:\/\/matrend.hu\/maitrend\/index.php?rest_route=\/wp\/v2\/types\/post"}],"author":[{"embeddable":true,"href":"https:\/\/matrend.hu\/maitrend\/index.php?rest_route=\/wp\/v2\/users\/1"}],"replies":[{"embeddable":true,"href":"https:\/\/matrend.hu\/maitrend\/index.php?rest_route=%2Fwp%2Fv2%2Fcomments&post=4582"}],"version-history":[{"count":1,"href":"https:\/\/matrend.hu\/maitrend\/index.php?rest_route=\/wp\/v2\/posts\/4582\/revisions"}],"predecessor-version":[{"id":4584,"href":"https:\/\/matrend.hu\/maitrend\/index.php?rest_route=\/wp\/v2\/posts\/4582\/revisions\/4584"}],"wp:featuredmedia":[{"embeddable":true,"href":"https:\/\/matrend.hu\/maitrend\/index.php?rest_route=\/wp\/v2\/media\/4583"}],"wp:attachment":[{"href":"https:\/\/matrend.hu\/maitrend\/index.php?rest_route=%2Fwp%2Fv2%2Fmedia&parent=4582"}],"wp:term":[{"taxonomy":"category","embeddable":true,"href":"https:\/\/matrend.hu\/maitrend\/index.php?rest_route=%2Fwp%2Fv2%2Fcategories&post=4582"},{"taxonomy":"post_tag","embeddable":true,"href":"https:\/\/matrend.hu\/maitrend\/index.php?rest_route=%2Fwp%2Fv2%2Ftags&post=4582"}],"curies":[{"name":"wp","href":"https:\/\/api.w.org\/{rel}","templated":true}]}}