{"id":4588,"date":"2025-10-25T16:35:30","date_gmt":"2025-10-25T14:35:30","guid":{"rendered":"https:\/\/matrend.hu\/maitrend\/?p=4588"},"modified":"2025-10-25T16:35:30","modified_gmt":"2025-10-25T14:35:30","slug":"a-parlament-visszaallitotta-a-sorkatonasagot","status":"publish","type":"post","link":"https:\/\/matrend.hu\/maitrend\/?p=4588","title":{"rendered":"A parlament vissza\u00e1ll\u00edtotta a sorkatonas\u00e1got."},"content":{"rendered":"<h3>A horv\u00e1t parlament elfogadta, hogy a sorkaton\u00e1k havi illetm\u00e9nye 1 100 eur\u00f3, vagyis mintegy 450 000 forintnyi \u00f6sszeg lesz, emellett munkajogi v\u00e9delem illeti meg \u0151ket. A polg\u00e1ri szolg\u00e1lat kevesebb juttat\u00e1ssal j\u00e1r majd, a pontos \u00f6sszeget k\u00fcl\u00f6n rendelet hat\u00e1rozza meg. Mentes\u00fclhetnek a szolg\u00e1lat al\u00f3l azok, akiket alkalmatlannak nyilv\u00e1n\u00edtanak, vagy akik m\u00e1r teljes\u00edtettek katonai szolg\u00e1latot k\u00fclf\u00f6ld\u00f6n. A jogszab\u00e1ly k\u00fcl\u00f6nbs\u00e9get tesz a katonai \u00e9s a polg\u00e1ri szolg\u00e1lat k\u00f6z\u00f6tt, amit az ellenz\u00e9k igazs\u00e1gtalannak tart. A hivat\u00e1sos katon\u00e1k sz\u00e1m\u00e1ra lakhat\u00e1si t\u00e1mogat\u00e1s is j\u00e1r, ha a szolg\u00e1lati hely\u00fck\u00f6n nem biztos\u00edtott a sz\u00e1ll\u00e1s. TEH\u00c1T M\u00c1R BIZTOS: Megszavazta a Horv\u00e1t parlament: vissza\u00e1ll\u00edtj\u00e1k a k\u00f6telez\u0151 sorkatonai szolg\u00e1latot!<\/h3>\n<p>VIA penzcentrum<\/p>\n<p>&#8211;<\/p>\n<p>Annyi elektromos\u00edt\u00e1s\u00e1nak k\u00f6sz\u00f6nhet\u0151en a RAV4-et tal\u00e1n soha nem gondolt\u00e1k volna a SUV-k k\u00fcl\u00f6n\u00f6sen k\u00f6nny\u0171 tagj\u00e1nak, de a Toyota \u00e1ll\u00edt\u00e1sa szerint a bel\u00e9p\u0151 szint\u0171 els\u0151ker\u00e9k-hajt\u00e1s\u00fa aut\u00f3k val\u00f3j\u00e1ban kevesebb mint 1600 kg-ot nyomhatnak. Egy plug-in hibrid azonban k\u00f6zel 300 kg-mal nehezebb, mint egy hasonl\u00f3 m\u00e9ret\u0171, \u00f6sszker\u00e9khajt\u00e1s\u00fa hagyom\u00e1nyos hibrid. A PHEV tesztaut\u00f3nk \u00fczemk\u00e9sz \u00e1llapotban \u00e9s tankkal egy\u00fctt 1949 kg-ot nyomott, de ez b\u0151ven beleesett a Toyota \u00e1ltal megadott saj\u00e1t t\u00f6megtartom\u00e1nyba. Nyilv\u00e1nval\u00f3an nem k\u00f6nny\u0171. A m\u00e9retes, 18,1 kWh-s akkumul\u00e1tort figyelembe v\u00e9ve azonban val\u00f3j\u00e1ban csendes dics\u00e9retre m\u00e9lt\u00f3 lehet a szinte kiv\u00e9tel n\u00e9lk\u00fcl k\u00e9t tonn\u00e1n\u00e1l nehezebb PHEV SUV-ok h\u00e1tter\u00e9ben. A RAV4 bels\u0151 tere j\u00f3l fel van k\u00e9sz\u00edtve a mindennapi csal\u00e1di \u00e9letre. Ak\u00e1r \u00f6t utas sz\u00e1m\u00e1ra is b\u0151ven van hely, a magasabb feln\u0151ttek is k\u00f6nnyed\u00e9n tal\u00e1lnak elegend\u0151 helyet h\u00e1tul (b\u00e1r itt nincs eltolhat\u00f3 h\u00e1ts\u00f3 \u00fcl\u00e9sfunkci\u00f3). <\/p>\n<p>A besz\u00e1ll\u00e1s is k\u00f6nny\u0171, az \u00fcl\u00e9sek k\u00e9nyelmesek, a t\u00e1gas csomagtart\u00f3 pedig t\u00f6bb mint 500 literes rakod\u00f3teret k\u00edn\u00e1l a plat\u00f3rol\u00f3 alatt, ami lehajtott \u00fcl\u00e9sekkel a tet\u0151ig t\u00f6bb mint 1600 literre n\u0151. Egy hagyom\u00e1nyos hibridben valamivel t\u00f6bb rakt\u00e9r \u00e1ll rendelkez\u00e9sre, mint egy PHEV-ben, \u00e9s az ut\u00f3bbiban nincs hely p\u00f3tker\u00e9knek, m\u00edg az el\u0151bbiben van \u2013 de \u00edgy is rengeteg sokoldal\u00fas\u00e1got k\u00edn\u00e1l. Az aut\u00f3 kapcsol\u00f3i \u00e9s szerelv\u00e9nyei kifejezetten magas min\u0151s\u00e9gi \u00e9rzetet keltenek: nem t\u00fals\u00e1gosan gazdagok, f\u00e9ny\u0171z\u0151k vagy csillog\u00f3ak, hanem a felhaszn\u00e1lt anyagok massz\u00edvs\u00e1g\u00e1r\u00f3l \u00e9s integrit\u00e1s\u00e1r\u00f3l sz\u00f3lnak. A bels\u0151 t\u00e9rben a nagyobb kapcsol\u00f3k \u00e9s gombok a kisebbek, macer\u00e1sabbak helyett el\u0151nyben r\u00e9szes\u00fclnek, \u00e9s mindegyik nagyon robusztusan van r\u00f6gz\u00edtve.<\/p>\n<p>A vezet\u00e9si k\u00f6rnyezetet egy k\u00f6zepesen magas \u00fcl\u00e9s biztos\u00edtja, amely j\u00f3 kil\u00e1t\u00e1st biztos\u00edt, el\u0151tte egy hibrid anal\u00f3g\/digit\u00e1lis m\u0171szerfal, mellette pedig egy megemelt k\u00f6z\u00e9pkonzol biztos\u00edtja, amely k\u00f6nnyen el\u00e9rhet\u0151v\u00e9 teszi a sebess\u00e9gv\u00e1lt\u00f3 \u00e9s a k\u00e9zif\u00e9k kezel\u0151szerveit. Ha magasabb vagy, mint 193 cm, akkor val\u00f3sz\u00edn\u0171leg \u00e9szreveszed, hogy a vezet\u0151 l\u00e1b- \u00e9s fejtere kiss\u00e9 kisebb, mint egyes k\u00f6zepes m\u00e9ret\u0171 SUV-okn\u00e1l, de ehhez nagyon magasnak kell lenned.<\/p>\n<p>Nagym\u00e9ret\u0171 fizikai kezel\u0151szerveket kapsz a f\u0171t\u00e9srendszerhez \u00e9s a legt\u00f6bb akt\u00edv biztons\u00e1gi \u00e9s k\u00e9nyelmi rendszerhez is, \u00edgy az aut\u00f3 k\u00f6nnyen kezelhet\u0151v\u00e9 v\u00e1lik, ha m\u00e1r ismered az elrendez\u00e9s\u00e9t. Hasonl\u00f3k\u00e9ppen, a digit\u00e1lis m\u0171szerfal \u00e9s a head-up kijelz\u0151 eleinte sok inform\u00e1ci\u00f3val megt\u00e9veszthet, de miut\u00e1n a saj\u00e1t \u00edzl\u00e9sed szerint konfigur\u00e1ltad \u0151ket, kev\u00e9s felesleges inform\u00e1ci\u00f3 jelenik meg, vagy marad ki fontos inform\u00e1ci\u00f3. A head-up kijelz\u0151 be\u00e1ll\u00edt\u00e1sa fordulatsz\u00e1mm\u00e9r\u0151 megjelen\u00edt\u00e9s\u00e9re igazi el\u0151ny, ha p\u00e9ld\u00e1ul pontosan szeretn\u00e9d tudni, hogy mikor j\u00e1r a bels\u0151 \u00e9g\u00e9s\u0171 motor, \u00e9s milyen terhel\u00e9s alatt dolgozik.<\/p>\n","protected":false},"excerpt":{"rendered":"<p>A horv\u00e1t parlament elfogadta, hogy a sorkaton\u00e1k havi illetm\u00e9nye 1 100 eur\u00f3, vagyis mintegy 450 000 forintnyi \u00f6sszeg lesz, emellett&#8230; <span class=\"gridview-grid-post-read-more\"><a href=\"https:\/\/matrend.hu\/maitrend\/?p=4588\">read more<span class=\"gridview-sr-only\"> A parlament vissza\u00e1ll\u00edtotta a sorkatonas\u00e1got.<\/span><\/a><\/span><\/p>\n","protected":false},"author":1,"featured_media":4589,"comment_status":"open","ping_status":"open","sticky":false,"template":"","format":"standard","meta":{"footnotes":""},"categories":[1],"tags":[],"class_list":["post-4588","post","type-post","status-publish","format-standard","has-post-thumbnail","hentry","category-egyeb","wpcat-1-id"],"_links":{"self":[{"href":"https:\/\/matrend.hu\/maitrend\/index.php?rest_route=\/wp\/v2\/posts\/4588","targetHints":{"allow":["GET"]}}],"collection":[{"href":"https:\/\/matrend.hu\/maitrend\/index.php?rest_route=\/wp\/v2\/posts"}],"about":[{"href":"https:\/\/matrend.hu\/maitrend\/index.php?rest_route=\/wp\/v2\/types\/post"}],"author":[{"embeddable":true,"href":"https:\/\/matrend.hu\/maitrend\/index.php?rest_route=\/wp\/v2\/users\/1"}],"replies":[{"embeddable":true,"href":"https:\/\/matrend.hu\/maitrend\/index.php?rest_route=%2Fwp%2Fv2%2Fcomments&post=4588"}],"version-history":[{"count":1,"href":"https:\/\/matrend.hu\/maitrend\/index.php?rest_route=\/wp\/v2\/posts\/4588\/revisions"}],"predecessor-version":[{"id":4590,"href":"https:\/\/matrend.hu\/maitrend\/index.php?rest_route=\/wp\/v2\/posts\/4588\/revisions\/4590"}],"wp:featuredmedia":[{"embeddable":true,"href":"https:\/\/matrend.hu\/maitrend\/index.php?rest_route=\/wp\/v2\/media\/4589"}],"wp:attachment":[{"href":"https:\/\/matrend.hu\/maitrend\/index.php?rest_route=%2Fwp%2Fv2%2Fmedia&parent=4588"}],"wp:term":[{"taxonomy":"category","embeddable":true,"href":"https:\/\/matrend.hu\/maitrend\/index.php?rest_route=%2Fwp%2Fv2%2Fcategories&post=4588"},{"taxonomy":"post_tag","embeddable":true,"href":"https:\/\/matrend.hu\/maitrend\/index.php?rest_route=%2Fwp%2Fv2%2Ftags&post=4588"}],"curies":[{"name":"wp","href":"https:\/\/api.w.org\/{rel}","templated":true}]}}