{"id":4597,"date":"2025-10-25T18:36:03","date_gmt":"2025-10-25T16:36:03","guid":{"rendered":"https:\/\/matrend.hu\/maitrend\/?p=4597"},"modified":"2025-10-25T18:36:27","modified_gmt":"2025-10-25T16:36:27","slug":"milo-viki-felkepelte-attilat","status":"publish","type":"post","link":"https:\/\/matrend.hu\/maitrend\/?p=4597","title":{"rendered":"Mil\u00f3 Viki felk\u00e9pelte Attil\u00e1t!"},"content":{"rendered":"<h3>B\u00e1r az ad\u00e1sban ezt nem mutatt\u00e1k, egy mag\u00e1t bennfentesnek mond\u00f3 operat\u0151r a Rdditen azt \u00e1ll\u00edtotta: a forgat\u00e1s alatt val\u00f3ban elcsattant egy pofon Viki \u00e9s Attila k\u00f6z\u00f6tt.<br \/>\nA besz\u00e1mol\u00f3 szerint egy heves vita sor\u00e1n Viki egyszer\u0171en elvesztette a t\u00fcrelm\u00e9t, \u00e9s egy pillanatnyi indulatb\u00f3l felpofozta a f\u00e9rj\u00e9t. A st\u00e1b \u00e1ll\u00edt\u00f3lag azonnal k\u00f6zbel\u00e9pett a jelenetet az operat\u0151r sem tudja, hogy ad\u00e1sba engedik e.<br \/>\nHa a t\u00f6rt\u00e9net igaz, az azt is jelenti, hogy a m\u0171sorban l\u00e1that\u00f3 fesz\u00fclts\u00e9gek csak a j\u00e9ghegy cs\u00facs\u00e1t mutatj\u00e1k \u2013 a val\u00f3s\u00e1g a kamer\u00e1kon k\u00edv\u00fcl m\u00e9g dr\u00e1maibb lehetett.<\/h3>\n<p>VIA Rdit<\/p>\n<p>&#8211;<\/p>\n<p>Manaps\u00e1g szerencs\u00e9sek vagyunk: az aut\u00f3k nem igaz\u00e1n romlanak el. Beilleszkednek az \u00e9let\u00fcnkbe, \u00e9s ritk\u00e1n panaszkodnak.<br \/>\nMondd ezt el valakinek az 1960-as \u00e9vekb\u0151l, aki \u00e9rt\u00e9kes perceket t\u00f6lt\u00f6tt egy hideg t\u00e9li reggelen a karbur\u00e1torok j\u00e9gtelen\u00edt\u00e9s\u00e9vel. Vagy azt a macer\u00e1t, amit egy 1950-es \u00e9vekbeli gazd\u00e1lkod\u00f3 m\u0171velte, amikor megpr\u00f3b\u00e1lta beind\u00edtani a CAT D2-es\u00e9t egy szam\u00e1rmotorral, ami a f\u0151 d\u00edzelmotor beind\u00edt\u00e1s\u00e1hoz kellett egy k\u00f6r\u00fclbel\u00fcl 15 perces folyamat sor\u00e1n. Csak hogy t\u00e9nylegesen elkezdhessen vezetni.<br \/>\nM\u00e9g ha rosszul is mennek a dolgok, azok nem igaz\u00e1n alapvet\u0151ek a vezet\u00e9s f\u0151 m\u0171velet\u00e9hez. Vegy\u00fck p\u00e9ld\u00e1ul a Kia Sorent\u00f3nkat. Az ut\u00f3bbi id\u0151ben az Apple CarPlay kapcsolat nem volt a legmegb\u00edzhat\u00f3bb, \u00e9s a k\u00f6z\u00e9ps\u0151 sorbeli \u00fcl\u00e9sek sem hajt\u00f3dtak teljesen s\u00edkba. Mindkett\u0151 bosszant\u00f3, de aligha val\u00f3sz\u00edn\u0171, hogy befoly\u00e1solja az utaz\u00e1st. Erre ak\u00e1r azt is \u00edrhatt\u00e1k volna, hogy \u201eKihallgatva a Waitrose-ban\u201d.<\/p>\n<p>A podcastokat azonban meg kell hallgatni, a nagy t\u00e1rgyakat pedig mozgatni kell, \u00edgy elindultunk a helyi m\u00e1rkakeresked\u00e9shez. A peterborough-i Boongate Kia volt az \u00fati c\u00e9l, \u00e9s egy kezdeti probl\u00e9m\u00e1t\u00f3l eltekintve a kiszolg\u00e1l\u00e1s kiv\u00e1l\u00f3 volt.<br \/>\nK\u00f6nnyed\u00e9n lefoglaltam az aut\u00f3t, elmagyar\u00e1ztam a szerviznek, mi a baj, \u00e9s megv\u00e1rtam, am\u00edg a szerel\u0151k diagnosztiz\u00e1lj\u00e1k a probl\u00e9m\u00e1t. Itt jelentkezett az egyetlen probl\u00e9ma: azt mondt\u00e1k, hogy a keresked\u0151 laptopja nem kommunik\u00e1l az aut\u00f3val, \u00edgy nem tudt\u00e1k diagnosztiz\u00e1lni a CarPlay hib\u00e1j\u00e1t. Bosszant\u00f3 m\u00f3don az \u00fcgyvezet\u0151 igazgat\u00f3 aut\u00f3ja (az egyetlen m\u00e1sik Sorento a helysz\u00ednen) nem volt a helysz\u00ednen, \u00edgy azt nem tudt\u00e1k tesztelni.<br \/>\nEz azt jelentette, hogy \u00fajra le kellett foglalni, de ez\u00fattal k\u00f6lcs\u00f6naut\u00f3val oldott\u00e1k meg a probl\u00e9m\u00e1t (egy alap Picanto \u2013 micsoda g\u00e9p a b\u00fctyk\u00f6l\u00e9shez), \u00edgy visszatettem a Ki\u00e1t, \u00e9s \u0151k nekil\u00e1ttak.<br \/>\nManaps\u00e1g nincsenek vezet\u00e9kek a diagnosztikai folyamatban. A szerel\u0151 egy jelad\u00f3t csatlakoztat a korm\u00e1nyker\u00e9k melletti porthoz, amely vezet\u00e9k n\u00e9lk\u00fcl kommunik\u00e1l egy iPaddel. A Kia szerel\u0151je szerint ez sokkal k\u00f6nnyebb\u00e9 teszi a dolgokat, mert mobil maradhat, \u00e9s tesztelheti a dolgokat az aut\u00f3 k\u00f6r\u00fcl an\u00e9lk\u00fcl, hogy hozz\u00e1 lenne k\u00f6tve.<\/p>\n","protected":false},"excerpt":{"rendered":"<p>B\u00e1r az ad\u00e1sban ezt nem mutatt\u00e1k, egy mag\u00e1t bennfentesnek mond\u00f3 operat\u0151r a Rdditen azt \u00e1ll\u00edtotta: a forgat\u00e1s alatt val\u00f3ban elcsattant&#8230; <span class=\"gridview-grid-post-read-more\"><a href=\"https:\/\/matrend.hu\/maitrend\/?p=4597\">read more<span class=\"gridview-sr-only\"> Mil\u00f3 Viki felk\u00e9pelte Attil\u00e1t!<\/span><\/a><\/span><\/p>\n","protected":false},"author":1,"featured_media":4598,"comment_status":"open","ping_status":"open","sticky":false,"template":"","format":"standard","meta":{"footnotes":""},"categories":[1],"tags":[],"class_list":["post-4597","post","type-post","status-publish","format-standard","has-post-thumbnail","hentry","category-egyeb","wpcat-1-id"],"_links":{"self":[{"href":"https:\/\/matrend.hu\/maitrend\/index.php?rest_route=\/wp\/v2\/posts\/4597","targetHints":{"allow":["GET"]}}],"collection":[{"href":"https:\/\/matrend.hu\/maitrend\/index.php?rest_route=\/wp\/v2\/posts"}],"about":[{"href":"https:\/\/matrend.hu\/maitrend\/index.php?rest_route=\/wp\/v2\/types\/post"}],"author":[{"embeddable":true,"href":"https:\/\/matrend.hu\/maitrend\/index.php?rest_route=\/wp\/v2\/users\/1"}],"replies":[{"embeddable":true,"href":"https:\/\/matrend.hu\/maitrend\/index.php?rest_route=%2Fwp%2Fv2%2Fcomments&post=4597"}],"version-history":[{"count":2,"href":"https:\/\/matrend.hu\/maitrend\/index.php?rest_route=\/wp\/v2\/posts\/4597\/revisions"}],"predecessor-version":[{"id":4600,"href":"https:\/\/matrend.hu\/maitrend\/index.php?rest_route=\/wp\/v2\/posts\/4597\/revisions\/4600"}],"wp:featuredmedia":[{"embeddable":true,"href":"https:\/\/matrend.hu\/maitrend\/index.php?rest_route=\/wp\/v2\/media\/4598"}],"wp:attachment":[{"href":"https:\/\/matrend.hu\/maitrend\/index.php?rest_route=%2Fwp%2Fv2%2Fmedia&parent=4597"}],"wp:term":[{"taxonomy":"category","embeddable":true,"href":"https:\/\/matrend.hu\/maitrend\/index.php?rest_route=%2Fwp%2Fv2%2Fcategories&post=4597"},{"taxonomy":"post_tag","embeddable":true,"href":"https:\/\/matrend.hu\/maitrend\/index.php?rest_route=%2Fwp%2Fv2%2Ftags&post=4597"}],"curies":[{"name":"wp","href":"https:\/\/api.w.org\/{rel}","templated":true}]}}