{"id":4601,"date":"2025-10-26T14:53:37","date_gmt":"2025-10-26T13:53:37","guid":{"rendered":"https:\/\/matrend.hu\/maitrend\/?p=4601"},"modified":"2025-10-26T14:53:37","modified_gmt":"2025-10-26T13:53:37","slug":"lecserelik-a-zsurit-toth-gabi-es-herceg-erika-miatt","status":"publish","type":"post","link":"https:\/\/matrend.hu\/maitrend\/?p=4601","title":{"rendered":"Lecser\u00e9lik a zs\u0171rit T\u00f3th Gabi \u00e9s Herceg Erika miatt!"},"content":{"rendered":"<h3>\u00c9s most j\u00f6n a nagy fordulat: \u00fagy n\u00e9z ki, a k\u00f6z\u00f6ns\u00e9g K\u00c9SZ a v\u00e1lt\u00e1sra. Sok n\u00e9z\u0151 m\u00e1r nem a dalokra figyel, hanem arra, hogy mikor robban a k\u00f6vetkez\u0151 \u201ezs\u0171ri-h\u00faz\u00f3d\u00e1s\u201d. Egyik f\u00f3rumon \u00edgy fogalmazott valaki: \u201eHa m\u00e1r a zs\u0171ri az igazi show, akkor minek itt versenyz\u0151ket n\u00e9zni?\u201d<br \/>\nEgyre t\u00f6bben k\u00f6vetelik, hogy a m\u0171sorvezet\u00e9s l\u00e9pjen k\u00f6zbe \u2013 vagy v\u00e1lts\u00e1k le azokat, akikb\u00f5l mostanra \u201cdr\u00e1maszt\u00e1rr\u00e1\u201d v\u00e1ltak. A f\u0151 panaszk\u00e9nt: \u201eNem b\u00edrjuk ezt a sz\u00ednvonalat\u201d fogalmaz\u00f3dik meg.<br \/>\n\u00cdgy m\u00e1r nem csak tudjuk: lehet, hogy lecser\u00e9lik \u2013 hanem az is nyilv\u00e1nval\u00f3: a n\u00e9z\u0151k m\u00e1r v\u00e1ltan\u00e1nak T\u00f3th Gabit \u00e9s Herceg Erik\u00e1t, ha rajtuk m\u00falna.<\/h3>\n<p>VIA RDit\/Blikk<\/p>\n<p>&#8211;<\/p>\n<p>Az aut\u00f3 \u00f6sszesen 11 napig volt t\u00e1vol. Szombaton vitt\u00e9k el, \u00e9s csak a k\u00f6vetkez\u0151 szerd\u00e1n kellett v\u00e1rnia a TMS-nek, hogy teljesen diagnosztiz\u00e1lja a probl\u00e9m\u00e1t. Kihagyott egy csal\u00e1di nyaral\u00e1st, aminek a gondoz\u00e1s\u00e1ra tal\u00e1n alkalmas lett volna, de l\u00e1m, most m\u00e1r visszat\u00e9rt a norm\u00e1lis ker\u00e9kv\u00e1g\u00e1sba \u2013 t\u00f6bbnyire.<\/p>\n<p>\u00c9s mi okozza a gyenge teljes\u00edtm\u00e9ny\u00e9t? Vicces m\u00f3don (\u00e9s tal\u00e1n a Volvo sz\u00e1m\u00e1ra kellemetlen\u00fcl), kider\u00fclt, hogy az Android alap\u00fa infotainment rendszer, amelyet csak most telep\u00edtettek az XC60-ba, \u00e9s jelenleg a gy\u00e1rt\u00f3 \u00f6sszes \u00e1tdolgozott 2021-es modellj\u00e9be vezetik be (valaki nyomja meg gyorsan a \u201evisszavon\u00e1s\u201d gombot a gy\u00e1rt\u00f3soron!).<\/p>\n<p>Ez a rendszer vegyes v\u00e9lem\u00e9nyeket kapott a tulajdonosok r\u00e9sz\u00e9r\u0151l. Daniel Scullion e-mailben besz\u00e1molt nek\u00fcnk a Volvo f\u00f3rumain a korai felhaszn\u00e1l\u00f3k morg\u00e1s\u00e1r\u00f3l, miszerint bizonyos funkci\u00f3k elvesztek a c\u00e9g r\u00e9gi Sensus Connect rendszer\u00e9hez k\u00e9pest. Sz\u00fcks\u00e9gtelen bonyodalmak is vannak, mondja, bizonyos vezet\u00e9st\u00e1mogat\u00f3 rendszerek enged\u00e9lyez\u00e9se \u00e9s letilt\u00e1sa sor\u00e1n. M\u00e9g \u00e9n is \u00e9szrevettem ezt. Az \u00faj rendszerrel nem olyan egyszer\u0171 v\u00e1ltani a Volvo hagyom\u00e1nyos sebess\u00e9gtart\u00f3 automatik\u00e1ja \u00e9s a teljes Pilot Assist rendszerek k\u00f6z\u00f6tt, \u00e9s \u00fagy t\u0171nik, a m\u0171szerfal kijelz\u0151je is elvesztette r\u00e9gi konfigur\u00e1lhat\u00f3s\u00e1g\u00e1nak egy r\u00e9sz\u00e9t. A hossz\u00fa \u00e1tfut\u00e1si id\u0151t lesz\u00e1m\u00edtva a szolg\u00e1ltat\u00e1s elfogadhat\u00f3 volt. A TMS Volvo j\u00f3l kommunik\u00e1lt, \u00e9s az ingyenes b\u00e9raut\u00f3 aj\u00e1nlat\u00e1t a Care By Volvo aj\u00e1nlotta fel (amit visszautas\u00edtottam, mert el tudtam volna viselni n\u00e9lk\u00fcle, \u00e9s nem akartam bonyol\u00edtani vagy k\u00f6lts\u00e9gess\u00e9 tenni az eg\u00e9szet).<br \/>\nAz aut\u00f3 \u00e1tv\u00e9telekor az volt az ismer\u0151s benyom\u00e1som, hogy kiss\u00e9 m\u00e1sodrang\u00fa v\u00e1s\u00e1rl\u00f3 vagyok, ahogy az gyakran el\u0151fordul, amikor az ember bemutatkozik egy probl\u00e9m\u00e1val an\u00e9lk\u00fcl, hogy el\u0151bb elk\u00f6lt\u00f6tt volna ott n\u00e9h\u00e1ny fontot valamilyen \u00fatvonalon kereszt\u00fcl. Semmilyen vend\u00e9gszeretet vagy k\u00fcl\u00f6n\u00f6sebben meleg fogadtat\u00e1sban nem r\u00e9szes\u00fcltem, amikor meg\u00e9rkeztem az aut\u00f3\u00e9rt (tal\u00e1n ragaszkodnom kellett volna ahhoz, hogy visszasz\u00e1ll\u00edts\u00e1k az otthoni c\u00edmemre), \u00e9s nem hozt\u00e1k ki el\u0151re a telepr\u0151l vagy tiszt\u00edtott\u00e1k ki. Megtanultam, hogy ezt akkor tapasztalhatod, ha ismeretlen vagy, nem pedig olyan, aki m\u00e1r \u00e1tadott egy \u00f6tsz\u00e1mjegy\u0171 csekket, de ez nem a legjobb rekl\u00e1m az el\u0151fizet\u00e9ses aut\u00f3tulajdonl\u00e1snak.<\/p>\n<p>Most, hogy visszaj\u00f6tt az aut\u00f3, \u00fagy t\u0171nik, nagyr\u00e9szt norm\u00e1lisan m\u0171k\u00f6dik, b\u00e1r m\u00e9g mindig van egy kis feh\u00e9r zaj a m\u0171szerfalon, ahogy a kijelz\u0151 m\u00f3dot v\u00e1ltjuk. Az, hogy n\u00e9h\u00e1ny napig mag\u00e1ra hagytam, miel\u0151tt beind\u00edtottam, legal\u00e1bbis bizalmat adott abban, hogy az elektromos rendszer megjavult, \u00e9s b\u00e1r egyszer\u0171en csak lehet vele k\u00f6zlekedni \u00fcgyint\u00e9z\u00e9skor \u00e9s r\u00f6vid utakon, egyben a praktikus \u00e9s k\u00e9nyelmes csal\u00e1di utaz\u00f3t\u00e1sk\u00e1t is igazolja, aminek rem\u00e9lhet\u0151leg lennie kellene. A rejtett \u00fcl\u00e9smagas\u00edt\u00f3k, amelyek egyszer\u0171en kihajthat\u00f3k a m\u00e1sodik sorb\u00f3l, m\u00e1r a gyerekek kedvencei, akik a panor\u00e1matet\u0151t is im\u00e1dj\u00e1k.<br \/>\nRem\u00e9lj\u00fck, hogy az XC60 mostant\u00f3l tov\u00e1bbi akadoz\u00e1sok n\u00e9lk\u00fcl bizony\u00edthatja tehets\u00e9g\u00e9t, mint kifinomult, gazdas\u00e1gos, k\u00f6nnyed, mindent tud\u00f3 mindennapi aut\u00f3.<\/p>\n","protected":false},"excerpt":{"rendered":"<p>\u00c9s most j\u00f6n a nagy fordulat: \u00fagy n\u00e9z ki, a k\u00f6z\u00f6ns\u00e9g K\u00c9SZ a v\u00e1lt\u00e1sra. Sok n\u00e9z\u0151 m\u00e1r nem a dalokra&#8230; <span class=\"gridview-grid-post-read-more\"><a href=\"https:\/\/matrend.hu\/maitrend\/?p=4601\">read more<span class=\"gridview-sr-only\"> Lecser\u00e9lik a zs\u0171rit T\u00f3th Gabi \u00e9s Herceg Erika miatt!<\/span><\/a><\/span><\/p>\n","protected":false},"author":1,"featured_media":4602,"comment_status":"open","ping_status":"open","sticky":false,"template":"","format":"standard","meta":{"footnotes":""},"categories":[1],"tags":[],"class_list":["post-4601","post","type-post","status-publish","format-standard","has-post-thumbnail","hentry","category-egyeb","wpcat-1-id"],"_links":{"self":[{"href":"https:\/\/matrend.hu\/maitrend\/index.php?rest_route=\/wp\/v2\/posts\/4601","targetHints":{"allow":["GET"]}}],"collection":[{"href":"https:\/\/matrend.hu\/maitrend\/index.php?rest_route=\/wp\/v2\/posts"}],"about":[{"href":"https:\/\/matrend.hu\/maitrend\/index.php?rest_route=\/wp\/v2\/types\/post"}],"author":[{"embeddable":true,"href":"https:\/\/matrend.hu\/maitrend\/index.php?rest_route=\/wp\/v2\/users\/1"}],"replies":[{"embeddable":true,"href":"https:\/\/matrend.hu\/maitrend\/index.php?rest_route=%2Fwp%2Fv2%2Fcomments&post=4601"}],"version-history":[{"count":1,"href":"https:\/\/matrend.hu\/maitrend\/index.php?rest_route=\/wp\/v2\/posts\/4601\/revisions"}],"predecessor-version":[{"id":4603,"href":"https:\/\/matrend.hu\/maitrend\/index.php?rest_route=\/wp\/v2\/posts\/4601\/revisions\/4603"}],"wp:featuredmedia":[{"embeddable":true,"href":"https:\/\/matrend.hu\/maitrend\/index.php?rest_route=\/wp\/v2\/media\/4602"}],"wp:attachment":[{"href":"https:\/\/matrend.hu\/maitrend\/index.php?rest_route=%2Fwp%2Fv2%2Fmedia&parent=4601"}],"wp:term":[{"taxonomy":"category","embeddable":true,"href":"https:\/\/matrend.hu\/maitrend\/index.php?rest_route=%2Fwp%2Fv2%2Fcategories&post=4601"},{"taxonomy":"post_tag","embeddable":true,"href":"https:\/\/matrend.hu\/maitrend\/index.php?rest_route=%2Fwp%2Fv2%2Ftags&post=4601"}],"curies":[{"name":"wp","href":"https:\/\/api.w.org\/{rel}","templated":true}]}}