{"id":4610,"date":"2025-10-26T16:07:11","date_gmt":"2025-10-26T15:07:11","guid":{"rendered":"https:\/\/matrend.hu\/maitrend\/?p=4610"},"modified":"2025-10-26T16:07:11","modified_gmt":"2025-10-26T15:07:11","slug":"szegyen-amit-tortent-a-hazassag-elso-latasban","status":"publish","type":"post","link":"https:\/\/matrend.hu\/maitrend\/?p=4610","title":{"rendered":"Sz\u00e9gyen, amit t\u00f6rt\u00e9nt a H\u00e1zass\u00e1g els\u0151 l\u00e1t\u00e1sban!"},"content":{"rendered":"<h3>Ha val\u00f3ban igaz, amit Baranyi \u00e1ll\u00edt, akkor a m\u0171sor felel\u0151ss\u00e9ge j\u00f3val t\u00falmutat azon, hogy \u201edr\u00e1mai telev\u00edzi\u00f3s tartalmat\u201d szolg\u00e1ltat. Lehet, hogy el kell d\u00f6nteni: meddig mehet el a val\u00f3s\u00e1gshow, hol kezd\u0151dik a seg\u00edt\u00e9s feladata \u2013 \u00e9s mi az, amit nem szabad megmutatni, mert \u00e1rt.<br \/>\nEgy dolog bizonyos: ha egy ilyen jelenetet t\u00f6bb ezer n\u00e9z\u0151 l\u00e1t \u2013 k\u00f6zt\u00fck olyanok is, akik m\u00e1r elszenvedtek hasonl\u00f3t \u2013, az \u00fczenet ereje hatalmas. Lehet, hogy ez a vita visszahozza a kontroll k\u00e9rd\u00e9s\u00e9t: kell-e szigor\u00fabb szab\u00e1ly a p\u00e1rkapcsolati er\/sz\/k telev\u00edzi\u00f3s megjelen\u00edt\u00e9s\u00e9re? \u00c9s vajon v\u00e1ltozik-e a m\u0171sor j\u00f6v\u0151je is emiatt, hogy nem csak n\u00e9zetts\u00e9get, hanem felel\u0151ss\u00e9get is hordoz?<br \/>\nA fotocell\u00e1k al\u00e1 \u00e1ll\u00edtott kamera nem csak l\u00e1tv\u00e1nyt hoz \u2014 olykor konfront\u00e1l \u00e9s felel\u00e9sre h\u00edv. Enn\u00e9l t\u00f6bbet is tehet: k\u00e9rd\u00e9seket. \u00c9s tal\u00e1n, ha el\u00e9g sokan k\u00e9rdez\u00fcnk \u2013 \u00e9s nem hagyjuk a v\u00e1laszt \u00fcresen \u2013, akkor valami elkezdhet v\u00e1ltozni.<br \/>\n\u00d6NNEK MI A V\u00c9LEM\u00c9NYE? SZABAD ILYET ADNI A T\u00c9V\u00c9BEN?<\/h3>\n<p>VIA Story\/TTok<\/p>\n<p>&#8211;<\/p>\n<p>A j\u00f3l \u00e1ttekinthet\u0151 digit\u00e1lis kijelz\u0151k a m\u0171szerfal tetej\u00e9n, k\u00f6zvetlen\u00fcl a szemmagass\u00e1g alatt helyezkednek el, k\u00f6zvetlen\u00fcl a m\u0171szerfalon bel\u00fcl, az aut\u00f3 r\u00f6vid orra \u00e9s f\u00fcgg\u0151leges vezet\u00e9si poz\u00edci\u00f3ja pedig kiv\u00e1l\u00f3 kil\u00e1t\u00e1st biztos\u00edt a vezet\u0151nek, ahonnan kitekinthet az \u00fatra. Mi ezt a vezet\u00e9si poz\u00edci\u00f3t \u201ef\u00fcgg\u0151legesnek\u201d nevezz\u00fck, de igazs\u00e1g szerint ez csak erre a kateg\u00f3ri\u00e1ra jellemz\u0151.<br \/>\nAz N-specifikus \u00fcl\u00e9sek m\u00e9ly p\u00e1rn\u00e1zattal \u00e9s b\u0151r fejt\u00e1ml\u00e1kkal szint\u00e9n j\u00f3l megtervezettek, b\u00e1r nem eg\u00e9szen annyira t\u00e1maszt\u00f3ak, mint a Fiesta ST Recaro \u00fcl\u00e9sei. A korm\u00e1nyoszlop is nagym\u00e9rt\u00e9kben \u00e1ll\u00edthat\u00f3, \u00edgy a korm\u00e1nyker\u00e9k k\u00f6zel helyezhet\u0151 el, \u00e9s sz\u00e9p, term\u00e9szetes h\u00e1romsz\u00f6g alakul ki a korm\u00e1nyker\u00e9k, a ped\u00e1lok \u00e9s a sebess\u00e9gv\u00e1lt\u00f3 kezel\u0151szervei k\u00f6z\u00f6tt.<br \/>\n\u00d6sszess\u00e9g\u00e9ben alapvet\u0151en \u201ehelyesnek\u201d \u00e9rz\u0151dik ez a Hyundai bel\u00fclr\u0151l \u2013 egyfajta szupermini sz\u00e1rmaz\u00e1s\u00fa aut\u00f3, aminek kev\u00e9s k\u00f6ze van az N-specifikus k\u00e9k \u00e9s \u00e9l\u00e9nkpiros kapcsol\u00f3berendez\u00e9sekhez, amelyek mindenfel\u00e9 sz\u00e9tsz\u00f3rva megtal\u00e1lhat\u00f3k.<\/p>\n<p>Az i20 N konfigur\u00e1lhat\u00f3s\u00e1ga az infotainment rendszerre is kiterjed, mivel a bels\u0151 t\u00e9r nagym\u00e9ret\u0171 kijelz\u0151i mindenf\u00e9le inform\u00e1ci\u00f3 megjelen\u00edt\u00e9s\u00e9re be\u00e1ll\u00edthat\u00f3k \u2013 m\u00e9g a gyorsul\u00e1si er\u0151 \u00e9s a f\u00e9knyom\u00e1s adatai is.<br \/>\nA grafika is kellemesen \u00e9les (k\u00fcl\u00f6n\u00f6sen a tacho k\u00f6r\u00fcl l\u00e1ngol\u00f3 t\u0171zgy\u0171r\u0171, amikor az N m\u00f3dot v\u00e1lasztjuk), b\u00e1r azt tapasztaltuk, hogy a men\u00fck k\u00f6z\u00f6tti lapozgat\u00e1st akad\u00e1lyozta a k\u00e9sleltet\u00e9s. Az aut\u00f3 okostelefonok Apple CarPlay vagy Android Auto haszn\u00e1lat\u00e1val t\u00f6rt\u00e9n\u0151 t\u00fckr\u00f6z\u00e9si k\u00e9pess\u00e9ge ezt orvosolta, \u00e9s az Android Auto haszn\u00e1lat\u00e1val szerzett tapasztalatunk k\u00fcl\u00f6n\u00f6sen g\u00f6rd\u00fcl\u00e9keny volt. A vezet\u00e9k n\u00e9lk\u00fcli telefont\u00f6lt\u00e9s alapfelszerelts\u00e9g, ak\u00e1rcsak az USB-portok mind az els\u0151, mind a h\u00e1ts\u00f3 utasok sz\u00e1m\u00e1ra.<br \/>\nAmi a hangmin\u0151s\u00e9get illeti, a hagyom\u00e1nyos hat hangsz\u00f3r\u00f3s rendszer kiss\u00e9 v\u00e9konyka, b\u00e1r az i20 N-hez el\u00e9rhet\u0151 kev\u00e9s opcion\u00e1lis extr\u00e1k egyike egy nyolc hangsz\u00f3r\u00f3s Bose rendszer, amely a tesztaut\u00f3nkban \u00e9rezhet\u0151en jobbnak bizonyult.<\/p>\n","protected":false},"excerpt":{"rendered":"<p>Ha val\u00f3ban igaz, amit Baranyi \u00e1ll\u00edt, akkor a m\u0171sor felel\u0151ss\u00e9ge j\u00f3val t\u00falmutat azon, hogy \u201edr\u00e1mai telev\u00edzi\u00f3s tartalmat\u201d szolg\u00e1ltat. Lehet, hogy&#8230; <span class=\"gridview-grid-post-read-more\"><a href=\"https:\/\/matrend.hu\/maitrend\/?p=4610\">read more<span class=\"gridview-sr-only\"> Sz\u00e9gyen, amit t\u00f6rt\u00e9nt a H\u00e1zass\u00e1g els\u0151 l\u00e1t\u00e1sban!<\/span><\/a><\/span><\/p>\n","protected":false},"author":1,"featured_media":4613,"comment_status":"open","ping_status":"open","sticky":false,"template":"","format":"standard","meta":{"footnotes":""},"categories":[1],"tags":[],"class_list":["post-4610","post","type-post","status-publish","format-standard","has-post-thumbnail","hentry","category-egyeb","wpcat-1-id"],"_links":{"self":[{"href":"https:\/\/matrend.hu\/maitrend\/index.php?rest_route=\/wp\/v2\/posts\/4610","targetHints":{"allow":["GET"]}}],"collection":[{"href":"https:\/\/matrend.hu\/maitrend\/index.php?rest_route=\/wp\/v2\/posts"}],"about":[{"href":"https:\/\/matrend.hu\/maitrend\/index.php?rest_route=\/wp\/v2\/types\/post"}],"author":[{"embeddable":true,"href":"https:\/\/matrend.hu\/maitrend\/index.php?rest_route=\/wp\/v2\/users\/1"}],"replies":[{"embeddable":true,"href":"https:\/\/matrend.hu\/maitrend\/index.php?rest_route=%2Fwp%2Fv2%2Fcomments&post=4610"}],"version-history":[{"count":1,"href":"https:\/\/matrend.hu\/maitrend\/index.php?rest_route=\/wp\/v2\/posts\/4610\/revisions"}],"predecessor-version":[{"id":4615,"href":"https:\/\/matrend.hu\/maitrend\/index.php?rest_route=\/wp\/v2\/posts\/4610\/revisions\/4615"}],"wp:featuredmedia":[{"embeddable":true,"href":"https:\/\/matrend.hu\/maitrend\/index.php?rest_route=\/wp\/v2\/media\/4613"}],"wp:attachment":[{"href":"https:\/\/matrend.hu\/maitrend\/index.php?rest_route=%2Fwp%2Fv2%2Fmedia&parent=4610"}],"wp:term":[{"taxonomy":"category","embeddable":true,"href":"https:\/\/matrend.hu\/maitrend\/index.php?rest_route=%2Fwp%2Fv2%2Fcategories&post=4610"},{"taxonomy":"post_tag","embeddable":true,"href":"https:\/\/matrend.hu\/maitrend\/index.php?rest_route=%2Fwp%2Fv2%2Ftags&post=4610"}],"curies":[{"name":"wp","href":"https:\/\/api.w.org\/{rel}","templated":true}]}}