{"id":4619,"date":"2025-10-27T15:20:09","date_gmt":"2025-10-27T14:20:09","guid":{"rendered":"https:\/\/matrend.hu\/maitrend\/?p=4619"},"modified":"2025-10-27T15:20:09","modified_gmt":"2025-10-27T14:20:09","slug":"megvan-nagy-fero-buntetese-kijelentese-miatt","status":"publish","type":"post","link":"https:\/\/matrend.hu\/maitrend\/?p=4619","title":{"rendered":"Megvan Nagy Fer\u00f3 b\u00fcntet\u00e9se kijelent\u00e9se miatt!"},"content":{"rendered":"<h3>Nagy Fer\u00f3 kijelent\u00e9se ut\u00e1n t\u00f6bb politikus is megsz\u00f3lalt. Kar\u00e1csony Gergely \u00fagy fogalmazott, hogy a Beatrice frontember\u00e9nek mondatai egyszerre \u201efelh\u00e1bor\u00edt\u00f3ak \u00e9s elszomor\u00edt\u00f3ak\u201d. Dobrev Kl\u00e1ra szerint pedig az, aki ilyen m\u00f3don besz\u00e9l az \u00e1ldozatokr\u00f3l, nem \u00e9rdemli meg sem a Kossuth-d\u00edjat, sem azt, hogy p\u00e9ldak\u00e9pk\u00e9nt tekintsenek r\u00e1. A botr\u00e1ny hat\u00e1s\u00e1ra De\u00e1k Emese, \u0150rbotty\u00e1n \u00f6nkorm\u00e1nyzati k\u00e9pvisel\u0151je hivatalosan kezdem\u00e9nyezte, hogy Nagy Fer\u00f3t fossz\u00e1k meg a v\u00e1ros d\u00edszpolg\u00e1ri c\u00edm\u00e9t\u0151l. V\u00e9gleges d\u00f6nt\u00e9s azonban nem sz\u00fcletett.<\/h3>\n<p>VIA FB<\/p>\n<p>&#8211;<\/p>\n<p>A fejt\u00e9r h\u00e1tul m\u00e9g korl\u00e1tozottabb, de a l\u00e1bt\u00e9r mindk\u00e9t sorban elegend\u0151. Egy alacsonyabb testalkat\u00fa feln\u0151tt vagy tin\u00e9dzser sz\u00e1m\u00e1ra a h\u00e1ts\u00f3 \u00fcl\u00e9seken \u00fcl\u0151 magas \u00e9s elv\u00e9konyod\u00f3 ablakvonal klausztrof\u00f3bi\u00e1sabb \u00e9rzetet kelthet, mint amilyen val\u00f3j\u00e1ban.<br \/>\nTal\u00e1n megengedhetj\u00fck magunknak, hogy f\u00e9lretegy\u00fck a C-HR praktikum\u00e1val kapcsolatos fenntart\u00e1sainkat, tekintve, hogy ez az aut\u00f3 ink\u00e1bb a st\u00edlus\u00e9rz\u00e9k\u00e9vel, mintsem a t\u00e1gas t\u00e9rk\u00edn\u00e1lat\u00e1val k\u00edv\u00e1n vonz\u00f3v\u00e1 v\u00e1lni.<br \/>\n\u00c9s miut\u00e1n ezt megtett\u00fck, egy meglehet\u0151sen k\u00e9nyelmes, teljesen kellemes, massz\u00edvan meg\u00e9p\u00edtett \u00e9s k\u00f6vetkezetesen j\u00f3l kidolgozott bels\u0151 t\u00e9r marad, amely \u00e1tgondolt tervez\u00e9sr\u0151l \u00e9s a k\u00fcls\u0151t megk\u00fcl\u00f6nb\u00f6ztet\u0151 st\u00edlusos kifinomults\u00e1gr\u00f3l tan\u00faskodik.<br \/>\nAz aszimmetrikus m\u0171szerfal egy id\u0151t\u00e1ll\u00f3 tr\u00fckk, amellyel az aut\u00f3 azonnal a vezet\u0151re \u00f6sszpontos\u00edt\u00f3nak t\u0171nik, \u00e9s a C-HR hasonl\u00f3an megtervezett elrendez\u00e9se a v\u00edzes\u00e9s-konzolon t\u00fal eg\u00e9szen az alatta l\u00e9v\u0151 k\u00f6z\u00e9pkonzolig h\u00faz\u00f3dik.<\/p>\n<p>Fent l\u00e1that\u00f3, hogy a m\u0171szerfalb\u00f3l ki\u00e1ll\u00f3 8,0 h\u00fcvelykes infotainment k\u00e9perny\u0151 integr\u00e1l\u00e1sa lehet\u0151v\u00e9 tette a Toyota sz\u00e1m\u00e1ra, hogy alacsonyan tartsa az aut\u00f3 m\u0171szerfal\u00e1nak m\u00e9ret\u00e9t, \u00e9s meg\u0151rizze a t\u00e9r\u00e9rzetet el\u00f6l.<br \/>\nA Toyota rengeteg magasf\u00e9ny\u0171 zongoralakk m\u0171anyagot haszn\u00e1lt bels\u0151 dekor\u00e1ci\u00f3k\u00e9nt, amivel kapcsolatban vegyesek a v\u00e9lem\u00e9nyeink. Nagyon szemet gy\u00f6ny\u00f6rk\u00f6dtet\u0151 \u00e9s divatos, de l\u00e1tszanak rajta a por \u00e9s az ujjlenyomatok.<br \/>\nA sebess\u00e9gv\u00e1lt\u00f3 el\u0151tt \u00e9s m\u00f6g\u00f6tt m\u00e9ly, k\u00f6nnycsepp alak\u00fa poh\u00e1rtart\u00f3k tal\u00e1lhat\u00f3k, amelyek okos kialak\u00edt\u00e1s\u00e1nak k\u00f6sz\u00f6nhet\u0151en k\u00f6nnyebben elf\u00e9r egy f\u00fcles b\u00f6gre, mint egy kerek, a k\u00f6z\u00e9ps\u0151 kart\u00e1masz alatt pedig egy ugyanilyen m\u00e9ly t\u00e1rol\u00f3rekesz tal\u00e1lhat\u00f3 egy 12 V-os csatlakoz\u00f3aljzattal.<br \/>\nAmi itt nem hagyhat\u00f3 ki, az a Toyota er\u0151fesz\u00edt\u00e9se a kiv\u00e1l\u00f3 min\u0151s\u00e9g\u0171 anyagok kidolgoz\u00e1s\u00e1ra. A C-HR kapcsol\u00f3berendez\u00e9s\u00e9nek tapinthat\u00f3 min\u0151s\u00e9ge, gondos elhelyez\u00e9se \u00e9s formatervezett megjelen\u00e9se annyira leny\u0171g\u00f6z\u0151, hogy az aut\u00f3ra val\u00f3sz\u00edn\u0171leg k\u00f6nnyed\u00e9n felker\u00fclhetne egy Lexus embl\u00e9ma.<br \/>\nM\u00e1r a bel\u00e9p\u0151 szint\u0171 Icon is teljes k\u00f6r\u0171 vezet\u00e9st\u00e1mogat\u00f3 rendszerekkel rendelkezik a Toyota Safety Sense 2 form\u00e1j\u00e1ban, amely mag\u00e1ban foglalja az auton\u00f3m f\u00e9kez\u00e9st, a gyalogosfelismer\u00e9st \u00e9s az adapt\u00edv sebess\u00e9gtart\u00f3 automatik\u00e1t. Emellett LED-es f\u00e9nysz\u00f3r\u00f3k \u00e9s k\u00e9tz\u00f3n\u00e1s kl\u00edmaberendez\u00e9s is rendelkez\u00e9sre \u00e1ll.<br \/>\nInfotainment \u00e9s navig\u00e1ci\u00f3<br \/>\nA 8,0 h\u00fcvelykes Toyota Touch 2 infotainment rendszer alapfelszerelts\u00e9g ehhez a 26 890 fontba ker\u00fcl\u0151 modellhez, amely tartalmazza az Apple CarPlay \u00e9s az Android Auto rendszereket, valamint a tolat\u00f3kamer\u00e1t \u00e9s a DAB r\u00e1di\u00f3t. <\/p>\n","protected":false},"excerpt":{"rendered":"<p>Nagy Fer\u00f3 kijelent\u00e9se ut\u00e1n t\u00f6bb politikus is megsz\u00f3lalt. Kar\u00e1csony Gergely \u00fagy fogalmazott, hogy a Beatrice frontember\u00e9nek mondatai egyszerre \u201efelh\u00e1bor\u00edt\u00f3ak \u00e9s&#8230; <span class=\"gridview-grid-post-read-more\"><a href=\"https:\/\/matrend.hu\/maitrend\/?p=4619\">read more<span class=\"gridview-sr-only\"> Megvan Nagy Fer\u00f3 b\u00fcntet\u00e9se kijelent\u00e9se miatt!<\/span><\/a><\/span><\/p>\n","protected":false},"author":1,"featured_media":4620,"comment_status":"open","ping_status":"open","sticky":false,"template":"","format":"standard","meta":{"footnotes":""},"categories":[1],"tags":[],"class_list":["post-4619","post","type-post","status-publish","format-standard","has-post-thumbnail","hentry","category-egyeb","wpcat-1-id"],"_links":{"self":[{"href":"https:\/\/matrend.hu\/maitrend\/index.php?rest_route=\/wp\/v2\/posts\/4619","targetHints":{"allow":["GET"]}}],"collection":[{"href":"https:\/\/matrend.hu\/maitrend\/index.php?rest_route=\/wp\/v2\/posts"}],"about":[{"href":"https:\/\/matrend.hu\/maitrend\/index.php?rest_route=\/wp\/v2\/types\/post"}],"author":[{"embeddable":true,"href":"https:\/\/matrend.hu\/maitrend\/index.php?rest_route=\/wp\/v2\/users\/1"}],"replies":[{"embeddable":true,"href":"https:\/\/matrend.hu\/maitrend\/index.php?rest_route=%2Fwp%2Fv2%2Fcomments&post=4619"}],"version-history":[{"count":1,"href":"https:\/\/matrend.hu\/maitrend\/index.php?rest_route=\/wp\/v2\/posts\/4619\/revisions"}],"predecessor-version":[{"id":4621,"href":"https:\/\/matrend.hu\/maitrend\/index.php?rest_route=\/wp\/v2\/posts\/4619\/revisions\/4621"}],"wp:featuredmedia":[{"embeddable":true,"href":"https:\/\/matrend.hu\/maitrend\/index.php?rest_route=\/wp\/v2\/media\/4620"}],"wp:attachment":[{"href":"https:\/\/matrend.hu\/maitrend\/index.php?rest_route=%2Fwp%2Fv2%2Fmedia&parent=4619"}],"wp:term":[{"taxonomy":"category","embeddable":true,"href":"https:\/\/matrend.hu\/maitrend\/index.php?rest_route=%2Fwp%2Fv2%2Fcategories&post=4619"},{"taxonomy":"post_tag","embeddable":true,"href":"https:\/\/matrend.hu\/maitrend\/index.php?rest_route=%2Fwp%2Fv2%2Ftags&post=4619"}],"curies":[{"name":"wp","href":"https:\/\/api.w.org\/{rel}","templated":true}]}}