{"id":4622,"date":"2025-10-27T16:02:59","date_gmt":"2025-10-27T15:02:59","guid":{"rendered":"https:\/\/matrend.hu\/maitrend\/?p=4622"},"modified":"2025-10-27T16:05:54","modified_gmt":"2025-10-27T15:05:54","slug":"megint-szornyuseg-tortent-a-pilisben","status":"publish","type":"post","link":"https:\/\/matrend.hu\/maitrend\/?p=4622","title":{"rendered":"Megint borzaszt\u00f3 dolog t\u00f6rt\u00e9nt a Pilisben!"},"content":{"rendered":"<h3>A rend\u0151rs\u00e9g \u00e9s a ment\u0151csapatok k\u00f6z\u00f6sen vezett\u00e9k ki az \u00e9rintett szem\u00e9lyt az erd\u0151b\u0151l, majd a ment\u0151szolg\u00e1lat tov\u00e1bbi orvosi vizsg\u00e1latra sz\u00e1ll\u00edtotta. Az eset szerencs\u00e9re komolyabb k\u00f6vetkezm\u00e9nyek n\u00e9lk\u00fcl z\u00e1rult, ugyanakkor ism\u00e9t r\u00e1ir\u00e1ny\u00edtotta a figyelmet a ment\u0151szolg\u00e1latok gyors \u00e9s \u00f6sszehangolt munk\u00e1j\u00e1nak jelent\u0151s\u00e9g\u00e9re.<\/h3>\n<p>VIA blikk<\/p>\n<p>&#8211;<\/p>\n<p>Mindezek figyelembev\u00e9tel\u00e9vel a c\u00e9gnek innovat\u00edvan \u00e9s mer\u00e9szen kellett gondolkodnia ahhoz, hogy meg\u0151rizze kulcsszerepl\u0151i poz\u00edci\u00f3j\u00e1t a val\u00f3s vezet\u00e9si aut\u00f3k piac\u00e1n. \u00c9s m\u00e1r \u00e9vek \u00f3ta \u2013 mik\u00f6zben n\u00e9h\u00e1ny f\u0151 versenyt\u00e1rsa folytatta a megszokott m\u00f3don, elker\u00fclve a kellemetlen meglepet\u00e9seket, vagy egyszer\u0171en arra a k\u00f6vetkeztet\u00e9sre jutottak, hogy a megfizethet\u0151 elektromos teljes\u00edtm\u00e9ny\u0171 aut\u00f3k vagy nem lehetnek \u00e9letk\u00e9pesek, vagy nem lehetnek t\u00fal sz\u00f3rakoztat\u00f3ak \u2013, a Peugeot k\u00eds\u00e9rletezik, \u00faj\u00edt \u00e9s mer hinni.<\/p>\n<p>2015-ben, a 308 GTi bemutat\u00e1s\u00e1nak \u00e9v\u00e9ben a k\u00f6zel 500 l\u00f3er\u0151s Peugeot 308 Hybrid R protot\u00edpust olyan magas sz\u00ednvonalon fejlesztett\u00e9k, hogy az \u00fajs\u00e1g\u00edr\u00f3k is kipr\u00f3b\u00e1lhatt\u00e1k. \u00c9s b\u00e1r az az\u00f3ta eltelt n\u00e9h\u00e1ny \u00e9v turbulens piaci k\u00f6r\u00fclm\u00e9nyei v\u00e9get vetettek az aut\u00f3 sorozatgy\u00e1rt\u00e1s\u00e1nak es\u00e9lyeinek, a h\u00e9ten piacra dobt\u00e1k a tesztaut\u00f3t \u2013 a Peugeot 508 Peugeot Sport Engineered-et \u2013, amellyel \u2013 \u00e1ll\u00edt\u00e1suk szerint \u2013 a teljes\u00edtm\u00e9nym\u00e9rn\u00f6ki r\u00e9szleg\u00fck k\u00e9t l\u00e1bbal el\u0151rel\u00e9p egy \u00faj, elektromos korszakba.<br \/>\nAz 508 PSE a Peugeot \u00e1ltal valaha gy\u00e1rtott leger\u0151sebb sorozatgy\u00e1rt\u00e1s\u00fa k\u00f6z\u00fati aut\u00f3, \u00e9s egyben az egyik legmer\u00e9szebb m\u0171szaki megold\u00e1s. Egy n\u00e9gyhengeres benzinmotort kombin\u00e1l egy-egy er\u0151s villanymotorral mindk\u00e9t tengelyen; emellett el\u00e9g nagy hajt\u00f3akkumul\u00e1torral rendelkezik ahhoz, hogy ezeket a motorokat az intenz\u00edv vezet\u00e9si teljes\u00edtm\u00e9ny sor\u00e1n sz\u00fcks\u00e9ges \u00e1rammal l\u00e1ssa el, \u00e9s lehet\u0151v\u00e9 tegye, hogy ad\u00f3takar\u00e9kos plug-in hibridk\u00e9nt tiszt\u00e1n elektromos hajt\u00e1s mellett is m\u0171k\u00f6dj\u00f6n. Az 508 PSE t\u00f6bbmotoros hibrid hajt\u00e1sl\u00e1nca hasonl\u00f3 ahhoz, amelyet a n\u00e9h\u00e1ny \u00e9vvel ezel\u0151tti k\u00eds\u00e9rleti 308 haszn\u00e1lt; de az elt\u00e9r\u0151 m\u00f3dok sokat el\u00e1rulnak az elektromos motorok, akkumul\u00e1torok \u00e9s bels\u0151 \u00e9g\u00e9s\u0171 motorok haszn\u00e1lat\u00e1nak korl\u00e1tair\u00f3l a nagy teljes\u00edtm\u00e9ny\u0171 aut\u00f3kban, valamint az energiatermel\u00e9s robusztuss\u00e1g\u00e1val, valamint a s\u00faly \u00e9s a h\u0151 kezel\u00e9s\u00e9vel kapcsolatos kih\u00edv\u00e1sokr\u00f3l, amelyek minden olyan aut\u00f3gy\u00e1rt\u00f3 sz\u00e1m\u00e1ra fenn\u00e1llnak, amely megk\u00eds\u00e9rli ugyanazt a v\u00e1lt\u00e1st, amit a Peugeot most v\u00e9grehajt.<\/p>\n<p>A 308 Hybrid R-hez hasonl\u00f3an ez az 508 is egy el\u00f6l elhelyezett 1,6 literes, turb\u00f3felt\u00f6lt\u0151s, n\u00e9gyhengeres benzinmotort haszn\u00e1l els\u0151dleges hajt\u00e1sforr\u00e1sk\u00e9nt, emellett mindk\u00e9t tengelyen tal\u00e1lhat\u00f3 egy-egy elektromos hajt\u00f3motor. Az els\u0151 motor a benzinmotor \u00e9s egy nyolcfokozat\u00fa automata sebess\u00e9gv\u00e1lt\u00f3 k\u00f6z\u00f6tt helyezkedik el, m\u00edg a h\u00e1ts\u00f3 motor lass\u00edt\u00f3 \u00e1tt\u00e9telen kereszt\u00fcl hajtja a h\u00e1ts\u00f3 kerekeket.<\/p>\n","protected":false},"excerpt":{"rendered":"<p>A rend\u0151rs\u00e9g \u00e9s a ment\u0151csapatok k\u00f6z\u00f6sen vezett\u00e9k ki az \u00e9rintett szem\u00e9lyt az erd\u0151b\u0151l, majd a ment\u0151szolg\u00e1lat tov\u00e1bbi orvosi vizsg\u00e1latra sz\u00e1ll\u00edtotta&#8230;. <span class=\"gridview-grid-post-read-more\"><a href=\"https:\/\/matrend.hu\/maitrend\/?p=4622\">read more<span class=\"gridview-sr-only\"> Megint borzaszt\u00f3 dolog t\u00f6rt\u00e9nt a Pilisben!<\/span><\/a><\/span><\/p>\n","protected":false},"author":1,"featured_media":4623,"comment_status":"open","ping_status":"open","sticky":false,"template":"","format":"standard","meta":{"footnotes":""},"categories":[1],"tags":[],"class_list":["post-4622","post","type-post","status-publish","format-standard","has-post-thumbnail","hentry","category-egyeb","wpcat-1-id"],"_links":{"self":[{"href":"https:\/\/matrend.hu\/maitrend\/index.php?rest_route=\/wp\/v2\/posts\/4622","targetHints":{"allow":["GET"]}}],"collection":[{"href":"https:\/\/matrend.hu\/maitrend\/index.php?rest_route=\/wp\/v2\/posts"}],"about":[{"href":"https:\/\/matrend.hu\/maitrend\/index.php?rest_route=\/wp\/v2\/types\/post"}],"author":[{"embeddable":true,"href":"https:\/\/matrend.hu\/maitrend\/index.php?rest_route=\/wp\/v2\/users\/1"}],"replies":[{"embeddable":true,"href":"https:\/\/matrend.hu\/maitrend\/index.php?rest_route=%2Fwp%2Fv2%2Fcomments&post=4622"}],"version-history":[{"count":2,"href":"https:\/\/matrend.hu\/maitrend\/index.php?rest_route=\/wp\/v2\/posts\/4622\/revisions"}],"predecessor-version":[{"id":4625,"href":"https:\/\/matrend.hu\/maitrend\/index.php?rest_route=\/wp\/v2\/posts\/4622\/revisions\/4625"}],"wp:featuredmedia":[{"embeddable":true,"href":"https:\/\/matrend.hu\/maitrend\/index.php?rest_route=\/wp\/v2\/media\/4623"}],"wp:attachment":[{"href":"https:\/\/matrend.hu\/maitrend\/index.php?rest_route=%2Fwp%2Fv2%2Fmedia&parent=4622"}],"wp:term":[{"taxonomy":"category","embeddable":true,"href":"https:\/\/matrend.hu\/maitrend\/index.php?rest_route=%2Fwp%2Fv2%2Fcategories&post=4622"},{"taxonomy":"post_tag","embeddable":true,"href":"https:\/\/matrend.hu\/maitrend\/index.php?rest_route=%2Fwp%2Fv2%2Ftags&post=4622"}],"curies":[{"name":"wp","href":"https:\/\/api.w.org\/{rel}","templated":true}]}}