{"id":4626,"date":"2025-10-27T17:23:56","date_gmt":"2025-10-27T16:23:56","guid":{"rendered":"https:\/\/matrend.hu\/maitrend\/?p=4626"},"modified":"2025-10-27T17:23:56","modified_gmt":"2025-10-27T16:23:56","slug":"oriasit-hazudott-a-hazassag-elso-latasra-sztarja","status":"publish","type":"post","link":"https:\/\/matrend.hu\/maitrend\/?p=4626","title":{"rendered":"\u00d3ri\u00e1sit hazudott a H\u00e1zass\u00e1g els\u0151 l\u00e1t\u00e1sra szt\u00e1rja!"},"content":{"rendered":"<h3>A dr\u00e1ma cs\u00facspontja egy strandol\u00f3s epiz\u00f3dban \u00e9rkezett el. Anna \u2013 aki addig m\u00e9g p\u00f3l\u00f3ban sem engedte mag\u00e1hoz k\u00f6zel Petit \u2013 hirtelen megengedte, hogy a f\u00e9rfi bekenje naptejjel. A jelenet l\u00e1tsz\u00f3lag \u00e1rtatlan volt, de a m\u0171sor n\u00e9z\u0151i tudt\u00e1k: ez nem puszt\u00e1n naptej, ez a hat\u00e1r\u00e1tl\u00e9p\u00e9s pillanata.<br \/>\nA bikinis k\u00e9pek \u00e9s a t\u00e9v\u00e9s visszafogotts\u00e1g k\u00f6zti ellentmond\u00e1s ekkor robbant igaz\u00e1n. A rajong\u00f3k egy r\u00e9sze \u00e1rul\u00e1st ki\u00e1ltott, m\u00e1sok szerint Anna csup\u00e1n \u201efelszabadult \u00f6nmaga lett\u201d. De egy biztos: a p\u00e1r k\u00f6r\u00fcl most m\u00e1r forr a leveg\u0151, \u00e9s mindenki azt k\u00e9rdezi \u2013 mikor r0bban a b0mba?<br \/>\nA k\u00f6vetkez\u0151 epiz\u00f3dban szinte biztos, hogy elszabadulnak az indulatok. Mert ebben a t\u00f6rt\u00e9netben m\u00e1r nem a szer\/l\/mr\u0151l van sz\u00f3\u2026 hanem a h\u00edrn\u00e9vr\u0151l, az im\u00e1zsr\u00f3l \u2013 \u00e9s a kett\u0151s \u00e9let\u00e9r\u0151l, ami most leleplez\u0151dni l\u00e1tszik.<\/h3>\n<p>VIA A promotions cikke nyom\u00e1n\/ TV2<\/p>\n<p>&#8211;<\/p>\n<p>Minden e-2008 \u00e9rint\u0151k\u00e9perny\u0151s infotainment rendszert kap okostelefon-t\u00fckr\u00f6z\u00e9ssel, de a Peugeot csak az Active Premium felszerelts\u00e9gi szinten k\u00edn\u00e1l gy\u00e1rilag be\u00e9p\u00edtett navig\u00e1ci\u00f3t. A teljes felszerelts\u00e9g\u0171 10,0 h\u00fcvelykes \u00e9rint\u0151k\u00e9perny\u0151h\u00f6z Allure Premium felszerelts\u00e9gi szint sz\u00fcks\u00e9ges, m\u00edg a Peugeot Focal pr\u00e9mium hangrendszere csak a cs\u00facsmodellekben \u00e9rhet\u0151 el, 590 font fel\u00e1r ellen\u00e9ben.<\/p>\n<p>Tesztaut\u00f3nkban a 10 h\u00fcvelykes \u00e9rint\u0151k\u00e9perny\u0151 \u00e9s az alapfelszerelts\u00e9ghez tartoz\u00f3 sztere\u00f3 volt. A nagyobb k\u00e9perny\u0151 \u00e9s a m\u0171szerfal tetej\u00e9n val\u00f3 kiv\u00e1l\u00f3 elhelyezked\u00e9s ellen\u00e9re az infotainment rendszer m\u00e9g mindig nem a legintuit\u00edvabb. N\u00e9h\u00e1ny centivel lejjebb egy sor kapacit\u00edv gyorsbillenty\u0171 tal\u00e1lhat\u00f3, plusz egy m\u00e1sodik sor val\u00f3di gombokb\u00f3l, de furcsa, hogy a men\u00fck lapoz\u00e1sakor oda-vissza kell ugr\u00e1lni a k\u00e9perny\u0151 \u00e9s a konzol k\u00f6z\u00f6tt, mik\u00f6zben t\u00fal sok olyan funkci\u00f3, amelynek egy\u00e9rint\u00e9sesnek kellene lennie \u2013 p\u00e9ld\u00e1ul a HVAC \u00fczemm\u00f3d megv\u00e1ltoztat\u00e1sa vagy a navig\u00e1ci\u00f3 n\u00e9m\u00edt\u00e1sa \u2013 h\u00e1rom-n\u00e9gy \u00e9rint\u00e9st ig\u00e9nyel. J\u00f3l n\u00e9z ki a rendszer, de nem a legk\u00f6nnyebben kezelhet\u0151. Eddig magas elv\u00e1r\u00e1sokat t\u00e1masztottak az elektromos aut\u00f3kkal szemben a teljes\u00edtm\u00e9ny tekintet\u00e9ben, de elker\u00fclhetetlen, hogy ahogy az elektromos j\u00e1rm\u0171piac kiteljesedik, \u00e9s az elektromoss\u00e1g egyre gyakoribb \u00e9s norm\u00e1lisabb m\u00f3dja lesz egy tipikus csal\u00e1di aut\u00f3 meghajt\u00e1s\u00e1nak, \u00fagy ezek az elv\u00e1r\u00e1sok is m\u00e9rs\u00e9kl\u0151dni fognak. E tekintetben azt mondhatn\u00e1nk, hogy a Peugeot e-2008 a normaliz\u00e1ci\u00f3 el\u0151mozd\u00edt\u00f3ja.<\/p>\n<p>A gyorsul\u00e1sa nem fogja el\u00e1ll\u00edtani a l\u00e9legzeted. Nagyon \u00e9lesen reag\u00e1l, \u00e9s ugyanolyan tiszt\u00e1n, sim\u00e1n \u00e9s progressz\u00edven reag\u00e1l a ped\u00e1l helyzet\u00e9re, mint b\u00e1rmelyik elektromos aut\u00f3, de k\u00f6zel 9,0 m\u00e1sodpercre van sz\u00fcks\u00e9ge, hogy 48 km\/h-r\u00f3l 112 km\/h-ra gyorsuljon \u2013 ahogyan az aut\u00f3p\u00e1ly\u00e1ra val\u00f3 felhajt\u00e1skor vagy lakott ter\u00fclet elhagy\u00e1sakor is el\u0151fordulhat \u2013, \u00e9s 9,5 m\u00e1sodpercre van sz\u00fcks\u00e9ge, hogy \u00e1ll\u00f3 helyzetb\u0151l 100 km\/h-ra gyorsuljon.<\/p>\n","protected":false},"excerpt":{"rendered":"<p>A dr\u00e1ma cs\u00facspontja egy strandol\u00f3s epiz\u00f3dban \u00e9rkezett el. Anna \u2013 aki addig m\u00e9g p\u00f3l\u00f3ban sem engedte mag\u00e1hoz k\u00f6zel Petit \u2013&#8230; <span class=\"gridview-grid-post-read-more\"><a href=\"https:\/\/matrend.hu\/maitrend\/?p=4626\">read more<span class=\"gridview-sr-only\"> \u00d3ri\u00e1sit hazudott a H\u00e1zass\u00e1g els\u0151 l\u00e1t\u00e1sra szt\u00e1rja!<\/span><\/a><\/span><\/p>\n","protected":false},"author":1,"featured_media":4627,"comment_status":"open","ping_status":"open","sticky":false,"template":"","format":"standard","meta":{"footnotes":""},"categories":[1],"tags":[],"class_list":["post-4626","post","type-post","status-publish","format-standard","has-post-thumbnail","hentry","category-egyeb","wpcat-1-id"],"_links":{"self":[{"href":"https:\/\/matrend.hu\/maitrend\/index.php?rest_route=\/wp\/v2\/posts\/4626","targetHints":{"allow":["GET"]}}],"collection":[{"href":"https:\/\/matrend.hu\/maitrend\/index.php?rest_route=\/wp\/v2\/posts"}],"about":[{"href":"https:\/\/matrend.hu\/maitrend\/index.php?rest_route=\/wp\/v2\/types\/post"}],"author":[{"embeddable":true,"href":"https:\/\/matrend.hu\/maitrend\/index.php?rest_route=\/wp\/v2\/users\/1"}],"replies":[{"embeddable":true,"href":"https:\/\/matrend.hu\/maitrend\/index.php?rest_route=%2Fwp%2Fv2%2Fcomments&post=4626"}],"version-history":[{"count":1,"href":"https:\/\/matrend.hu\/maitrend\/index.php?rest_route=\/wp\/v2\/posts\/4626\/revisions"}],"predecessor-version":[{"id":4628,"href":"https:\/\/matrend.hu\/maitrend\/index.php?rest_route=\/wp\/v2\/posts\/4626\/revisions\/4628"}],"wp:featuredmedia":[{"embeddable":true,"href":"https:\/\/matrend.hu\/maitrend\/index.php?rest_route=\/wp\/v2\/media\/4627"}],"wp:attachment":[{"href":"https:\/\/matrend.hu\/maitrend\/index.php?rest_route=%2Fwp%2Fv2%2Fmedia&parent=4626"}],"wp:term":[{"taxonomy":"category","embeddable":true,"href":"https:\/\/matrend.hu\/maitrend\/index.php?rest_route=%2Fwp%2Fv2%2Fcategories&post=4626"},{"taxonomy":"post_tag","embeddable":true,"href":"https:\/\/matrend.hu\/maitrend\/index.php?rest_route=%2Fwp%2Fv2%2Ftags&post=4626"}],"curies":[{"name":"wp","href":"https:\/\/api.w.org\/{rel}","templated":true}]}}