{"id":4686,"date":"2025-10-30T18:52:55","date_gmt":"2025-10-30T17:52:55","guid":{"rendered":"https:\/\/matrend.hu\/maitrend\/?p=4686"},"modified":"2025-10-30T18:52:55","modified_gmt":"2025-10-30T17:52:55","slug":"ekkor-jon-a-14-havi-nyugdij-elso-reszlete","status":"publish","type":"post","link":"https:\/\/matrend.hu\/maitrend\/?p=4686","title":{"rendered":"Ekkor J\u00f6n a 14. havi nyugd\u00edj els\u0151 r\u00e9szlete!"},"content":{"rendered":"<h3>A k\u00f6lts\u00e9gvet\u00e9si fegyelem miatt nem v\u00e1rhat\u00f3 azonnal teljes bevezet\u00e9s \u2013 a 2\u20133 \u00e9ves vagy ak\u00e1r 4 \u00e9ves id\u0151vonal re\u00e1lisabb c\u00e9lkit\u0171z\u00e9snek t\u0171nik. \u00d6sszess\u00e9g\u00e9ben: az \u00edg\u00e9ret hangzatos, sokat rem\u00e9l\u00fcnk t\u0151le, de a val\u00f3s\u00e1g tal\u00e1n kisebb l\u00e9p\u00e9sekkel j\u00f6n. Lehet, hogy a 14. havi nyugd\u00edj nem lesz egyszerre meg, hanem \u00e9vek alatt bontakozik ki \u2013 \u00e9s mindig m\u00e9rlegelni kell, mit b\u00edr el a k\u00f6lts\u00e9gvet\u00e9s, a gazdas\u00e1g, \u00e9s a politikai t\u00e9r.<br \/>\nAz id\u0151sek sz\u00e1m\u00e1ra mindenesetre \u00f6r\u00f6m, ha legal\u00e1bb r\u00e9szben val\u00f3ra v\u00e1lik \u2013 de \u00f3vatosan kell kezelni a v\u00e1rakoz\u00e1st, hiszen nagyon sokat rajzolhatnak ki ut\u00f3lag a r\u00e9szletek.<\/h3>\n<p>VIA Ripost<\/p>\n<p>&#8211;<\/p>\n<p>Az Evoque belsej\u00e9ben tov\u00e1bbi hasonl\u00f3s\u00e1gokat tal\u00e1lhatunk a Range Rover k\u00edn\u00e1lat\u00e1val, a hangs\u00falyt a min\u0151s\u00e9gi anyagokra, a letisztult diz\u00e1jnra \u00e9s a modern infotainmentre helyezve. <\/p>\n<p>Azonban a k\u00fcl\u00f6n\u00e1ll\u00f3 k\u00e9perny\u0151 a k\u00f6nnyen haszn\u00e1lhat\u00f3 teker\u0151gombokkal elt\u0171nt, \u00e9s be\u00e9p\u00fclt a nagym\u00e9ret\u0171, 11,4 h\u00fcvelykes \u00e9rint\u0151k\u00e9perny\u0151be, ak\u00e1rcsak az XC40-ben. V\u00e9lem\u00e9ny\u00fcnk szerint ez egy visszal\u00e9p\u00e9s, mert elvett valamit, ami lehet\u0151v\u00e9 tette az Evoque sz\u00e1m\u00e1ra, hogy kit\u0171nj\u00f6n versenyt\u00e1rsai k\u00f6z\u00fcl a k\u00f6nny\u0171 kezelhet\u0151s\u00e9g tekintet\u00e9ben, \u00e9s egy olyan \u201emegold\u00e1st\u201d adott nek\u00fcnk, amely ugyanolyan neh\u00e9zz\u00e9 teszi a kl\u00edma be\u00e1ll\u00edt\u00e1s\u00e1t menet k\u00f6zben, mint a versenyt\u00e1rsak eset\u00e9ben. R\u00e1ad\u00e1sul a forg\u00f3gomboknak egy okos kett\u0151s funkci\u00f3juk volt, lehet\u0151v\u00e9 t\u00e9ve, hogy a f\u0171thet\u0151 els\u0151 \u00fcl\u00e9seket is vel\u00fck lehessen \u00e1ll\u00edtani. Most m\u00e1r csak a k\u00e9perny\u0151be kell m\u00e9lyedni, hogy ezt a feladatot elv\u00e9gezz\u00fck. Bel\u00fcl rengeteg lehet\u0151s\u00e9g van a szem\u00e9lyre szab\u00e1sra, k\u00fcl\u00f6nf\u00e9le sz\u00ednkombin\u00e1ci\u00f3k, felszerelts\u00e9gi csomagok \u00e9s d\u00edsz\u00edt\u0151elemek k\u00f6z\u00fcl v\u00e1laszthat, de fel kell k\u00e9sz\u00fclni arra, hogy komoly \u00f6sszegeket kell fizetni ezek\u00e9rt az egyedi r\u00e9szletek\u00e9rt.<\/p>\n<p>Az alapfelszerelts\u00e9g r\u00e9sze egy 10 h\u00fcvelykes \u00e9rint\u0151k\u00e9perny\u0151, amelyen a Land Rover Pivi infotainment rendszere fut, vezet\u00e9k n\u00e9lk\u00fcli  Apple CarPlay \u00e9s  Android Auto okostelefon-kapcsolat, tolat\u00f3kamer\u00e1t, sebess\u00e9gtart\u00f3 automatik\u00e1t , s\u00e1vtart\u00f3 asszisztenst \u00e9s 17 colos k\u00f6nny\u0171f\u00e9m ker\u00e9kt\u00e1rcs\u00e1kat. A magasabb felszerelts\u00e9gi szint\u0171 modellek t\u00f6bbek k\u00f6z\u00f6tt tov\u00e1bbfejlesztett Pivi Pro infotainment rendszert, Meridian hangrendszert, b\u0151rk\u00e1rpitoz\u00e1st \u00e9s nagyobb felniket kapnak.<\/p>\n<p>Ahogy az v\u00e1rhat\u00f3 volt, rengeteg opcion\u00e1lis csomag is el\u00e9rhet\u0151. Az alapszint\u0171 Evoque S modellhez el\u00e9rhet\u0151, 580 fontos opcion\u00e1lis k\u00e9nyelmi csomag kulcs n\u00e9lk\u00fcli nyit\u00e1st, elektromos csomagt\u00e9rajt\u00f3t \u00e9s automatikus t\u00e1vols\u00e1gi f\u00e9nysz\u00f3r\u00f3-asszisztenst tartalmaz. Emellett el\u00e9rhet\u0151 a Komfort csomag is, amely UV- \u00e9s infrav\u00f6r\u00f6s f\u00e9nyvisszaver\u0151 sz\u00e9lv\u00e9d\u0151t, modernebb utast\u00e9r-l\u00e9gtiszt\u00edt\u00f3 rendszert, n\u00e9h\u00e1ny szell\u0151z\u0151ny\u00edl\u00e1st h\u00e1tul \u00e9s konfigur\u00e1lhat\u00f3 hangulatvil\u00e1g\u00edt\u00e1st tartalmaz. Az Evoque a Land Rover Pivi Pro fed\u00e9lzeti technol\u00f3gi\u00e1j\u00e1val rendelkezik, amely mag\u00e1ban foglal egy 11,4 h\u00fcvelykes \u00e9rint\u0151k\u00e9perny\u0151t, DAB digit\u00e1lis r\u00e1di\u00f3t, valamint vezet\u00e9k n\u00e9lk\u00fcli  Apple CarPlay \u00e9s  Android Auto csatlakoz\u00e1st. A men\u00fc elrendez\u00e9se egyszer\u0171, \u00e9s a rendszer mostant\u00f3l vezet\u00e9k n\u00e9lk\u00fcli friss\u00edt\u00e9sekkel is friss\u00edthet\u0151. Egyszer\u0171en fogalmazva, a Land Rover Pivi Pro infotainment rendszere kvantumugr\u00e1s a 2021 el\u0151tti Evoque-okban tal\u00e1lhat\u00f3 r\u00e9gi fel\u00e9p\u00edt\u00e9shez k\u00e9pest.  <\/p>\n","protected":false},"excerpt":{"rendered":"<p>A k\u00f6lts\u00e9gvet\u00e9si fegyelem miatt nem v\u00e1rhat\u00f3 azonnal teljes bevezet\u00e9s \u2013 a 2\u20133 \u00e9ves vagy ak\u00e1r 4 \u00e9ves id\u0151vonal re\u00e1lisabb c\u00e9lkit\u0171z\u00e9snek&#8230; <span class=\"gridview-grid-post-read-more\"><a href=\"https:\/\/matrend.hu\/maitrend\/?p=4686\">read more<span class=\"gridview-sr-only\"> Ekkor J\u00f6n a 14. havi nyugd\u00edj els\u0151 r\u00e9szlete!<\/span><\/a><\/span><\/p>\n","protected":false},"author":1,"featured_media":4687,"comment_status":"open","ping_status":"open","sticky":false,"template":"","format":"standard","meta":{"footnotes":""},"categories":[1],"tags":[],"class_list":["post-4686","post","type-post","status-publish","format-standard","has-post-thumbnail","hentry","category-egyeb","wpcat-1-id"],"_links":{"self":[{"href":"https:\/\/matrend.hu\/maitrend\/index.php?rest_route=\/wp\/v2\/posts\/4686","targetHints":{"allow":["GET"]}}],"collection":[{"href":"https:\/\/matrend.hu\/maitrend\/index.php?rest_route=\/wp\/v2\/posts"}],"about":[{"href":"https:\/\/matrend.hu\/maitrend\/index.php?rest_route=\/wp\/v2\/types\/post"}],"author":[{"embeddable":true,"href":"https:\/\/matrend.hu\/maitrend\/index.php?rest_route=\/wp\/v2\/users\/1"}],"replies":[{"embeddable":true,"href":"https:\/\/matrend.hu\/maitrend\/index.php?rest_route=%2Fwp%2Fv2%2Fcomments&post=4686"}],"version-history":[{"count":1,"href":"https:\/\/matrend.hu\/maitrend\/index.php?rest_route=\/wp\/v2\/posts\/4686\/revisions"}],"predecessor-version":[{"id":4688,"href":"https:\/\/matrend.hu\/maitrend\/index.php?rest_route=\/wp\/v2\/posts\/4686\/revisions\/4688"}],"wp:featuredmedia":[{"embeddable":true,"href":"https:\/\/matrend.hu\/maitrend\/index.php?rest_route=\/wp\/v2\/media\/4687"}],"wp:attachment":[{"href":"https:\/\/matrend.hu\/maitrend\/index.php?rest_route=%2Fwp%2Fv2%2Fmedia&parent=4686"}],"wp:term":[{"taxonomy":"category","embeddable":true,"href":"https:\/\/matrend.hu\/maitrend\/index.php?rest_route=%2Fwp%2Fv2%2Fcategories&post=4686"},{"taxonomy":"post_tag","embeddable":true,"href":"https:\/\/matrend.hu\/maitrend\/index.php?rest_route=%2Fwp%2Fv2%2Ftags&post=4686"}],"curies":[{"name":"wp","href":"https:\/\/api.w.org\/{rel}","templated":true}]}}