{"id":4692,"date":"2025-10-31T15:02:56","date_gmt":"2025-10-31T14:02:56","guid":{"rendered":"https:\/\/matrend.hu\/maitrend\/?p=4692"},"modified":"2025-10-31T15:02:56","modified_gmt":"2025-10-31T14:02:56","slug":"ez-a-10-legszebb-noveny-sirokra","status":"publish","type":"post","link":"https:\/\/matrend.hu\/maitrend\/?p=4692","title":{"rendered":"Ez a 10 legszebb n\u00f6v\u00e9ny s\u00edrokra"},"content":{"rendered":"<h3>A h\u00f3vir\u00e1g tavasszal az els\u0151k k\u00f6z\u00f6tt b\u00fajik ki, de hagym\u00e1s n\u00f6v\u00e9nyk\u00e9nt el\u00fcltetve t\u00e9len is j\u00f3l megmarad a talajban. Feh\u00e9r, tiszta vir\u00e1gai finom eleganci\u00e1t sug\u00e1roznak, \u00e9s kora tavasszal pomp\u00e1zatos l\u00e1tv\u00e1nyt ny\u00fajtanak. Borosty\u00e1n (Hedera helix) A borosty\u00e1n \u00f6r\u00f6kz\u00f6ld n\u00f6v\u00e9ny, amely sz\u00e9pen felfut a s\u00edrok sz\u00e9l\u00e9n, z\u00f6ld levelei pedig eg\u00e9sz \u00e9vben megmaradnak. Strapab\u00edr\u00f3 \u00e9s kev\u00e9s gondoz\u00e1st ig\u00e9nyel, \u00edgy hossz\u00fa t\u00e1v\u00fa dekor\u00e1ci\u00f3t biztos\u00edt. Cikl\u00e1men (Cyclamen) A cikl\u00e1men hidegt\u0171r\u0151, \u00e9s gazdag sz\u00ednv\u00e1laszt\u00e9ka r\u00e9v\u00e9n sz\u00e9pen mutat s\u00edrokon. Finom, sz\u00edv alak\u00fa levelei \u00e9s v\u00e1ltozatos vir\u00e1gsz\u00ednei k\u00fcl\u00f6nleges l\u00e1tv\u00e1nyt ny\u00fajtanak a h\u0171v\u00f6sebb id\u0151szakokban is.<\/h3>\n<p>Forr\u00e1s: MSN \/ FB \/ EZT<\/p>\n<p>&#8211;<\/p>\n<p>A d\u00edzelmotorok mindig is n\u00e9pszer\u0171 v\u00e1laszt\u00e1snak sz\u00e1m\u00edtottak a Renault Sc\u00e9nic v\u00e1s\u00e1rl\u00f3i k\u00f6r\u00e9ben \u2013 \u00e9s szerencs\u00e9re a 1.5-\u00f6s \u00e9s 2.0 literes dCi d\u00edzelek teljes\u00edtm\u00e9nye t\u00f6k\u00e9letesen megfelel az elv\u00e1r\u00e1soknak. Egyed\u00fcl a 1.9 literes dCi \u00e9rz\u0151dik m\u00e1r kiss\u00e9 elavultnak, hiszen a technika \u00e9s a hat\u00e9konys\u00e1g ter\u00e9n m\u00e1ra t\u00faln\u0151ttek rajta az \u00fajabb motorok. A 2.0 dCi ezzel szemben k\u00fcl\u00f6n\u00f6sen meggy\u0151z\u0151: sima j\u00e1r\u00e1s\u00fa, kultur\u00e1lt, er\u0151teljes, \u00e9s m\u00e9g gyors\u00edt\u00e1skor sem t\u0171nik er\u0151lk\u00f6d\u0151nek.<\/p>\n<p>A Sc\u00e9nic egyik jellegzetess\u00e9ge a m\u0171szerfalra szerelt sebess\u00e9gv\u00e1lt\u00f3 kar, amely mind az \u00f6t-, mind a hatfokozat\u00fa v\u00e1lt\u00f3val egy\u00fctt k\u00f6nnyed \u00e9s k\u00e9nyelmes vezet\u00e9st tesz lehet\u0151v\u00e9. Aut\u00f3p\u00e1ly\u00e1n haladva a motor alacsony fordulatsz\u00e1mon dolgozik, a v\u00e1lt\u00f3kioszt\u00e1s pedig biztos\u00edtja a nyugodt, zajtalan utaz\u00e1st. A f\u00e9kez\u00e9skor viszont m\u00e1r nem ennyire kifinomult a Sc\u00e9nic: a f\u00e9krendszer kiss\u00e9 \u00e9rzet n\u00e9lk\u00fcli, a ped\u00e1l\u00fat r\u00f6vid, \u00e9s hi\u00e1nyzik a finom visszajelz\u00e9s, ami a prec\u00edz adagol\u00e1st seg\u00edten\u00e9.<\/p>\n","protected":false},"excerpt":{"rendered":"<p>A h\u00f3vir\u00e1g tavasszal az els\u0151k k\u00f6z\u00f6tt b\u00fajik ki, de hagym\u00e1s n\u00f6v\u00e9nyk\u00e9nt el\u00fcltetve t\u00e9len is j\u00f3l megmarad a talajban. Feh\u00e9r, tiszta&#8230; <span class=\"gridview-grid-post-read-more\"><a href=\"https:\/\/matrend.hu\/maitrend\/?p=4692\">read more<span class=\"gridview-sr-only\"> Ez a 10 legszebb n\u00f6v\u00e9ny s\u00edrokra<\/span><\/a><\/span><\/p>\n","protected":false},"author":1,"featured_media":4693,"comment_status":"open","ping_status":"open","sticky":false,"template":"","format":"standard","meta":{"footnotes":""},"categories":[1],"tags":[],"class_list":["post-4692","post","type-post","status-publish","format-standard","has-post-thumbnail","hentry","category-egyeb","wpcat-1-id"],"_links":{"self":[{"href":"https:\/\/matrend.hu\/maitrend\/index.php?rest_route=\/wp\/v2\/posts\/4692","targetHints":{"allow":["GET"]}}],"collection":[{"href":"https:\/\/matrend.hu\/maitrend\/index.php?rest_route=\/wp\/v2\/posts"}],"about":[{"href":"https:\/\/matrend.hu\/maitrend\/index.php?rest_route=\/wp\/v2\/types\/post"}],"author":[{"embeddable":true,"href":"https:\/\/matrend.hu\/maitrend\/index.php?rest_route=\/wp\/v2\/users\/1"}],"replies":[{"embeddable":true,"href":"https:\/\/matrend.hu\/maitrend\/index.php?rest_route=%2Fwp%2Fv2%2Fcomments&post=4692"}],"version-history":[{"count":1,"href":"https:\/\/matrend.hu\/maitrend\/index.php?rest_route=\/wp\/v2\/posts\/4692\/revisions"}],"predecessor-version":[{"id":4694,"href":"https:\/\/matrend.hu\/maitrend\/index.php?rest_route=\/wp\/v2\/posts\/4692\/revisions\/4694"}],"wp:featuredmedia":[{"embeddable":true,"href":"https:\/\/matrend.hu\/maitrend\/index.php?rest_route=\/wp\/v2\/media\/4693"}],"wp:attachment":[{"href":"https:\/\/matrend.hu\/maitrend\/index.php?rest_route=%2Fwp%2Fv2%2Fmedia&parent=4692"}],"wp:term":[{"taxonomy":"category","embeddable":true,"href":"https:\/\/matrend.hu\/maitrend\/index.php?rest_route=%2Fwp%2Fv2%2Fcategories&post=4692"},{"taxonomy":"post_tag","embeddable":true,"href":"https:\/\/matrend.hu\/maitrend\/index.php?rest_route=%2Fwp%2Fv2%2Ftags&post=4692"}],"curies":[{"name":"wp","href":"https:\/\/api.w.org\/{rel}","templated":true}]}}