{"id":4695,"date":"2025-10-31T17:10:16","date_gmt":"2025-10-31T16:10:16","guid":{"rendered":"https:\/\/matrend.hu\/maitrend\/?p=4695"},"modified":"2025-10-31T17:10:16","modified_gmt":"2025-10-31T16:10:16","slug":"bevezettek-a-keritesadot","status":"publish","type":"post","link":"https:\/\/matrend.hu\/maitrend\/?p=4695","title":{"rendered":"Bevezett\u00e9k a Ker\u00edt\u00e9sad\u00f3t!"},"content":{"rendered":"<h3>A H\u00edrbalaton gy\u0171jt\u00e9se szerint jelenleg Balatonf\u0151kaj\u00e1r az egyetlen balatoni telep\u00fcl\u00e9s, ahol ilyen t\u00edpus\u00fa, \u201eker\u00edt\u00e9sad\u00f3k\u00e9nt\u201d ismert helyi ad\u00f3nemet vezettek be.<br \/>\nA k\u00f6rny\u00e9k m\u00e1s \u00f6nkorm\u00e1nyzatai eddig ink\u00e1bb a hagyom\u00e1nyos idegenforgalmi ad\u00f3k m\u00f3dos\u00edt\u00e1s\u00e1val pr\u00f3b\u00e1lt\u00e1k n\u00f6velni bev\u00e9teleiket. T\u00f6bb Balaton-parti telep\u00fcl\u00e9sen emelt\u00e9k az \u00fcd\u00fcl\u0151helyi vend\u00e9g\u00e9jszak\u00e1k ut\u00e1n fizetend\u0151 \u00f6sszegeket, m\u00e1shol pedig \u00faj turisztikai d\u00edjakat vezettek be. A balatonf\u0151kaj\u00e1ri d\u00f6nt\u00e9s komoly visszhangot v\u00e1ltott ki a k\u00f6z\u00f6ss\u00e9gi m\u00e9di\u00e1ban \u00e9s a helyi lakoss\u00e1g k\u00f6r\u00e9ben. Sokan \u00e9rthetetlennek tartj\u00e1k az \u00faj ad\u00f3nemet, m\u00e1sok szerint viszont az \u00f6nkorm\u00e1nyzatnak jog\u00e1ban \u00e1ll kreat\u00edv bev\u00e9teli forr\u00e1sokat keresni.<br \/>\nAz ellenz\u0151k f\u0151k\u00e9nt arra hivatkoznak, hogy a ker\u00edt\u00e9sek megad\u00f3ztat\u00e1sa ar\u00e1nytalanul terheli a nagyobb telkek tulajdonosait, m\u00edg a kisebb ingatlanok eset\u00e9ben alacsonyabb az ad\u00f3teher.<\/h3>\n<p>VIA tudasfaja<\/p>\n<p>&#8211;<\/p>\n<p>A Citro\u00ebn a hatfokozat\u00fa manu\u00e1lis modellhez sebess\u00e9gv\u00e1lt\u00e1s-jelz\u0151t is be\u00e9p\u00edtett, \u00edgy pontosan tudni fogja, mikor kell fel- vagy visszakapcsolni \u2013 \u00edgy biztos\u00edtva, hogy minden seg\u00edts\u00e9g a lehet\u0151 leghat\u00e9konyabb vezet\u00e9shez rendelkez\u00e9sre \u00e1lljon. Egy m\u00e1sik hasznos kieg\u00e9sz\u00edt\u00e9s \u2013 mind a Plus, mind a Max v\u00e1ltozatban \u2013 a gumiabroncsnyom\u00e1s-ellen\u0151rz\u0151 rendszer, amely megakad\u00e1lyozza, hogy akaratlanul alulf\u00fajt gumiabroncsokkal vezessen, ami jelent\u0151sen cs\u00f6kkentheti az \u00fczemanyag-fogyaszt\u00e1st. A Citroen e-C3 44 kWh-s akkumul\u00e1tora 300 km-es hat\u00f3t\u00e1vols\u00e1got biztos\u00edt. Els\u0151 ausztriai utunk gyors vid\u00e9ki utakon \u00e9s lassabb k\u00fclv\u00e1rosi utc\u00e1kon vezetett kereszt\u00fcl, r\u00f6vid, fot\u00f3z\u00e1shoz sz\u00fcks\u00e9ges gyors\u00edt\u00e1sokkal tark\u00edtva, \u00edgy a v\u00e1rhat\u00f3 hat\u00f3t\u00e1vols\u00e1g 280 km volt. \u00c1ll\u00edt\u00e1sunk szerint ez az \u00e9rt\u00e9k hagyom\u00e1nyosabb haszn\u00e1lattal is verhet\u0151, b\u00e1r a h\u0151szivatty\u00fa hi\u00e1nya ( m\u00e9g opci\u00f3k\u00e9nt sem el\u00e9rhet\u0151) azt jelenti, hogy h\u0171v\u00f6sebb id\u0151ben k\u00f6nnyen 10 sz\u00e1zal\u00e9kkal cs\u00f6kkenthet\u0151 a teljes hat\u00f3t\u00e1vols\u00e1g.<\/p>\n<p>Az elektromos aut\u00f3 t\u00f6lt\u0151portja az aut\u00f3 h\u00e1tulj\u00e1n tal\u00e1lhat\u00f3, ahol a hagyom\u00e1nyos motorral szerelt v\u00e1ltozatokon a benzint\u00f6lt\u0151 fedelet is megtal\u00e1ljuk. Ez azonban m\u00e9g mindig egy kompakt aut\u00f3, \u00edgy ha \u00fagy d\u00f6ntesz, hogy az e-C3 orra k\u00f6zelebb van a t\u00f6lt\u0151porthoz, nem okozhat gondot egy norm\u00e1l hossz\u00fas\u00e1g\u00fa k\u00e1bel v\u00e9gigh\u00faz\u00e1sa az aut\u00f3 oldal\u00e1n, hogy el\u00e9rd a csatlakoz\u00f3t. A maxim\u00e1lis t\u00f6lt\u00e9si sebess\u00e9g az \u00e1r\u00e1hoz k\u00e9pest stabil, ak\u00e1r 100 kW \u2013 a Citro\u00ebn \u00e1ll\u00edt\u00e1sa szerint ez elegend\u0151 ahhoz, hogy az akkumul\u00e1tort 26 perc alatt 20-r\u00f3l 80 sz\u00e1zal\u00e9kra t\u00f6ltse. Otthoni fali t\u00f6lt\u0151dobozokr\u00f3l 7,4 kW-tal lehet t\u00f6lteni , de m\u00edg egy gyorsabb, 11 kW-os v\u00e1lt\u00f3\u00e1ram\u00fa be\u00e1ll\u00edt\u00e1s opci\u00f3k\u00e9nt el\u00e9rhet\u0151, h\u0151szivatty\u00fa nem; hidegebb id\u0151ben csak ki kell pr\u00f3b\u00e1lni a t\u00f6lt\u00e9st. Mind a benzin-hibrid, mind az elektromos modellek a 24-es biztos\u00edt\u00e1si csoportba tartoznak, \u00edgy a biztos\u00edt\u00e1s megk\u00f6t\u00e9se valamivel dr\u00e1g\u00e1bb lehet, mint gondoln\u00e1. Az MG3 Hybrid+ azonban a 23-24-es csoportokba tartozik, m\u00edg a teljesen elektromos Dacia Spring a 24-25-\u00f6s csoportokat foglalja el.<\/p>\n","protected":false},"excerpt":{"rendered":"<p>A H\u00edrbalaton gy\u0171jt\u00e9se szerint jelenleg Balatonf\u0151kaj\u00e1r az egyetlen balatoni telep\u00fcl\u00e9s, ahol ilyen t\u00edpus\u00fa, \u201eker\u00edt\u00e9sad\u00f3k\u00e9nt\u201d ismert helyi ad\u00f3nemet vezettek be. A&#8230; <span class=\"gridview-grid-post-read-more\"><a href=\"https:\/\/matrend.hu\/maitrend\/?p=4695\">read more<span class=\"gridview-sr-only\"> Bevezett\u00e9k a Ker\u00edt\u00e9sad\u00f3t!<\/span><\/a><\/span><\/p>\n","protected":false},"author":1,"featured_media":4696,"comment_status":"open","ping_status":"open","sticky":false,"template":"","format":"standard","meta":{"footnotes":""},"categories":[1],"tags":[],"class_list":["post-4695","post","type-post","status-publish","format-standard","has-post-thumbnail","hentry","category-egyeb","wpcat-1-id"],"_links":{"self":[{"href":"https:\/\/matrend.hu\/maitrend\/index.php?rest_route=\/wp\/v2\/posts\/4695","targetHints":{"allow":["GET"]}}],"collection":[{"href":"https:\/\/matrend.hu\/maitrend\/index.php?rest_route=\/wp\/v2\/posts"}],"about":[{"href":"https:\/\/matrend.hu\/maitrend\/index.php?rest_route=\/wp\/v2\/types\/post"}],"author":[{"embeddable":true,"href":"https:\/\/matrend.hu\/maitrend\/index.php?rest_route=\/wp\/v2\/users\/1"}],"replies":[{"embeddable":true,"href":"https:\/\/matrend.hu\/maitrend\/index.php?rest_route=%2Fwp%2Fv2%2Fcomments&post=4695"}],"version-history":[{"count":1,"href":"https:\/\/matrend.hu\/maitrend\/index.php?rest_route=\/wp\/v2\/posts\/4695\/revisions"}],"predecessor-version":[{"id":4697,"href":"https:\/\/matrend.hu\/maitrend\/index.php?rest_route=\/wp\/v2\/posts\/4695\/revisions\/4697"}],"wp:featuredmedia":[{"embeddable":true,"href":"https:\/\/matrend.hu\/maitrend\/index.php?rest_route=\/wp\/v2\/media\/4696"}],"wp:attachment":[{"href":"https:\/\/matrend.hu\/maitrend\/index.php?rest_route=%2Fwp%2Fv2%2Fmedia&parent=4695"}],"wp:term":[{"taxonomy":"category","embeddable":true,"href":"https:\/\/matrend.hu\/maitrend\/index.php?rest_route=%2Fwp%2Fv2%2Fcategories&post=4695"},{"taxonomy":"post_tag","embeddable":true,"href":"https:\/\/matrend.hu\/maitrend\/index.php?rest_route=%2Fwp%2Fv2%2Ftags&post=4695"}],"curies":[{"name":"wp","href":"https:\/\/api.w.org\/{rel}","templated":true}]}}