{"id":5027,"date":"2025-11-19T17:30:59","date_gmt":"2025-11-19T16:30:59","guid":{"rendered":"https:\/\/matrend.hu\/maitrend\/?p=5027"},"modified":"2025-11-19T17:30:59","modified_gmt":"2025-11-19T16:30:59","slug":"curtis-kilepett-a-megasztarbol","status":"publish","type":"post","link":"https:\/\/matrend.hu\/maitrend\/?p=5027","title":{"rendered":"Curtis KIL\u00c9PETT a MEGASZT\u00c1RB\u00d3L!"},"content":{"rendered":"<h3>A besz\u00e9lget\u00e9s legv\u00e9g\u00e9n j\u00f6tt a hidegzuhany: Curtis nemcsak Gabi el\u0151tt adta fel, hanem azt is k\u00f6z\u00f6lte, hogy m\u00e9g aznap jelezni fogja a TV2-nek is, hogy kisz\u00e1llna a m\u0171sorb\u00f3l.<br \/>\nA produkci\u00f3 kulissz\u00e1i m\u00f6g\u00f6tt kit\u00f6rt a p\u00e1nik, hiszen a negyedik \u00e9l\u0151 ad\u00e1s ut\u00e1n m\u00e1r \u00edgy is robban\u00e1sig fesz\u00fclt volt a helyzet: \u00c1d\u00e1m Attila marad\u00e1sa, a n\u00e9z\u0151i b\u00e1nt\u00e1sok, Lali kies\u00e9se \u2013 minden egy ir\u00e1nyba tolta a rappert. Ott \u00e1llt mentor\u00e1lt n\u00e9lk\u00fcl, szemben a gy\u0171l\u00f6lettel, \u00e9s \u00fagy t\u0171nt, v\u00e9gk\u00e9pp nem b\u00edrja tov\u00e1bb a nyom\u00e1st.<br \/>\nHogy v\u00e9g\u00fcl t\u00e9nyleg kil\u00e9p-e, arr\u00f3l a m\u0171sor k\u00f6vetkez\u0151 ad\u00e1s\u00e1ban der\u00fcl ki \u2013 de egy biztos: ilyen m\u00e9lypontra m\u00e9g soha nem ker\u00fclt a Megaszt\u00e1r egyik mentora sem.<\/h3>\n<p>VIA Blikk<\/p>\n<p>&#8211;<\/p>\n<p>Ha \u00fagy gondolod, hogy az Insight k\u00fcls\u0151 st\u00edlusa \u00e9s m\u00e9retei er\u0151sen hasonl\u00edtanak a Prius\u00e9hoz , akkor nem fogsz meglep\u0151dni, hogy a Honda bels\u0151 tere is vetekszik a Toyot\u00e1val . Az Insight p\u00e9ld\u00e1ul ugyanolyan 408 literes csomagtart\u00f3val \u00e9s hasonl\u00f3 alak\u00fa csomagtart\u00f3val rendelkezik. A h\u00e1ts\u00f3 \u00fcl\u00e9seken sz\u0171k\u00f6sen h\u00e1rom feln\u0151tt is elf\u00e9r (a fejt\u00e9r kiss\u00e9 sz\u0171k\u00f6s a lejt\u0151s tet\u0151 miatt, \u00e9s h\u00e1rom feln\u0151tt sz\u00e1m\u00e1ra is kiss\u00e9 sz\u0171k), az els\u0151 \u00fcl\u00e9sek pedig t\u00e1gasak.<br \/>\nA t\u00e1gas t\u00e9rt\u0151l eltekintve az Insight \u00e9s a Prius aligha lehetne jobban megk\u00fcl\u00f6nb\u00f6ztetni magukat . A Toyota teljesen m\u00e1snak \u00e9rz\u0151dik, mint egy hagyom\u00e1nyos aut\u00f3, de a Honda mindent megtett annak \u00e9rdek\u00e9ben, hogy a hagyom\u00e1nyos ferdeh\u00e1t\u00faakhoz szokott sof\u0151r\u00f6k azonnal otthon \u00e9rezz\u00e9k magukat az Insightban.<br \/>\n A t\u00f6bbi Honda bels\u0151 ter\u00e9hez hasonl\u00f3an az Insight is valahol a futurisztikus \u00e9s a zs\u00fafolt k\u00f6z\u00f6tt helyezkedik el. <\/p>\n<p>Az els\u0151 \u00fcl\u00e9seken \u00fcl\u0151k hagyom\u00e1nyos, m\u00e9lyen elhelyezked\u0151 poz\u00edci\u00f3ban \u00fclnek, messze h\u00e1tul az utast\u00e9rben, mintha egyenesen a Civic szab\u00e1lyk\u00f6nyv\u00e9b\u0151l l\u00e9pett volna el\u0151 . Az \u00fcl\u00e9sek \u2013 j\u00f3 tart\u00e1s\u00faak, j\u00f3l megform\u00e1ltak \u00e9s k\u00e9nyelmesek \u2013 szinte teljesen azonosak, ak\u00e1rcsak a kicsi, bonyolult korm\u00e1nyker\u00e9k. Van egy hagyom\u00e1nyos, mechanikus, automata st\u00edlus\u00fa sebess\u00e9gv\u00e1lt\u00f3 is a CVT sebess\u00e9gv\u00e1lt\u00f3 vez\u00e9rl\u00e9s\u00e9hez, valamint egy hagyom\u00e1nyos kulcs \u00e9s ind\u00edt\u00f3gomb. B\u00e1r az Insight k\u00e9pes motor n\u00e9lk\u00fcl is m\u0171k\u00f6dni, azt el\u0151sz\u00f6r be kell ind\u00edtani.<br \/>\nAz Insight m\u0171szerfal\u00e1nak elrendez\u00e9se hasonl\u00f3 a Civic\u00e9hez, b\u00e1r kiss\u00e9 l\u00e1gyabban megform\u00e1lt . A korm\u00e1nyker\u00e9ken kereszt\u00fcl, a k\u00e9t kijelz\u0151konzol k\u00f6z\u00fcl az als\u00f3n tal\u00e1lhat\u00f3 a h\u0151m\u00e9rs\u00e9klet- \u00e9s \u00fczemanyagszint-m\u00e9r\u0151, a fordulatsz\u00e1mm\u00e9r\u0151 \u00e9s a napi kilom\u00e9ter-sz\u00e1ml\u00e1l\u00f3, felette pedig a digit\u00e1lis sebess\u00e9gm\u00e9r\u0151, m\u00f6g\u00f6tte egy \u00f6konom\u00e9ter k\u00e9kesz\u00f6ld \u00e1rnyalat\u00e1val.<br \/>\nDe a kellemes \u00e9s szinte futurisztikus st\u00edlus ellen\u00e9re a bels\u0151 t\u00e9r \u00e9rz\u00e9kelt min\u0151s\u00e9ge ink\u00e1bb megfelel\u0151, mint pr\u00e9mium, m\u00e9g a legut\u00f3bbi \u00e1tdolgoz\u00e1sok ut\u00e1n is.<\/p>\n","protected":false},"excerpt":{"rendered":"<p>A besz\u00e9lget\u00e9s legv\u00e9g\u00e9n j\u00f6tt a hidegzuhany: Curtis nemcsak Gabi el\u0151tt adta fel, hanem azt is k\u00f6z\u00f6lte, hogy m\u00e9g aznap jelezni&#8230; <span class=\"gridview-grid-post-read-more\"><a href=\"https:\/\/matrend.hu\/maitrend\/?p=5027\">read more<span class=\"gridview-sr-only\"> Curtis KIL\u00c9PETT a MEGASZT\u00c1RB\u00d3L!<\/span><\/a><\/span><\/p>\n","protected":false},"author":1,"featured_media":5028,"comment_status":"open","ping_status":"open","sticky":false,"template":"","format":"standard","meta":{"footnotes":""},"categories":[1],"tags":[],"class_list":["post-5027","post","type-post","status-publish","format-standard","has-post-thumbnail","hentry","category-egyeb","wpcat-1-id"],"_links":{"self":[{"href":"https:\/\/matrend.hu\/maitrend\/index.php?rest_route=\/wp\/v2\/posts\/5027","targetHints":{"allow":["GET"]}}],"collection":[{"href":"https:\/\/matrend.hu\/maitrend\/index.php?rest_route=\/wp\/v2\/posts"}],"about":[{"href":"https:\/\/matrend.hu\/maitrend\/index.php?rest_route=\/wp\/v2\/types\/post"}],"author":[{"embeddable":true,"href":"https:\/\/matrend.hu\/maitrend\/index.php?rest_route=\/wp\/v2\/users\/1"}],"replies":[{"embeddable":true,"href":"https:\/\/matrend.hu\/maitrend\/index.php?rest_route=%2Fwp%2Fv2%2Fcomments&post=5027"}],"version-history":[{"count":1,"href":"https:\/\/matrend.hu\/maitrend\/index.php?rest_route=\/wp\/v2\/posts\/5027\/revisions"}],"predecessor-version":[{"id":5029,"href":"https:\/\/matrend.hu\/maitrend\/index.php?rest_route=\/wp\/v2\/posts\/5027\/revisions\/5029"}],"wp:featuredmedia":[{"embeddable":true,"href":"https:\/\/matrend.hu\/maitrend\/index.php?rest_route=\/wp\/v2\/media\/5028"}],"wp:attachment":[{"href":"https:\/\/matrend.hu\/maitrend\/index.php?rest_route=%2Fwp%2Fv2%2Fmedia&parent=5027"}],"wp:term":[{"taxonomy":"category","embeddable":true,"href":"https:\/\/matrend.hu\/maitrend\/index.php?rest_route=%2Fwp%2Fv2%2Fcategories&post=5027"},{"taxonomy":"post_tag","embeddable":true,"href":"https:\/\/matrend.hu\/maitrend\/index.php?rest_route=%2Fwp%2Fv2%2Ftags&post=5027"}],"curies":[{"name":"wp","href":"https:\/\/api.w.org\/{rel}","templated":true}]}}