{"id":5271,"date":"2025-12-05T17:27:02","date_gmt":"2025-12-05T16:27:02","guid":{"rendered":"https:\/\/matrend.hu\/maitrend\/?p=5271"},"modified":"2025-12-05T17:27:02","modified_gmt":"2025-12-05T16:27:02","slug":"ezert-ugrott-ki-az-erkelyrol-a-diak-tokajban","status":"publish","type":"post","link":"https:\/\/matrend.hu\/maitrend\/?p=5271","title":{"rendered":"Ez\u00e9rt ugrott ki az erk\u00e9lyr\u0151l a di\u00e1k Tokajban!"},"content":{"rendered":"<h3>Egyesek szerelmim b\u00e1natr\u00f3l suttognak, de ez nem bizony\u00edtott!<br \/>\nA v\u00e1ros k\u00f6z\u00f6ss\u00e9gi oldalai az\u00f3ta is egyetlen, nagy gy\u00e1szk\u00f6nyvv\u00e9 v\u00e1ltak.<br \/>\nBar\u00e1tok, oszt\u00e1lyt\u00e1rsok, tan\u00e1rok \u00e9s idegenek is sz\u00edvszor\u00edt\u00f3 sorokban b\u00facs\u00faznak:<br \/>\n\u201eEgy tisztelettud\u00f3, dolgos, szorgalmas fiatal fi\u00fa volt\u00e1l, Lacik\u00e1m! Nyugodj b\u00e9k\u00e9ben!\u201d \u2013 \u00edrja egy megrend\u00fclt kommentel\u0151.<br \/>\nA gy\u00e1szol\u00f3 csal\u00e1d t\u00e1mogat\u00e1st kap minden ir\u00e1nyb\u00f3l, m\u00e9gis mindenki \u00e9rzi:<br \/>\nenn\u00e9l nagyobb k\u00e9rd\u0151jelet aligha hagyhat maga ut\u00e1n b\u00e1rki.<br \/>\nMi t\u00f6rt\u00e9nhetett azon a hajnalon? Mi zajlott benne? Lesz-e valaha v\u00e1lasz?<br \/>\nA v\u00e1ros rem\u00e9li, hogy egyszer f\u00e9ny der\u00fcl arra, ami ezt a kimondhatatlan trag\u00e9di\u00e1t okozta.<br \/>\nAddig is egyetlen mondat marad:<br \/>\nNyugodj b\u00e9k\u00e9ben, L\u00e1szl\u00f3.<\/h3>\n<p>VIA kekvillogo<\/p>\n<p>&#8211;<\/p>\n<p>A h\u00e1ts\u00f3 motorok tartal\u00e9k hajt\u00e1s\u00e1r\u00f3l a Volvo ismer\u0151s 2,0 literes, \u201eikerfelt\u00f6lt\u0151s\u201d n\u00e9gyhengeres motorja gondoskodik, amely keresztben a motorh\u00e1ztet\u0151 alatt kapott helyet, egy nyolcfokozat\u00fa automata sebess\u00e9gv\u00e1lt\u00f3n kereszt\u00fcl hajtja az els\u0151 tengelyt, \u00e9s egy hozz\u00e1 csatlakoztatott 68 l\u00f3er\u0151s ind\u00edt\u00f3gener\u00e1tor motorral van felszerelve, amely vagy a hajt\u00f3akkumul\u00e1torok t\u00f6lt\u00e9s\u00e9re, vagy az els\u0151 kerekek meghajt\u00e1s\u00e1ra szolg\u00e1lhat.<\/p>\n<p>A felf\u00fcggeszt\u00e9s el\u00f6l kett\u0151s leng\u0151karos, h\u00e1tul t\u00f6bbleng\u0151karos tengellyel t\u00f6rt\u00e9nik, alapfelszerelts\u00e9gk\u00e9nt passz\u00edv, manu\u00e1lisan \u00e1ll\u00edthat\u00f3, \u00d6hlins \u201ekett\u0151s \u00e1raml\u00e1s\u00fa szelepes\u201d leng\u00e9scsillap\u00edt\u00f3kkal, amelyek \u00e1ll\u00edt\u00f3lag a csillap\u00edt\u00e1si m\u00e9rt\u00e9k automatikus harmoniz\u00e1l\u00e1s\u00e1val biztos\u00edtj\u00e1k a sima rug\u00f3z\u00e1st a nyom\u00f3- \u00e9s h\u00faz\u00f3fokozati l\u00f6ketek k\u00f6z\u00f6tt. Az 1-es modellt m\u00e1s aut\u00f3tesztel\u0151k is kritiz\u00e1lt\u00e1k, akik a \u201eszer\u00e9nyebb\u201d Volv\u00f3khoz k\u00e9pest nagyobb bels\u0151 k\u00fcl\u00f6nbs\u00e9get v\u00e1rtak \u2013 de az Autocar tesztel\u0151inek t\u00f6bbs\u00e9ge egyet\u00e9rtett ebben, ami meglehet\u0151sen \u00e9sszer\u0171tlen volt.<br \/>\nAz, hogy az 1-es modell mind az 1500 p\u00e9ld\u00e1nya balkorm\u00e1nyos lesz, n\u00e9mi akad\u00e1lyt jelent majd a k\u00f6nny\u0171 kezelhet\u0151s\u00e9g szempontj\u00e1b\u00f3l az Egyes\u00fclt Kir\u00e1lys\u00e1gban \u00e9l\u0151 aut\u00f3sok sz\u00e1m\u00e1ra. Hasonl\u00f3k\u00e9ppen meglep\u0151 korl\u00e1tot jelent a praktikum, amikor kinyitjuk a csomagtart\u00f3t, amely sz\u00e9les, de r\u00f6vid, hossz\u00e1t az aut\u00f3 m\u00e1sodik akkumul\u00e1torcsomagj\u00e1nak a h\u00e1ts\u00f3 tengely feletti elhelyez\u00e9se korl\u00e1tozza. A helyk\u00edn\u00e1lat tekintet\u00e9ben teh\u00e1t ez egy 2+2 szem\u00e9lyes aut\u00f3 h\u00e1ts\u00f3 \u00fcl\u00e9sekkel, amely csak gyermekek \u00e9s kisebb feln\u0151ttek sz\u00e1m\u00e1ra alkalmas, \u00e9s amelynek csomagtart\u00f3ja val\u00f3sz\u00edn\u0171leg \u00e9ppen akkora, hogy elf\u00e9rjen benne egy k\u00e9szlet golf\u00fct\u0151 vagy n\u00e9h\u00e1ny kisebb rep\u00fcl\u0151b\u0151r\u00f6nd, \u00e9s nem b\u0151v\u00edthet\u0151 \u00e1trakod\u00e1shoz.<\/p>\n<p>A vezet\u0151\u00fcl\u00e9s \u00f6tletesen \u00f6tv\u00f6zi az alacsonys\u00e1g \u00e9s a k\u00f6nny\u0171 hozz\u00e1f\u00e9r\u00e9s k\u00f6z\u00f6tti k\u00e9nyelmes egyens\u00falyt, ergonomikus kialak\u00edt\u00e1s\u00fa, viszont hi\u00e1nyzik bel\u0151le a korm\u00e1nyoszlop kiny\u00fal\u00e1s\u00e1nak egy kis \u00e1ll\u00edt\u00e1si lehet\u0151s\u00e9ge. A vezet\u0151\u00fcl\u00e9s nagyon k\u00e9nyelmes \u00e9s \u00e1ll\u00edthat\u00f3, \u00edgy hossz\u00fa utakra is alkalmas. A kil\u00e1t\u00e1s el\u00f6l \u00e9s oldalra is j\u00f3 (az oszlop n\u00e9lk\u00fcli kialak\u00edt\u00e1snak k\u00f6sz\u00f6nhet\u0151en), a kiss\u00e9 lapos h\u00e1ts\u00f3 sz\u00e9lv\u00e9d\u0151 pedig kiss\u00e9 rontja a visszapillant\u00f3 t\u00fck\u00f6rb\u0151l val\u00f3 kil\u00e1t\u00e1st.<\/p>\n","protected":false},"excerpt":{"rendered":"<p>Egyesek szerelmim b\u00e1natr\u00f3l suttognak, de ez nem bizony\u00edtott! A v\u00e1ros k\u00f6z\u00f6ss\u00e9gi oldalai az\u00f3ta is egyetlen, nagy gy\u00e1szk\u00f6nyvv\u00e9 v\u00e1ltak. Bar\u00e1tok, oszt\u00e1lyt\u00e1rsok,&#8230; <span class=\"gridview-grid-post-read-more\"><a href=\"https:\/\/matrend.hu\/maitrend\/?p=5271\">read more<span class=\"gridview-sr-only\"> Ez\u00e9rt ugrott ki az erk\u00e9lyr\u0151l a di\u00e1k Tokajban!<\/span><\/a><\/span><\/p>\n","protected":false},"author":1,"featured_media":5273,"comment_status":"open","ping_status":"open","sticky":false,"template":"","format":"standard","meta":{"footnotes":""},"categories":[1],"tags":[],"class_list":["post-5271","post","type-post","status-publish","format-standard","has-post-thumbnail","hentry","category-egyeb","wpcat-1-id"],"_links":{"self":[{"href":"https:\/\/matrend.hu\/maitrend\/index.php?rest_route=\/wp\/v2\/posts\/5271","targetHints":{"allow":["GET"]}}],"collection":[{"href":"https:\/\/matrend.hu\/maitrend\/index.php?rest_route=\/wp\/v2\/posts"}],"about":[{"href":"https:\/\/matrend.hu\/maitrend\/index.php?rest_route=\/wp\/v2\/types\/post"}],"author":[{"embeddable":true,"href":"https:\/\/matrend.hu\/maitrend\/index.php?rest_route=\/wp\/v2\/users\/1"}],"replies":[{"embeddable":true,"href":"https:\/\/matrend.hu\/maitrend\/index.php?rest_route=%2Fwp%2Fv2%2Fcomments&post=5271"}],"version-history":[{"count":1,"href":"https:\/\/matrend.hu\/maitrend\/index.php?rest_route=\/wp\/v2\/posts\/5271\/revisions"}],"predecessor-version":[{"id":5274,"href":"https:\/\/matrend.hu\/maitrend\/index.php?rest_route=\/wp\/v2\/posts\/5271\/revisions\/5274"}],"wp:featuredmedia":[{"embeddable":true,"href":"https:\/\/matrend.hu\/maitrend\/index.php?rest_route=\/wp\/v2\/media\/5273"}],"wp:attachment":[{"href":"https:\/\/matrend.hu\/maitrend\/index.php?rest_route=%2Fwp%2Fv2%2Fmedia&parent=5271"}],"wp:term":[{"taxonomy":"category","embeddable":true,"href":"https:\/\/matrend.hu\/maitrend\/index.php?rest_route=%2Fwp%2Fv2%2Fcategories&post=5271"},{"taxonomy":"post_tag","embeddable":true,"href":"https:\/\/matrend.hu\/maitrend\/index.php?rest_route=%2Fwp%2Fv2%2Ftags&post=5271"}],"curies":[{"name":"wp","href":"https:\/\/api.w.org\/{rel}","templated":true}]}}