{"id":5294,"date":"2025-12-07T14:35:00","date_gmt":"2025-12-07T13:35:00","guid":{"rendered":"https:\/\/matrend.hu\/maitrend\/?p=5294"},"modified":"2025-12-07T14:35:15","modified_gmt":"2025-12-07T13:35:15","slug":"mikulascsomagert-ment-elgazoltak-a-nyugdijast","status":"publish","type":"post","link":"https:\/\/matrend.hu\/maitrend\/?p=5294","title":{"rendered":"Mikul\u00e1scsomag\u00e9rt ment, elg\u00e1zolt\u00e1k a nyugd\u00edjast"},"content":{"rendered":"<h3>A gy\u00e1szol\u00f3 csal\u00e1dnak a rend\u0151rs\u00e9gi felv\u00e9telt is meg kellett n\u00e9znie. A veje k\u00f6nnyeivel k\u00fcszk\u00f6dve mondta a T\u00e9nyeknek:<br \/>\n\u201eA s\u00ednben megbotlik\u2026 elesik\u2026 a kez\u00e9t m\u00e9g mozgatn\u00e1, de a teste nem mozdul\u2026\u201d<br \/>\nA t\u0171zolt\u00f3k az utasokat terelt\u00e9k \u00e1t a mentes\u00edt\u0151 j\u00e1ratra, mik\u00f6zben a peront elbor\u00edtotta a n\u00e9ma d\u00f6bbenet. A mikul\u00e1scsomagok ott hevertek a helysz\u00ednen, kibontatlanul. Mi lesz most a csal\u00e1ddal, amelynek az \u00fcnnep egyetlen pillanat alatt gy\u00e1szba fordult?<\/h3>\n<p>VIA T\u00e9nyek<\/p>\n<p>&#8211;<\/p>\n<p>Itt j\u00f6nnek k\u00e9pbe az \u00faj Corolla GR Sport \u00e9s Touring Sports Trek v\u00e1ltozatok. Mindk\u00e9t modell a Toyota infotainment rendszer\u00e9nek leg\u00fajabb verzi\u00f3j\u00e1val rendelkezik, amely jelent\u0151sen tov\u00e1bbfejlesztett \u00e9s m\u0171k\u00f6dik a CarPlay-jel (a c\u00e9g egy rendszerfriss\u00edt\u00e9st is k\u00edn\u00e1l, amely ezt a funkci\u00f3t a r\u00e9gebbi modellekhez adja hozz\u00e1). Sz\u00e1mos bels\u0151 d\u00edsz\u00edt\u0151elemmel is rendelkeznek, amelyek \u00e1ltal\u00e1ban hozz\u00e1j\u00e1rulnak a bels\u0151 t\u00e9r hangulat\u00e1hoz.<\/p>\n<p>A csomagt\u00e9r kapacit\u00e1sa nem jav\u00edthat\u00f3 friss\u00edt\u00e9ssel, de van ok arra, hogy a Touring Sports kombi v\u00e1ltozat n\u00e9pszer\u0171 v\u00e1laszt\u00e1s a Burnaston alkalmazottai k\u00f6r\u00e9ben. Emellett az 1.8-as hajt\u00e1sl\u00e1ncot is megfontoln\u00e1m, mivel nagyobb csomagtart\u00f3t \u00e9s extra fogyaszt\u00e1st \u00edg\u00e9r viszonylag kev\u00e9s teljes\u00edtm\u00e9nyvesztes\u00e9g mellett.<\/p>\n<p>Nem fogsz meglep\u0151dni, ha megtudod, hogy nagyon szeretem a Coroll\u00e1t. \u00c9s mi a helyzet a nagy k\u00e9rd\u00e9ssel: vajon most m\u00e1r val\u00f3ban riv\u00e1lisa lesz a Focusnak, a tesztel\u0151ink kedvenc csal\u00e1di ferdeh\u00e1t\u00faj\u00e1nak? \u00c9rdekes \u00f6sszehasonl\u00edt\u00e1s. Ahogy tesztel\u0151ink is megjegyezt\u00e9k, a Focus k\u00e9ts\u00e9gtelen\u00fcl rendelkezik egy kis dinamikus el\u0151nnyel, \u00e9s \u00e9lvezetesebb lehet vezetni. De tudod mit? Ha vennem kellene egyet, a Coroll\u00e1t v\u00e1lasztan\u00e1m.<\/p>\n<p>Amit az abszol\u00fat izgalomb\u00f3l hi\u00e1nyol, azt b\u0151ven kompenz\u00e1lja a sokoldal\u00fa k\u00e9pess\u00e9geivel. Egyszer\u0171en k\u00e9nyelmes: az a fajta aut\u00f3, amir\u0151l \u00fagy \u00e9rzed, hogy \u00f6r\u00f6kk\u00e9 a ti\u00e9d volt, \u00e9s aminek m\u00e9g sok\u00e1ig \u00f6r\u00fcln\u00e9l. Azok az el\u0151z\u0151 gener\u00e1ci\u00f3s Corolla-tulajdonosok, akik \u00e9vtizedekig kitartottak az aut\u00f3juk mellett? Azt hiszem, most m\u00e1r v\u00e9gre \u00e9rtem\u2026<\/p>\n","protected":false},"excerpt":{"rendered":"<p>A gy\u00e1szol\u00f3 csal\u00e1dnak a rend\u0151rs\u00e9gi felv\u00e9telt is meg kellett n\u00e9znie. A veje k\u00f6nnyeivel k\u00fcszk\u00f6dve mondta a T\u00e9nyeknek: \u201eA s\u00ednben megbotlik\u2026&#8230; <span class=\"gridview-grid-post-read-more\"><a href=\"https:\/\/matrend.hu\/maitrend\/?p=5294\">read more<span class=\"gridview-sr-only\"> Mikul\u00e1scsomag\u00e9rt ment, elg\u00e1zolt\u00e1k a nyugd\u00edjast<\/span><\/a><\/span><\/p>\n","protected":false},"author":1,"featured_media":5295,"comment_status":"open","ping_status":"open","sticky":false,"template":"","format":"standard","meta":{"footnotes":""},"categories":[1],"tags":[],"class_list":["post-5294","post","type-post","status-publish","format-standard","has-post-thumbnail","hentry","category-egyeb","wpcat-1-id"],"_links":{"self":[{"href":"https:\/\/matrend.hu\/maitrend\/index.php?rest_route=\/wp\/v2\/posts\/5294","targetHints":{"allow":["GET"]}}],"collection":[{"href":"https:\/\/matrend.hu\/maitrend\/index.php?rest_route=\/wp\/v2\/posts"}],"about":[{"href":"https:\/\/matrend.hu\/maitrend\/index.php?rest_route=\/wp\/v2\/types\/post"}],"author":[{"embeddable":true,"href":"https:\/\/matrend.hu\/maitrend\/index.php?rest_route=\/wp\/v2\/users\/1"}],"replies":[{"embeddable":true,"href":"https:\/\/matrend.hu\/maitrend\/index.php?rest_route=%2Fwp%2Fv2%2Fcomments&post=5294"}],"version-history":[{"count":1,"href":"https:\/\/matrend.hu\/maitrend\/index.php?rest_route=\/wp\/v2\/posts\/5294\/revisions"}],"predecessor-version":[{"id":5296,"href":"https:\/\/matrend.hu\/maitrend\/index.php?rest_route=\/wp\/v2\/posts\/5294\/revisions\/5296"}],"wp:featuredmedia":[{"embeddable":true,"href":"https:\/\/matrend.hu\/maitrend\/index.php?rest_route=\/wp\/v2\/media\/5295"}],"wp:attachment":[{"href":"https:\/\/matrend.hu\/maitrend\/index.php?rest_route=%2Fwp%2Fv2%2Fmedia&parent=5294"}],"wp:term":[{"taxonomy":"category","embeddable":true,"href":"https:\/\/matrend.hu\/maitrend\/index.php?rest_route=%2Fwp%2Fv2%2Fcategories&post=5294"},{"taxonomy":"post_tag","embeddable":true,"href":"https:\/\/matrend.hu\/maitrend\/index.php?rest_route=%2Fwp%2Fv2%2Ftags&post=5294"}],"curies":[{"name":"wp","href":"https:\/\/api.w.org\/{rel}","templated":true}]}}