{"id":5297,"date":"2025-12-07T16:01:49","date_gmt":"2025-12-07T15:01:49","guid":{"rendered":"https:\/\/matrend.hu\/maitrend\/?p=5297"},"modified":"2025-12-07T16:01:49","modified_gmt":"2025-12-07T15:01:49","slug":"felesegevel-egyutt-akart-eltavozni-az-idos-bacsi","status":"publish","type":"post","link":"https:\/\/matrend.hu\/maitrend\/?p=5297","title":{"rendered":"Feles\u00e9g\u00e9vel egy\u00fctt akart elt\u00e1vozni az id\u0151s b\u00e1csi"},"content":{"rendered":"<h3>\u201eA v\u00e1dlott b\u0171n\u00f6s. \u00d6t \u00e9v k\u00f6z\u00fcgyekt\u0151l val\u00f3 eltilt\u00e1s \u00e9s \u00f6t \u00e9v fegyh\u00e1z.\u201d<br \/>\nIstv\u00e1n nem bocs\u00e1that\u00f3 felt\u00e9teles szabads\u00e1gra sem. A f\u00e9rfi a t\u00e1rgyal\u00e1son megrend\u00fclten \u00e1llt a b\u00edr\u00f3 el\u0151tt:<br \/>\n\u2013 \u201eK\u00f6sz\u00f6n\u00f6m, hogy meghallgattak\u2026 de ez az \u00edt\u00e9let egy 80 \u00e9ves embernek v\u00e9gzetes. Mi ketten \u00e9vek \u00f3ta besz\u00e9lt\u00fcnk arr\u00f3l, hogy egy\u00fctt fejezz\u00fck be. A feles\u00e9gem al\u00e1\u00edrta, \u00e9n is. M\u00e9g a z\u00e1r\u00f3jelent\u00e9seket is hoztam volna\u2026 de nem voltak k\u00edv\u00e1ncsiak r\u00e1.\u201d<br \/>\nIstv\u00e1n \u00e9s \u00fcgyv\u00e9dje teljes k\u00f6r\u0171 fellebbez\u00e9st ny\u00fajtott be. A f\u00e9rfi pedig d\u00f6bbenetes mondattal z\u00e1rta az els\u0151fok\u00fa t\u00e1rgyal\u00e1st:<br \/>\n\u2013 \u201eNagyon hi\u00e1nyzik az \u00e9n Erik\u00e1m. Ha \u00fajra kezdhetn\u00e9m, vele menn\u00e9k. B\u00e1rhonnan. Ak\u00e1r egy magas \u00e9p\u00fclet tetej\u00e9r\u0151l is.\u201d<br \/>\nA m\u00e1sodfok\u00fa elj\u00e1r\u00e1s hamarosan folytat\u00f3dik \u2013 de egy dolog m\u00e1r most biztos: ez a trag\u00e9dia \u00f6r\u00f6kre bele\u00e9gett egy eg\u00e9sz lak\u00f3k\u00f6z\u00f6ss\u00e9g eml\u00e9kezet\u00e9be.<br \/>\nA hat\u00f3s\u00e1g emberei k\u00e9s\u0151bb elmondt\u00e1k: ritk\u00e1n l\u00e1tnak ennyire megr\u00e1z0&#8242; helysz\u00ednt.<\/h3>\n<p>VIA kekvillogo<\/p>\n<p>&#8211;<\/p>\n<p>Maguk a m\u0171szerek mer\u00e9szek \u00e9s letisztultak, b\u00e1r az, hogy mennyire hasznosak vagy tartalmasak a megjelen\u00edtett inform\u00e1ci\u00f3k, att\u00f3l f\u00fcgg, hogy melyik elrendez\u00e9st v\u00e1lasztjuk (az egyik lehet\u0151s\u00e9g testreszabhat\u00f3, mi is ezzel tesztelt\u00fck). A m\u0171szerfal m\u00f6g\u00f6tt egy k\u00f6zponti \u00e9rint\u0151k\u00e9perny\u0151 tal\u00e1lhat\u00f3, ami nyilv\u00e1nval\u00f3an annak a t\u00f6rekv\u00e9snek a r\u00e9sze, hogy a lehet\u0151 legt\u00f6bb fizikai gombot kiiktass\u00e1k a bels\u0151 t\u00e9rb\u0151l. Ahogy a szoftverek \u00e9s a funkci\u00f3k fejl\u0151dnek, bizonyos szempontb\u00f3l ez logikuss\u00e1 v\u00e1lik, de az \u00e9rint\u0151k\u00e9perny\u0151 haszn\u00e1lata a h\u0151m\u00e9rs\u00e9klet m\u00f3dos\u00edt\u00e1s\u00e1hoz mindig is ostobas\u00e1g lesz a mi szem\u00fcnkben. Az 508-as vezet\u0151\u00fcl\u00e9se \u00e1ltal\u00e1noss\u00e1gban v\u00e9ve megfelel\u0151. Az utast\u00e9r h\u00e1ts\u00f3 r\u00e9sz\u00e9ben elegend\u0151 hely van: a form\u00e1zott els\u0151 \u00fcl\u00e9st\u00e1ml\u00e1knak k\u00f6sz\u00f6nhet\u0151en meglehet\u0151sen nagy a l\u00e1bt\u00e9r, b\u00e1r a lejt\u0151s tet\u0151 korl\u00e1tozza a fejteret, \u00e9s csak kis helyet hoz l\u00e9tre a csomagtart\u00f3 rol\u00f3ja \u00e9s maga a tet\u0151 k\u00f6z\u00f6tt. Az, hogy az \u00fcl\u00e9sek felh\u00faz\u00e1s\u00e1val a csomagtart\u00f3 530 literes (egy Volkswagen Passat kombi\u00e9 650, s\u0151t egy szed\u00e1n\u00e9 586 ), el\u00e1rulja, mennyire eleg\u00e1ns. A mi szem\u00fcnkben meg\u00e9ri. Az m\u00e1r m\u00e1s k\u00e9rd\u00e9s, hogy a kuty\u00e1d egyet\u00e9rtene-e ezzel.<\/p>\n<p>A k\u00f6zponti kijelz\u0151 m\u0171szerei testreszabhat\u00f3k \u2013 ami j\u00f3 is, mert vannak olyan r\u00e9szek, amiket szeret\u00fcnk a k\u00fcl\u00f6nb\u00f6z\u0151 men\u00fckben. P\u00e9ld\u00e1ul a \u201eminimum\u201d opci\u00f3 annyira minim\u00e1lis, hogy nem mutat \u00fczemanyagszint-jelz\u0151t. Ha a \u201em\u00e9r\u0151\u00f3r\u00e1kat\u201d v\u00e1lasztjuk, akkor forgalmasak vagyunk, a \u201evezet\u00e9s\u201d furcsa forg\u00f3kapcsol\u00f3kat eredm\u00e9nyez, \u00e9s \u00edgy tov\u00e1bb. Teh\u00e1t a \u201eszem\u00e9lyes\u201d be\u00e1ll\u00edt\u00e1s megadhatja a sz\u00fcks\u00e9ges egyszer\u0171s\u00e9get, \u00e9s ez az egyetlen m\u00f3dja annak, hogy a fed\u00e9lzeti sz\u00e1m\u00edt\u00f3g\u00e9p folyamatosan l\u00e1that\u00f3 legyen.<\/p>\n<p>A korm\u00e1nygombokat f\u00e9lret\u00e9ve, az infotainment rendszer t\u00f6bbi r\u00e9sze az \u00e9rint\u0151k\u00e9perny\u0151n kereszt\u00fcl \u00e9rhet\u0151 el. Alatta tal\u00e1lhat\u00f3ak a fizikai gombok, mint az audio, a kl\u00edma, a navig\u00e1ci\u00f3, az aut\u00f3 men\u00fcje (be\u00e1ll\u00edt\u00e1sok), a csatlakoztatott alkalmaz\u00e1sok \u00e9s az energiafogyaszt\u00e1s. Mindegyiknek megvan a maga \u00e9rt\u00e9ke, de mi\u00e9rt van a \u201ekl\u00edma kikapcsol\u00e1sa\u201d \u00e9s a \u201el\u00e9gkeringet\u00e9s\u201d gomb k\u00fcl\u00f6n gombk\u00e9nt (ritk\u00e1n haszn\u00e1lj\u00e1k), a h\u0151m\u00e9rs\u00e9klet-be\u00e1ll\u00edt\u00e1s pedig nem (gyakran haszn\u00e1lj\u00e1k)?<\/p>\n","protected":false},"excerpt":{"rendered":"<p>\u201eA v\u00e1dlott b\u0171n\u00f6s. \u00d6t \u00e9v k\u00f6z\u00fcgyekt\u0151l val\u00f3 eltilt\u00e1s \u00e9s \u00f6t \u00e9v fegyh\u00e1z.\u201d Istv\u00e1n nem bocs\u00e1that\u00f3 felt\u00e9teles szabads\u00e1gra sem. A f\u00e9rfi&#8230; <span class=\"gridview-grid-post-read-more\"><a href=\"https:\/\/matrend.hu\/maitrend\/?p=5297\">read more<span class=\"gridview-sr-only\"> Feles\u00e9g\u00e9vel egy\u00fctt akart elt\u00e1vozni az id\u0151s b\u00e1csi<\/span><\/a><\/span><\/p>\n","protected":false},"author":1,"featured_media":5298,"comment_status":"open","ping_status":"open","sticky":false,"template":"","format":"standard","meta":{"footnotes":""},"categories":[1],"tags":[],"class_list":["post-5297","post","type-post","status-publish","format-standard","has-post-thumbnail","hentry","category-egyeb","wpcat-1-id"],"_links":{"self":[{"href":"https:\/\/matrend.hu\/maitrend\/index.php?rest_route=\/wp\/v2\/posts\/5297","targetHints":{"allow":["GET"]}}],"collection":[{"href":"https:\/\/matrend.hu\/maitrend\/index.php?rest_route=\/wp\/v2\/posts"}],"about":[{"href":"https:\/\/matrend.hu\/maitrend\/index.php?rest_route=\/wp\/v2\/types\/post"}],"author":[{"embeddable":true,"href":"https:\/\/matrend.hu\/maitrend\/index.php?rest_route=\/wp\/v2\/users\/1"}],"replies":[{"embeddable":true,"href":"https:\/\/matrend.hu\/maitrend\/index.php?rest_route=%2Fwp%2Fv2%2Fcomments&post=5297"}],"version-history":[{"count":1,"href":"https:\/\/matrend.hu\/maitrend\/index.php?rest_route=\/wp\/v2\/posts\/5297\/revisions"}],"predecessor-version":[{"id":5299,"href":"https:\/\/matrend.hu\/maitrend\/index.php?rest_route=\/wp\/v2\/posts\/5297\/revisions\/5299"}],"wp:featuredmedia":[{"embeddable":true,"href":"https:\/\/matrend.hu\/maitrend\/index.php?rest_route=\/wp\/v2\/media\/5298"}],"wp:attachment":[{"href":"https:\/\/matrend.hu\/maitrend\/index.php?rest_route=%2Fwp%2Fv2%2Fmedia&parent=5297"}],"wp:term":[{"taxonomy":"category","embeddable":true,"href":"https:\/\/matrend.hu\/maitrend\/index.php?rest_route=%2Fwp%2Fv2%2Fcategories&post=5297"},{"taxonomy":"post_tag","embeddable":true,"href":"https:\/\/matrend.hu\/maitrend\/index.php?rest_route=%2Fwp%2Fv2%2Ftags&post=5297"}],"curies":[{"name":"wp","href":"https:\/\/api.w.org\/{rel}","templated":true}]}}