{"id":5310,"date":"2025-12-07T20:00:43","date_gmt":"2025-12-07T19:00:43","guid":{"rendered":"https:\/\/matrend.hu\/maitrend\/?p=5310"},"modified":"2025-12-07T20:00:51","modified_gmt":"2025-12-07T19:00:51","slug":"ekkortol-lesz-kotelezo","status":"publish","type":"post","link":"https:\/\/matrend.hu\/maitrend\/?p=5310","title":{"rendered":"Ekkort\u00f3l lesz k\u00f6telez\u0151"},"content":{"rendered":"<h3>Az inform\u00e1ci\u00f3k szerint a Tisza korm\u00e1ny m\u00e9g 2026 nyar\u00e1n bevezetettn\u00e9 minden id\u0151snek k\u00f6telez\u0151v\u00e9 tenn\u00e9 a haszn\u00e1lat\u00e1t, hisz Magyar P\u00e9ter azt mondta az \u00e9let kincs! Neked mi a v\u00e9lem\u00e9nyed?<\/h3>\n<p>Forr\u00e1s: MSN \/ FB \/ TTOK<\/p>\n<p>&#8211;<\/p>\n<p>A h\u00e1ts\u00f3 \u00fcl\u00e9sek azonban legal\u00e1bb lehajthat\u00f3k, \u00edgy ak\u00e1r 1 305 literes rakod\u00f3teret kapunk (hibrid v\u00e1ltozatn\u00e1l 1 237 liter, Bose hangrendszerrel 1 114 liter), ami a legt\u00f6bb feladathoz elegend\u0151. Az \u00f6sszmennyis\u00e9g azonban a Kamiq eset\u00e9ben m\u00e9g nagyobb, 1 395 liter, \u00edgy aki kiemelked\u0151en t\u00e1gas csomagt\u00e9rre v\u00e1gyik, a Kamiq el\u0151nyben lehet. \u00d6sszess\u00e9g\u00e9ben a Juke \u00f6tv\u00f6zi a kompakt m\u00e9ret adta man\u0151verezhet\u0151s\u00e9get \u00e9s a praktikus bels\u0151 teret, de a hibrid v\u00e1ltozatn\u00e1l kompromisszumokkal kell sz\u00e1molni a csomagt\u00e9r \u00e9s a h\u00e1ts\u00f3 l\u00e1bt\u00e9r ter\u00e9n.<\/p>\n<p>Eddig csak az EX5-\u00f6n alkalmazt\u00e1k, amely m\u00e1s piacokon Galaxy E5 n\u00e9ven fut. Egyel\u0151re m\u00e9g nincs tapasztalat m\u00e1s modellekn\u00e9l, \u00edgy ez gyakorlatilag ismeretlen terepnek sz\u00e1m\u00edt, b\u00e1r egyes technol\u00f3gi\u00e1i ismer\u0151snek t\u0171nhetnek. P\u00e9ld\u00e1ul a \u201eCell-to-body\u201d megold\u00e1s hasonl\u00f3 a Leapmotor \u201eCell-to-chassis\u201d rendszer\u00e9hez: az akkumul\u00e1tort a karossz\u00e9ria szerkezet\u00e9be integr\u00e1lj\u00e1k, ami n\u00f6veli a csavarod\u00e1si merevs\u00e9get \u00e9s felszabad\u00edt bels\u0151 teret.<\/p>\n","protected":false},"excerpt":{"rendered":"<p>Az inform\u00e1ci\u00f3k szerint a Tisza korm\u00e1ny m\u00e9g 2026 nyar\u00e1n bevezetettn\u00e9 minden id\u0151snek k\u00f6telez\u0151v\u00e9 tenn\u00e9 a haszn\u00e1lat\u00e1t, hisz Magyar P\u00e9ter azt&#8230; <span class=\"gridview-grid-post-read-more\"><a href=\"https:\/\/matrend.hu\/maitrend\/?p=5310\">read more<span class=\"gridview-sr-only\"> Ekkort\u00f3l lesz k\u00f6telez\u0151<\/span><\/a><\/span><\/p>\n","protected":false},"author":1,"featured_media":5311,"comment_status":"open","ping_status":"open","sticky":false,"template":"","format":"standard","meta":{"footnotes":""},"categories":[1],"tags":[],"class_list":["post-5310","post","type-post","status-publish","format-standard","has-post-thumbnail","hentry","category-egyeb","wpcat-1-id"],"_links":{"self":[{"href":"https:\/\/matrend.hu\/maitrend\/index.php?rest_route=\/wp\/v2\/posts\/5310","targetHints":{"allow":["GET"]}}],"collection":[{"href":"https:\/\/matrend.hu\/maitrend\/index.php?rest_route=\/wp\/v2\/posts"}],"about":[{"href":"https:\/\/matrend.hu\/maitrend\/index.php?rest_route=\/wp\/v2\/types\/post"}],"author":[{"embeddable":true,"href":"https:\/\/matrend.hu\/maitrend\/index.php?rest_route=\/wp\/v2\/users\/1"}],"replies":[{"embeddable":true,"href":"https:\/\/matrend.hu\/maitrend\/index.php?rest_route=%2Fwp%2Fv2%2Fcomments&post=5310"}],"version-history":[{"count":2,"href":"https:\/\/matrend.hu\/maitrend\/index.php?rest_route=\/wp\/v2\/posts\/5310\/revisions"}],"predecessor-version":[{"id":5313,"href":"https:\/\/matrend.hu\/maitrend\/index.php?rest_route=\/wp\/v2\/posts\/5310\/revisions\/5313"}],"wp:featuredmedia":[{"embeddable":true,"href":"https:\/\/matrend.hu\/maitrend\/index.php?rest_route=\/wp\/v2\/media\/5311"}],"wp:attachment":[{"href":"https:\/\/matrend.hu\/maitrend\/index.php?rest_route=%2Fwp%2Fv2%2Fmedia&parent=5310"}],"wp:term":[{"taxonomy":"category","embeddable":true,"href":"https:\/\/matrend.hu\/maitrend\/index.php?rest_route=%2Fwp%2Fv2%2Fcategories&post=5310"},{"taxonomy":"post_tag","embeddable":true,"href":"https:\/\/matrend.hu\/maitrend\/index.php?rest_route=%2Fwp%2Fv2%2Ftags&post=5310"}],"curies":[{"name":"wp","href":"https:\/\/api.w.org\/{rel}","templated":true}]}}