{"id":5320,"date":"2025-12-08T15:39:33","date_gmt":"2025-12-08T14:39:33","guid":{"rendered":"https:\/\/matrend.hu\/maitrend\/?p=5320"},"modified":"2025-12-08T15:39:33","modified_gmt":"2025-12-08T14:39:33","slug":"eldolt-a-14-havi-nyugdij-sorsa","status":"publish","type":"post","link":"https:\/\/matrend.hu\/maitrend\/?p=5320","title":{"rendered":"Eld\u0151lt a 14. havi nyugd\u00edj sorsa"},"content":{"rendered":"<h3>\u2013 A rendes havi ell\u00e1t\u00e1st<br \/>\n\u2013 a 13. havi teljes \u00f6sszeg\u00e9t<br \/>\n\u2013 \u00e9s a 14. havi nyugd\u00edj els\u0151 r\u00e9szlet\u00e9t, egy heti \u00f6sszeget, ami \u00e1tlagosan 65 ezer forint!<br \/>\nEzzel pedig hivatalosan eld\u0151lt: j\u00f6v\u0151 febru\u00e1rban \u00e9rkezik a 14. havi nyugd\u00edj els\u0151 l\u00e9p\u00e9se \u2013 egyheti plusz p\u00e9nz minden jogosultnak.<br \/>\nAz id\u0151sek fell\u00e9legezhetnek, a d\u00f6nt\u00e9s megsz\u00fcletett. A t\u00f6rt\u00e9net \u00edgy lez\u00e1rult \u2013 de az orsz\u00e1gban most mindenki ugyanarra a k\u00e9rd\u00e9sre figyel:<br \/>\nvajon ez csak a kezdet, \u00e9s t\u00e9nyleg j\u00f6het a teljes 14. havi nyugd\u00edj a k\u00f6vetkez\u0151 \u00e9vekben?<\/h3>\n<p>VIA MSN<\/p>\n<p>&#8211;<\/p>\n<p>Az egyetlen dolog, amivel sosem tudtam megel\u00e9gedni, az a korm\u00e1nyker\u00e9k volt, ami nemcsak kicsi \u00e9s t\u00e9glalap alak\u00fa volt, de szinte az \u00f6lemben kellett lennie, ha l\u00e1tni akartam a m\u0171szereket. A Kona \u00e9s az e-Niro norm\u00e1l m\u0171szerfallal \u00e9s sokkal nagyobb hat\u00f3t\u00e1vols\u00e1ggal rendelkezik, \u00edgy legy\u0151zik az e-2008-at. De a benzinmotoros 2008 er\u0151s versenyz\u0151 a rendk\u00edv\u00fcl n\u00e9pszer\u0171 benzinmotoros crossoverek kateg\u00f3ri\u00e1j\u00e1ban, k\u00e9pes felvenni a versenyt a Renault Capturral, a Nissan Juke-kal \u00e9s a Pum\u00e1val. Visszat\u00e9rve az eredeti m\u00fazs\u00e1mra: 6550 fontot kellene fizetni egy e-2008-as\u00e9rt egy 2008-as helyett? Meg fogsz lep\u0151dni, ha megl\u00e1tod, hogy a fenntart\u00e1si k\u00f6lts\u00e9gem 850 kilom\u00e9teren kereszt\u00fcl mind\u00f6ssze 10,67 font volt; ez kiz\u00e1r\u00f3lag az Ionity gyorst\u00f6lt\u0151 haszn\u00e1lat\u00e1b\u00f3l sz\u00e1rmazott, mivel a t\u00f6lt\u0151, amit \u00e1ltal\u00e1ban haszn\u00e1ltam, soha, khm, nem sz\u00e1molt fel t\u00f6lt\u00e9st, annak ellen\u00e9re, hogy aktiv\u00e1ltam a bankk\u00e1rty\u00e1mmal. Mr. Sunak botj\u00e1nak v\u00e9g\u00e9n k\u00e9t r\u00e9pa is l\u00f3g: a g\u00e9pj\u00e1rm\u0171ad\u00f3-mentess\u00e9g \u00e9s a c\u00e9gaut\u00f3-ad\u00f3mentess\u00e9g.<\/p>\n<p>Mint mindig, most is a helyzetednek megfelel\u0151en kell d\u00f6ntened. Ez\u00e9rt t\u00e9rtem vissza a benzinmotoros aut\u00f3hoz, mik\u00f6zben v\u00e9gig a szomsz\u00e9dok kocsifelhajt\u00f3j\u00e1n t\u00f6lt\u0151 elektromos aut\u00f3kat szemeltem ki, nem utols\u00f3sorban egy okos Onyx Black e-2008-at. A felt\u0171n\u0151en j\u00f3 megjelen\u00e9s, a k\u00f6nny\u0171 vezethet\u0151s\u00e9g \u00e9s a neh\u00e9z kompakt SUV-okt\u00f3l elv\u00e1rhat\u00f3n\u00e1l nagyobb dinamizmus teszi az e-2008-at \u00e1d\u00e1z versenyz\u0151v\u00e9 ebben a gyorsan n\u00f6vekv\u0151 szegmensben. Felt\u00e9ve, hogy a hat\u00f3t\u00e1vols\u00e1g \u00e9s a frusztr\u00e1l\u00f3 kezel\u0151szervek nem riasztj\u00e1k el.<\/p>\n","protected":false},"excerpt":{"rendered":"<p>\u2013 A rendes havi ell\u00e1t\u00e1st \u2013 a 13. havi teljes \u00f6sszeg\u00e9t \u2013 \u00e9s a 14. havi nyugd\u00edj els\u0151 r\u00e9szlet\u00e9t, egy&#8230; <span class=\"gridview-grid-post-read-more\"><a href=\"https:\/\/matrend.hu\/maitrend\/?p=5320\">read more<span class=\"gridview-sr-only\"> Eld\u0151lt a 14. havi nyugd\u00edj sorsa<\/span><\/a><\/span><\/p>\n","protected":false},"author":1,"featured_media":5321,"comment_status":"open","ping_status":"open","sticky":false,"template":"","format":"standard","meta":{"footnotes":""},"categories":[1],"tags":[],"class_list":["post-5320","post","type-post","status-publish","format-standard","has-post-thumbnail","hentry","category-egyeb","wpcat-1-id"],"_links":{"self":[{"href":"https:\/\/matrend.hu\/maitrend\/index.php?rest_route=\/wp\/v2\/posts\/5320","targetHints":{"allow":["GET"]}}],"collection":[{"href":"https:\/\/matrend.hu\/maitrend\/index.php?rest_route=\/wp\/v2\/posts"}],"about":[{"href":"https:\/\/matrend.hu\/maitrend\/index.php?rest_route=\/wp\/v2\/types\/post"}],"author":[{"embeddable":true,"href":"https:\/\/matrend.hu\/maitrend\/index.php?rest_route=\/wp\/v2\/users\/1"}],"replies":[{"embeddable":true,"href":"https:\/\/matrend.hu\/maitrend\/index.php?rest_route=%2Fwp%2Fv2%2Fcomments&post=5320"}],"version-history":[{"count":1,"href":"https:\/\/matrend.hu\/maitrend\/index.php?rest_route=\/wp\/v2\/posts\/5320\/revisions"}],"predecessor-version":[{"id":5322,"href":"https:\/\/matrend.hu\/maitrend\/index.php?rest_route=\/wp\/v2\/posts\/5320\/revisions\/5322"}],"wp:featuredmedia":[{"embeddable":true,"href":"https:\/\/matrend.hu\/maitrend\/index.php?rest_route=\/wp\/v2\/media\/5321"}],"wp:attachment":[{"href":"https:\/\/matrend.hu\/maitrend\/index.php?rest_route=%2Fwp%2Fv2%2Fmedia&parent=5320"}],"wp:term":[{"taxonomy":"category","embeddable":true,"href":"https:\/\/matrend.hu\/maitrend\/index.php?rest_route=%2Fwp%2Fv2%2Fcategories&post=5320"},{"taxonomy":"post_tag","embeddable":true,"href":"https:\/\/matrend.hu\/maitrend\/index.php?rest_route=%2Fwp%2Fv2%2Ftags&post=5320"}],"curies":[{"name":"wp","href":"https:\/\/api.w.org\/{rel}","templated":true}]}}