{"id":5323,"date":"2025-12-08T16:29:53","date_gmt":"2025-12-08T15:29:53","guid":{"rendered":"https:\/\/matrend.hu\/maitrend\/?p=5323"},"modified":"2025-12-08T16:29:53","modified_gmt":"2025-12-08T15:29:53","slug":"jo-okkal-valtott-vorosre-liptai-claudia","status":"publish","type":"post","link":"https:\/\/matrend.hu\/maitrend\/?p=5323","title":{"rendered":"J\u00f3 okkal v\u00e1ltott v\u00f6r\u00f6sre Liptai Claudia!"},"content":{"rendered":"<h3>A d\u00f6nt\u0151 est\u00e9j\u00e9n f\u00e9ny der\u00fclt a titokra: Claudia az\u00e9rt festette be \u00fajra v\u00f6r\u00f6sre a haj\u00e1t, mert ezzel akart tisztelegni p\u00e1ly\u00e1j\u00e1nak legsikeresebb, ikonikus id\u0151szaka el\u0151tt \u2013 \u00e9s mert \u00fagy \u00e9rzi, most ism\u00e9t ugyanilyen er\u0151vel, lend\u00fclettel t\u00e9r vissza a k\u00e9perny\u0151re.<br \/>\nA m\u0171sorvezet\u0151 k\u00f6rnyezet\u00e9b\u0151l kisziv\u00e1rgott: a v\u00e1lt\u00e1s \u00fczenet a szakm\u00e1nak \u00e9s a rajong\u00f3knak is. \u00daj projektre k\u00e9sz\u00fcl, \u00faj energi\u00e1val, \u00faj lend\u00fclettel \u2013 \u00e9s ehhez a r\u00e9gi, \u201everhetetlen Claudia\u201d sz\u00edne illett a legjobban.<br \/>\nHogy meddig marad v\u00f6r\u00f6s? \u0150 maga is csak sejtelmesen mosolyog: \u201eAm\u00edg sz\u00fcks\u00e9gem lesz r\u00e1\u201d.<br \/>\nA n\u00e9z\u0151k egyet biztosan tudnak: a v\u00f6r\u00f6s Liptai korszak \u00fajraindult \u2013 \u00e9s ebb\u0151l valami nagy dolog k\u00e9sz\u00fcl.<\/h3>\n<p>VIA story<\/p>\n<p>&#8211;<\/p>\n<p>M\u00e9ret\u00e9t tekintve a Niro a Kia Sportage alatt fog elhelyezkedni a c\u00e9g crossover k\u00edn\u00e1lat\u00e1ban.<br \/>\nA megjelen\u00e9se, egy \u00fajabb Peter Schreyer-diz\u00e1jn, ismer\u0151s: az eleje a m\u00e1rka leg\u00fajabb \u201etigrisorr\u201d h\u0171t\u0151r\u00e1cs\u00e1t viseli, a h\u00e1tulja pedig finoman elv\u00e9konyodik a vaskos ker\u00e9k\u00edvek felett. A megjelen\u00e9s teh\u00e1t konformista, de ugyanakkor mereven eml\u00e9kezetes is, b\u00e1r a 2020-as r\u00e1ncfelvarr\u00e1s sor\u00e1n n\u00e9h\u00e1ny meglehet\u0151sen eleg\u00e1ns LED-es nappali menetf\u00e9nyt kaptak, amelyek az els\u0151 l\u00f6kh\u00e1r\u00edt\u00f3 alatt helyezkednek el.<\/p>\n<p>A platformot, amelyen helyezkedik, speci\u00e1lisan \u00fagy alak\u00edtott\u00e1k ki, hogy elf\u00e9rjen rajta az elektromos alkatr\u00e9szek, bele\u00e9rtve nemcsak az \u00f6nt\u00f6lt\u0151 Niro motorj\u00e1t \u00e9s akkumul\u00e1torcsomagj\u00e1t, hanem a plug-in modell nagyobb akkumul\u00e1tor\u00e1t, valamint a Kia e-Niro m\u00e9g nagyobb cell\u00e1it \u00e9s motorj\u00e1t is.<br \/>\nMivel az ilyen jellemz\u0151kn\u00e9l a plusz s\u00faly elker\u00fclhetetlen t\u00e9nyez\u0151, figyelmet ford\u00edtottak az architekt\u00fara t\u00f6meg\u00e9re: a szerkezet 53%-ban nagy szil\u00e1rds\u00e1g\u00fa ac\u00e9lb\u00f3l k\u00e9sz\u00fclt, a Kia pedig m\u00e9g k\u00f6nnyebb alum\u00edniumot alkalmazott a Niro motorh\u00e1ztetej\u00e9ben, csomagt\u00e9rajt\u00f3j\u00e1ban, els\u0151 l\u00f6kh\u00e1r\u00edt\u00f3j\u00e1ban \u00e9s sz\u00e1mos felf\u00fcggeszt\u00e9si elem\u00e9ben, az alv\u00e1z el\u00f6l MacPherson rug\u00f3stagokb\u00f3l \u00e9s h\u00e1tul t\u00f6bbleng\u0151karos felf\u00fcggeszt\u00e9sb\u0151l \u00e1ll. Ek\u00f6zben az A- \u00e9s B-oszlopok, valamint a ker\u00e9k\u00edvek melegen sajtolt ac\u00e9lt haszn\u00e1lnak a merevs\u00e9g fokoz\u00e1sa \u00e9rdek\u00e9ben.<br \/>\nA platform kialak\u00edt\u00e1s\u00e1nak k\u00f6sz\u00f6nhet\u0151en mind a 45 literes \u00fczemanyagtart\u00e1ly, mind az 1,56 kWh-s l\u00edtium-ion polimer akkumul\u00e1tor (amely 33 kg-os s\u00faly\u00e1val \u00e1ll\u00edt\u00f3lag a Kia \u00e1ltal haszn\u00e1lt egyik legk\u00f6nnyebb \u00e9s leghat\u00e9konyabb csomag) egym\u00e1s mellett elf\u00e9r a h\u00e1ts\u00f3 \u00fcl\u00e9sek alatt.<\/p>\n<p>Az \u00fczemanyagtart\u00e1ly egy 104 l\u00f3er\u0151s 1,6 literes benzinmotort t\u00e1pl\u00e1l, az akkumul\u00e1tor pedig egy 43 l\u00f3er\u0151s villanymotort, amely a standard hatfokozat\u00fa duplakuplungos automata sebess\u00e9gv\u00e1lt\u00f3ba van integr\u00e1lva. A Toyota Priushoz hasonl\u00f3an ez a villanymotor is p\u00e1rhuzamosan m\u0171k\u00f6dik egy benzinmotorral, \u00e9s csak nagyon r\u00f6vid szakaszokban m\u0171k\u00f6dik tiszt\u00e1n elektromosan, \u00edgy a jelenlegi sz\u00f3kincs szerint \u201e\u00f6nt\u00f6lt\u0151\u201d hibridnek sz\u00e1m\u00edt. A plug-in v\u00e1ltozat a h\u00e1l\u00f3zatr\u00f3l t\u00f6lthet\u0151, \u00e9s a nagyobb, 8,9 kWh-s akkumul\u00e1tornak k\u00f6sz\u00f6nhet\u0151en hasznosabb 58 kilom\u00e9teres hat\u00f3t\u00e1vols\u00e1ggal rendelkezik.<\/p>\n","protected":false},"excerpt":{"rendered":"<p>A d\u00f6nt\u0151 est\u00e9j\u00e9n f\u00e9ny der\u00fclt a titokra: Claudia az\u00e9rt festette be \u00fajra v\u00f6r\u00f6sre a haj\u00e1t, mert ezzel akart tisztelegni p\u00e1ly\u00e1j\u00e1nak&#8230; <span class=\"gridview-grid-post-read-more\"><a href=\"https:\/\/matrend.hu\/maitrend\/?p=5323\">read more<span class=\"gridview-sr-only\"> J\u00f3 okkal v\u00e1ltott v\u00f6r\u00f6sre Liptai Claudia!<\/span><\/a><\/span><\/p>\n","protected":false},"author":1,"featured_media":5324,"comment_status":"open","ping_status":"open","sticky":false,"template":"","format":"standard","meta":{"footnotes":""},"categories":[1],"tags":[],"class_list":["post-5323","post","type-post","status-publish","format-standard","has-post-thumbnail","hentry","category-egyeb","wpcat-1-id"],"_links":{"self":[{"href":"https:\/\/matrend.hu\/maitrend\/index.php?rest_route=\/wp\/v2\/posts\/5323","targetHints":{"allow":["GET"]}}],"collection":[{"href":"https:\/\/matrend.hu\/maitrend\/index.php?rest_route=\/wp\/v2\/posts"}],"about":[{"href":"https:\/\/matrend.hu\/maitrend\/index.php?rest_route=\/wp\/v2\/types\/post"}],"author":[{"embeddable":true,"href":"https:\/\/matrend.hu\/maitrend\/index.php?rest_route=\/wp\/v2\/users\/1"}],"replies":[{"embeddable":true,"href":"https:\/\/matrend.hu\/maitrend\/index.php?rest_route=%2Fwp%2Fv2%2Fcomments&post=5323"}],"version-history":[{"count":1,"href":"https:\/\/matrend.hu\/maitrend\/index.php?rest_route=\/wp\/v2\/posts\/5323\/revisions"}],"predecessor-version":[{"id":5325,"href":"https:\/\/matrend.hu\/maitrend\/index.php?rest_route=\/wp\/v2\/posts\/5323\/revisions\/5325"}],"wp:featuredmedia":[{"embeddable":true,"href":"https:\/\/matrend.hu\/maitrend\/index.php?rest_route=\/wp\/v2\/media\/5324"}],"wp:attachment":[{"href":"https:\/\/matrend.hu\/maitrend\/index.php?rest_route=%2Fwp%2Fv2%2Fmedia&parent=5323"}],"wp:term":[{"taxonomy":"category","embeddable":true,"href":"https:\/\/matrend.hu\/maitrend\/index.php?rest_route=%2Fwp%2Fv2%2Fcategories&post=5323"},{"taxonomy":"post_tag","embeddable":true,"href":"https:\/\/matrend.hu\/maitrend\/index.php?rest_route=%2Fwp%2Fv2%2Ftags&post=5323"}],"curies":[{"name":"wp","href":"https:\/\/api.w.org\/{rel}","templated":true}]}}