{"id":5329,"date":"2025-12-09T15:16:10","date_gmt":"2025-12-09T14:16:10","guid":{"rendered":"https:\/\/matrend.hu\/maitrend\/?p=5329"},"modified":"2025-12-09T15:16:10","modified_gmt":"2025-12-09T14:16:10","slug":"kulcsar-edina-megtepte-melanie-t","status":"publish","type":"post","link":"https:\/\/matrend.hu\/maitrend\/?p=5329","title":{"rendered":"Kulcs\u00e1r Edina megt\u00e9pte Melanie-t!"},"content":{"rendered":"<h3>Edina el\u00e9rte a robban\u00e1spontot. A megcsa\/\u00e1sv\u00e1dakr\u00f3\/ lehullott a lepel, majd meg\u00e9rkezett a mondat, amit\u0151l a k\u00f6z\u00f6ss\u00e9gi m\u00e9dia egy pillanat alatt felrobbant:<br \/>\n\u201eM\u00e1r k\/rv*ra unom, hogy nem hagy minket b\u00e9k\u00e9n ez a r\u00f6geszm\u00e9s n\u0151szem\u00e9ly!\u201d<br \/>\n\u00c9s itt m\u00e9g nem \u00e1llt meg.<br \/>\n\u201eSz\u00edvesen \u00e1llok a feljelent\u00e9s el\u00e9be. H\u00e1tha ebb\u0151l is j\u00f6n neki egy kis p\u00e9nz.\u201d<br \/>\nA n\u00e9z\u0151k szerint ezzel Edina gyakorlatilag kit\u00e9pte Melanie haj\u00e1t a nyilv\u00e1noss\u00e1g el\u0151tt \u2013 m\u00e9g ha csak k\u00e9pletesen is. A h\u00e1romszoros celeb-h\u00e1bor\u00fa most m\u00e1r olyan szinten l\u00e1ngol, hogy a rajong\u00f3k att\u00f3l tartanak: innen nincs vissza\u00fat.<\/h3>\n<p>VIA IG<\/p>\n<p>&#8211;<\/p>\n<p>Annak ellen\u00e9re, hogy az \u00e1tlagosn\u00e1l alacsonyabb a cs\u00edp\u0151pontja a crossover modelleknek, a C-HR vezet\u0151\u00fcl\u00e9se tov\u00e1bbra is olyan, amelyre k\u00f6zvetlen\u00fcl be lehet cs\u00faszni, nem kell lehajolni a hozz\u00e1f\u00e9r\u00e9shez.<\/p>\n<p>Az A-oszlopok \u00e9s a tet\u0151vonal meglehet\u0151sen k\u00f6zel futnak a fejhez, amikor a vol\u00e1nn\u00e1l \u00fcl\u00fcnk, \u00edgy ez az aut\u00f3 nem egy k\u00fcl\u00f6n\u00f6sen magas sof\u0151rnek aj\u00e1nlott. A fejt\u00e9r h\u00e1tul m\u00e9g korl\u00e1tozottabb, de a l\u00e1bt\u00e9r mindk\u00e9t sorban elegend\u0151. Egy alacsonyabb testalkat\u00fa feln\u0151tt vagy tin\u00e9dzser sz\u00e1m\u00e1ra a h\u00e1ts\u00f3 \u00fcl\u00e9seken \u00fcl\u0151 magas \u00e9s elv\u00e9konyod\u00f3 ablakvonal klausztrof\u00f3bi\u00e1sabb \u00e9rzetet kelthet, mint amilyen val\u00f3j\u00e1ban.<br \/>\nTal\u00e1n megengedhetj\u00fck magunknak, hogy f\u00e9lretegy\u00fck a C-HR praktikum\u00e1val kapcsolatos fenntart\u00e1sainkat, tekintve, hogy ez az aut\u00f3 ink\u00e1bb a st\u00edlus\u00e9rz\u00e9k\u00e9vel, mintsem a t\u00e1gas t\u00e9rk\u00edn\u00e1lat\u00e1val k\u00edv\u00e1n vonz\u00f3v\u00e1 v\u00e1lni.<br \/>\n\u00c9s miut\u00e1n ezt megtett\u00fck, egy meglehet\u0151sen k\u00e9nyelmes, teljesen kellemes, massz\u00edvan meg\u00e9p\u00edtett \u00e9s k\u00f6vetkezetesen j\u00f3l kidolgozott bels\u0151 t\u00e9r marad, amely \u00e1tgondolt tervez\u00e9sr\u0151l \u00e9s a k\u00fcls\u0151t megk\u00fcl\u00f6nb\u00f6ztet\u0151 st\u00edlusos kifinomults\u00e1gr\u00f3l tan\u00faskodik.<\/p>\n<p>Az aszimmetrikus m\u0171szerfal egy id\u0151t\u00e1ll\u00f3 tr\u00fckk, amellyel az aut\u00f3 azonnal a vezet\u0151re \u00f6sszpontos\u00edt\u00f3nak t\u0171nik, \u00e9s a C-HR hasonl\u00f3an megtervezett elrendez\u00e9se a v\u00edzes\u00e9s-konzolon t\u00fal eg\u00e9szen az alatta l\u00e9v\u0151 k\u00f6z\u00e9pkonzolig h\u00faz\u00f3dik.<br \/>\nFent l\u00e1that\u00f3, hogy a m\u0171szerfalb\u00f3l ki\u00e1ll\u00f3 8,0 h\u00fcvelykes infotainment k\u00e9perny\u0151 integr\u00e1l\u00e1sa lehet\u0151v\u00e9 tette a Toyota sz\u00e1m\u00e1ra , hogy alacsonyan tartsa az aut\u00f3 m\u0171szerfal\u00e1nak m\u00e9ret\u00e9t, \u00e9s meg\u0151rizze a t\u00e9r\u00e9rzetet el\u00f6l.<br \/>\nA Toyota rengeteg magasf\u00e9ny\u0171 zongoralakk m\u0171anyagot haszn\u00e1lt bels\u0151 dekor\u00e1ci\u00f3k\u00e9nt, amivel kapcsolatban vegyesek a v\u00e9lem\u00e9nyeink. Nagyon szemet gy\u00f6ny\u00f6rk\u00f6dtet\u0151 \u00e9s divatos, de l\u00e1tszanak rajta a por \u00e9s az ujjlenyomatok.<br \/>\nA sebess\u00e9gv\u00e1lt\u00f3 el\u0151tt \u00e9s m\u00f6g\u00f6tt m\u00e9ly, k\u00f6nnycsepp alak\u00fa poh\u00e1rtart\u00f3k tal\u00e1lhat\u00f3k, amelyek okos kialak\u00edt\u00e1s\u00e1nak k\u00f6sz\u00f6nhet\u0151en k\u00f6nnyebben elf\u00e9r egy f\u00fcles b\u00f6gre, mint egy kerek, a k\u00f6z\u00e9ps\u0151 kart\u00e1masz alatt pedig egy ugyanilyen m\u00e9ly t\u00e1rol\u00f3rekesz tal\u00e1lhat\u00f3 egy 12 V-os csatlakoz\u00f3aljzattal.<\/p>\n","protected":false},"excerpt":{"rendered":"<p>Edina el\u00e9rte a robban\u00e1spontot. A megcsa\/\u00e1sv\u00e1dakr\u00f3\/ lehullott a lepel, majd meg\u00e9rkezett a mondat, amit\u0151l a k\u00f6z\u00f6ss\u00e9gi m\u00e9dia egy pillanat alatt&#8230; <span class=\"gridview-grid-post-read-more\"><a href=\"https:\/\/matrend.hu\/maitrend\/?p=5329\">read more<span class=\"gridview-sr-only\"> Kulcs\u00e1r Edina megt\u00e9pte Melanie-t!<\/span><\/a><\/span><\/p>\n","protected":false},"author":1,"featured_media":5330,"comment_status":"open","ping_status":"open","sticky":false,"template":"","format":"standard","meta":{"footnotes":""},"categories":[1],"tags":[],"class_list":["post-5329","post","type-post","status-publish","format-standard","has-post-thumbnail","hentry","category-egyeb","wpcat-1-id"],"_links":{"self":[{"href":"https:\/\/matrend.hu\/maitrend\/index.php?rest_route=\/wp\/v2\/posts\/5329","targetHints":{"allow":["GET"]}}],"collection":[{"href":"https:\/\/matrend.hu\/maitrend\/index.php?rest_route=\/wp\/v2\/posts"}],"about":[{"href":"https:\/\/matrend.hu\/maitrend\/index.php?rest_route=\/wp\/v2\/types\/post"}],"author":[{"embeddable":true,"href":"https:\/\/matrend.hu\/maitrend\/index.php?rest_route=\/wp\/v2\/users\/1"}],"replies":[{"embeddable":true,"href":"https:\/\/matrend.hu\/maitrend\/index.php?rest_route=%2Fwp%2Fv2%2Fcomments&post=5329"}],"version-history":[{"count":1,"href":"https:\/\/matrend.hu\/maitrend\/index.php?rest_route=\/wp\/v2\/posts\/5329\/revisions"}],"predecessor-version":[{"id":5331,"href":"https:\/\/matrend.hu\/maitrend\/index.php?rest_route=\/wp\/v2\/posts\/5329\/revisions\/5331"}],"wp:featuredmedia":[{"embeddable":true,"href":"https:\/\/matrend.hu\/maitrend\/index.php?rest_route=\/wp\/v2\/media\/5330"}],"wp:attachment":[{"href":"https:\/\/matrend.hu\/maitrend\/index.php?rest_route=%2Fwp%2Fv2%2Fmedia&parent=5329"}],"wp:term":[{"taxonomy":"category","embeddable":true,"href":"https:\/\/matrend.hu\/maitrend\/index.php?rest_route=%2Fwp%2Fv2%2Fcategories&post=5329"},{"taxonomy":"post_tag","embeddable":true,"href":"https:\/\/matrend.hu\/maitrend\/index.php?rest_route=%2Fwp%2Fv2%2Ftags&post=5329"}],"curies":[{"name":"wp","href":"https:\/\/api.w.org\/{rel}","templated":true}]}}