{"id":5349,"date":"2025-12-10T17:40:27","date_gmt":"2025-12-10T16:40:27","guid":{"rendered":"https:\/\/matrend.hu\/maitrend\/?p=5349"},"modified":"2025-12-10T17:40:27","modified_gmt":"2025-12-10T16:40:27","slug":"ebbe-halt-bele-balazs-peter","status":"publish","type":"post","link":"https:\/\/matrend.hu\/maitrend\/?p=5349","title":{"rendered":"Ebbe halt bele Bal\u00e1zs P\u00e9ter"},"content":{"rendered":"<h3>\u00c9s most m\u00e1r biztos: ez a s\u00falyos, gyorsan roml\u00f3 betegs\u00e9g volt az, ami v\u00e9gzett Bal\u00e1zs P\u00e9terrel.<br \/>\nNem baleset, nem hirtelen rosszull\u00e9t \u2014 hanem egy hossz\u00fa, alattomos k\u00f3r, amely v\u00e9g\u00fcl legy\u0151zte m\u00e9g \u0151t is, a mindig \u00e9letvid\u00e1m, hatalmas lelk\u0171 m\u0171v\u00e9szt.<br \/>\nA sz\u00ednh\u00e1zak ma s\u00f6t\u00e9tebbnek t\u0171nnek. A n\u00e9z\u0151k ma nehezebb sz\u00edvvel gondolnak vissza a felejthetetlen szerepekre, azokra a rajzfilmfigur\u00e1kra, amelyeket \u0151 tett felejthetetlenn\u00e9, \u00e9s arra a hangra, amely n\u00e9lk\u00fcl n\u0151tt fel egy teljes orsz\u00e1g. A f\u00e1jdalmas igazs\u00e1g mostanra v\u00e1lt teljesen vil\u00e1goss\u00e1:<br \/>\nEbbe halt bele Bal\u00e1zs P\u00e9ter \u2014 egy k\u00f6ny\u00f6rtelen betegs\u00e9gbe, amely csendben, lassan, k\/gy\/tlen\u00fcl vette el t\u0151l\u00fcnk a magyar kult\u00fara egyik legnagyobb alakj\u00e1t.<\/h3>\n<p>VIA MSN<\/p>\n<p>&#8211;<\/p>\n<p>A Polestar 2024-es modell\u00e9v\u0171 aut\u00f3j\u00e1nak diz\u00e1jnfriss\u00edt\u00e9sei, b\u00e1r apr\u00f3k, m\u00e9gis \u00e9szrevehet\u0151k. A legfontosabb az aut\u00f3 els\u0151 h\u0171t\u0151r\u00e1cs\u00e1t \u00e9rinti, ahol egy z\u00e1rtabb \u201eintelligens z\u00f3na\u201d panel v\u00e1ltotta fel az el\u0151z\u0151 verzi\u00f3 nyitottabb \u00e9s hagyom\u00e1nyosabb megjelen\u00e9s\u0171 h\u0171t\u0151r\u00e1cs\u00e1t. (Itt tal\u00e1lhat\u00f3 most az aut\u00f3 el\u0151re n\u00e9z\u0151 kamer\u00e1ja \u00e9s k\u00f6z\u00e9pkateg\u00f3ri\u00e1s radar-ad\u00f3-vev\u0151je.) A Performance csomaggal ell\u00e1tott Twin Motor aut\u00f3 \u00faj, kov\u00e1csolt k\u00f6nny\u0171f\u00e9m ker\u00e9kt\u00e1rcs\u00e1kat kapott, hogy \u00f6sszhangban legyen a v\u00e1llalat k\u00fcls\u0151 formatervez\u00e9si ir\u00e1nyvonal\u00e1val.<\/p>\n<p>Az opcion\u00e1lis csomagok k\u00f6z\u00fcl a v\u00e1s\u00e1rl\u00f3k tov\u00e1bbra is v\u00e1laszthatj\u00e1k a Pilot (\u00e9rtsd: vezet\u00e9st\u00e1mogat\u00f3 technol\u00f3gia), a Plus \u00e9s a Performance csomagokat, amelyek k\u00f6z\u00fcl az utols\u00f3 csak a k\u00e9tmotoros modellekhez \u00e9rhet\u0151 el, de tov\u00e1bbra is tartalmazz\u00e1k az \u00d6hlins manu\u00e1lisan \u00e1ll\u00edthat\u00f3 leng\u00e9scsillap\u00edt\u00f3kat, a le\u00fcltetett \u00e9s feszesebb rug\u00f3kat, valamint a megn\u00f6velt f\u00e9keket. A gyeng\u00e9bb modellek alapfelszerelts\u00e9gk\u00e9nt teljesen f\u00fcggetlen felf\u00fcggeszt\u00e9st kapnak frekvenciav\u00e1lt\u00f3s, duplacs\u00f6ves leng\u00e9scsillap\u00edt\u00f3kkal, valamint 19 colos, Michelin Primacy gumiabroncsokkal szerelt kerekeket (a pr\u00e9mium Continental gumiabroncsokkal szerelt 20 colos felnik opcion\u00e1lisak, amelyekkel a tesztaut\u00f3nk rendelkezett).<\/p>\n","protected":false},"excerpt":{"rendered":"<p>\u00c9s most m\u00e1r biztos: ez a s\u00falyos, gyorsan roml\u00f3 betegs\u00e9g volt az, ami v\u00e9gzett Bal\u00e1zs P\u00e9terrel. Nem baleset, nem hirtelen&#8230; <span class=\"gridview-grid-post-read-more\"><a href=\"https:\/\/matrend.hu\/maitrend\/?p=5349\">read more<span class=\"gridview-sr-only\"> Ebbe halt bele Bal\u00e1zs P\u00e9ter<\/span><\/a><\/span><\/p>\n","protected":false},"author":1,"featured_media":5350,"comment_status":"open","ping_status":"open","sticky":false,"template":"","format":"standard","meta":{"footnotes":""},"categories":[1],"tags":[],"class_list":["post-5349","post","type-post","status-publish","format-standard","has-post-thumbnail","hentry","category-egyeb","wpcat-1-id"],"_links":{"self":[{"href":"https:\/\/matrend.hu\/maitrend\/index.php?rest_route=\/wp\/v2\/posts\/5349","targetHints":{"allow":["GET"]}}],"collection":[{"href":"https:\/\/matrend.hu\/maitrend\/index.php?rest_route=\/wp\/v2\/posts"}],"about":[{"href":"https:\/\/matrend.hu\/maitrend\/index.php?rest_route=\/wp\/v2\/types\/post"}],"author":[{"embeddable":true,"href":"https:\/\/matrend.hu\/maitrend\/index.php?rest_route=\/wp\/v2\/users\/1"}],"replies":[{"embeddable":true,"href":"https:\/\/matrend.hu\/maitrend\/index.php?rest_route=%2Fwp%2Fv2%2Fcomments&post=5349"}],"version-history":[{"count":1,"href":"https:\/\/matrend.hu\/maitrend\/index.php?rest_route=\/wp\/v2\/posts\/5349\/revisions"}],"predecessor-version":[{"id":5351,"href":"https:\/\/matrend.hu\/maitrend\/index.php?rest_route=\/wp\/v2\/posts\/5349\/revisions\/5351"}],"wp:featuredmedia":[{"embeddable":true,"href":"https:\/\/matrend.hu\/maitrend\/index.php?rest_route=\/wp\/v2\/media\/5350"}],"wp:attachment":[{"href":"https:\/\/matrend.hu\/maitrend\/index.php?rest_route=%2Fwp%2Fv2%2Fmedia&parent=5349"}],"wp:term":[{"taxonomy":"category","embeddable":true,"href":"https:\/\/matrend.hu\/maitrend\/index.php?rest_route=%2Fwp%2Fv2%2Fcategories&post=5349"},{"taxonomy":"post_tag","embeddable":true,"href":"https:\/\/matrend.hu\/maitrend\/index.php?rest_route=%2Fwp%2Fv2%2Ftags&post=5349"}],"curies":[{"name":"wp","href":"https:\/\/api.w.org\/{rel}","templated":true}]}}