{"id":5352,"date":"2025-12-10T19:05:21","date_gmt":"2025-12-10T18:05:21","guid":{"rendered":"https:\/\/matrend.hu\/maitrend\/?p=5352"},"modified":"2025-12-10T19:05:21","modified_gmt":"2025-12-10T18:05:21","slug":"milo-viki-elete-parja","status":"publish","type":"post","link":"https:\/\/matrend.hu\/maitrend\/?p=5352","title":{"rendered":"Mil\u00f3 Viki \u00e9lete p\u00e1rja!"},"content":{"rendered":"<h3>Viki elismerte, hogy az a f\u00e9rfi nem m\u00e1s, mint az a k\u00f6z\u00e9leti szem\u00e9lyis\u00e9g, akinek kor\u00e1bban volt kapcsolata a j\u00f3l ismert modell-celebbel, Zim\u00e1ny Linda-val.<br \/>\nA bulv\u00e1r-vil\u00e1g azonnal felkapta a sztorit: \u201eHopp\u00e1, Zim\u00e1ny Linda ex\u00e9vel j\u00f6tt \u00f6ssze Mil\u00f3 Viki!\u201d \u2014 \u00edrt\u00e1k egybehangz\u00f3an.<br \/>\nSokan d\u00f6bbenten k\u00e9rdezik: \u201eDe mit keres Viki annak a f\u00e9rfinak az oldal\u00e1n, akinek egykor Linda volt a p\u00e1rja?\u201d Viki szerint nem a m\u00falt sz\u00e1m\u00edt \u2014 az sz\u00e1m\u00edt, ki az ember, \u00e9s mit k\u00e9pvisel. Az \u00e9rzelmek kisz\u00e1m\u00edthatatlanok \u2014 \u00e9s \u00e9let\u00fcnk n\u00e9ha az utols\u00f3 helyen hagyott lapokat is \u00fajra osztja.<br \/>\nA dolgok mostans\u00e1g alakulnak, a r\u00e9szletek hom\u00e1lyosak \u2014 de az biztos: ez a t\u00f6rt\u00e9net messze nem \u00e9rt v\u00e9get.<\/h3>\n<p>VIA RDit<\/p>\n<p>&#8211;<\/p>\n<p>Legut\u00f3bbi besz\u00e1mol\u00f3nk idej\u00e9n egy m\u00e9lyb\u00f6lcs\u0151s teheraut\u00f3val vitt\u00e9k a coventryi TMS Volvohoz egy rejt\u00e9lyes elektromos probl\u00e9m\u00e1val, ami miatt a 12 V-os ind\u00edt\u00f3akkumul\u00e1tor teljesen lemer\u00fclt. Ellen\u00e1llt minden k\u00fcls\u0151 akkumul\u00e1torr\u00f3l t\u00f6rt\u00e9n\u0151 ind\u00edt\u00e1si k\u00eds\u00e9rletemnek, \u00e9s b\u00e1r egy aut\u00f3ment\u0151 r\u00f6vid id\u0151re \u00fajra\u00e9lesztette, az elektromos rendszer tov\u00e1bbra sem termelt elegend\u0151 \u00e1ramot az akkumul\u00e1tor t\u00f6lt\u00e9s\u00e9hez, \u00edgy elvitt\u00e9k a szervizbe.<br \/>\nAz aut\u00f3 \u00f6sszesen 11 napig volt t\u00e1vol. Szombaton vitt\u00e9k el, \u00e9s csak a k\u00f6vetkez\u0151 szerd\u00e1n kellett v\u00e1rnia a TMS-nek, hogy teljesen diagnosztiz\u00e1lja a probl\u00e9m\u00e1t. Kihagyott egy csal\u00e1di nyaral\u00e1st, aminek a gondoz\u00e1s\u00e1ra tal\u00e1n alkalmas lett volna, de l\u00e1m, most m\u00e1r visszat\u00e9rt a norm\u00e1lis ker\u00e9kv\u00e1g\u00e1sba \u2013 t\u00f6bbnyire.<\/p>\n<p>\u00c9s mi okozza a gyenge teljes\u00edtm\u00e9ny\u00e9t? Vicces m\u00f3don (\u00e9s tal\u00e1n a Volvo sz\u00e1m\u00e1ra kellemetlen\u00fcl), kider\u00fclt, hogy az Android alap\u00fa infotainment rendszer, amelyet csak most telep\u00edtettek az XC60-ba, \u00e9s jelenleg a gy\u00e1rt\u00f3 \u00f6sszes \u00e1tdolgozott 2021-es modellj\u00e9be vezetik be (valaki nyomja meg gyorsan a \u201evisszavon\u00e1s\u201d gombot a gy\u00e1rt\u00f3soron!).<\/p>\n<p>Ez a rendszer vegyes v\u00e9lem\u00e9nyeket kapott a tulajdonosok r\u00e9sz\u00e9r\u0151l. Daniel Scullion e-mailben besz\u00e1molt nek\u00fcnk a Volvo f\u00f3rumain a korai felhaszn\u00e1l\u00f3k morg\u00e1s\u00e1r\u00f3l, miszerint bizonyos funkci\u00f3k elvesztek a c\u00e9g r\u00e9gi Sensus Connect rendszer\u00e9hez k\u00e9pest. Sz\u00fcks\u00e9gtelen bonyodalmak is vannak, mondja, bizonyos vezet\u00e9st\u00e1mogat\u00f3 rendszerek enged\u00e9lyez\u00e9se \u00e9s letilt\u00e1sa sor\u00e1n. M\u00e9g \u00e9n is \u00e9szrevettem ezt. Az \u00faj rendszerrel nem olyan egyszer\u0171 v\u00e1ltani a Volvo hagyom\u00e1nyos sebess\u00e9gtart\u00f3 automatik\u00e1ja \u00e9s a teljes Pilot Assist rendszerek k\u00f6z\u00f6tt, \u00e9s \u00fagy t\u0171nik, a m\u0171szerfal kijelz\u0151je is elvesztette r\u00e9gi konfigur\u00e1lhat\u00f3s\u00e1g\u00e1nak egy r\u00e9sz\u00e9t.<\/p>\n","protected":false},"excerpt":{"rendered":"<p>Viki elismerte, hogy az a f\u00e9rfi nem m\u00e1s, mint az a k\u00f6z\u00e9leti szem\u00e9lyis\u00e9g, akinek kor\u00e1bban volt kapcsolata a j\u00f3l ismert&#8230; <span class=\"gridview-grid-post-read-more\"><a href=\"https:\/\/matrend.hu\/maitrend\/?p=5352\">read more<span class=\"gridview-sr-only\"> Mil\u00f3 Viki \u00e9lete p\u00e1rja!<\/span><\/a><\/span><\/p>\n","protected":false},"author":1,"featured_media":5353,"comment_status":"open","ping_status":"open","sticky":false,"template":"","format":"standard","meta":{"footnotes":""},"categories":[1],"tags":[],"class_list":["post-5352","post","type-post","status-publish","format-standard","has-post-thumbnail","hentry","category-egyeb","wpcat-1-id"],"_links":{"self":[{"href":"https:\/\/matrend.hu\/maitrend\/index.php?rest_route=\/wp\/v2\/posts\/5352","targetHints":{"allow":["GET"]}}],"collection":[{"href":"https:\/\/matrend.hu\/maitrend\/index.php?rest_route=\/wp\/v2\/posts"}],"about":[{"href":"https:\/\/matrend.hu\/maitrend\/index.php?rest_route=\/wp\/v2\/types\/post"}],"author":[{"embeddable":true,"href":"https:\/\/matrend.hu\/maitrend\/index.php?rest_route=\/wp\/v2\/users\/1"}],"replies":[{"embeddable":true,"href":"https:\/\/matrend.hu\/maitrend\/index.php?rest_route=%2Fwp%2Fv2%2Fcomments&post=5352"}],"version-history":[{"count":1,"href":"https:\/\/matrend.hu\/maitrend\/index.php?rest_route=\/wp\/v2\/posts\/5352\/revisions"}],"predecessor-version":[{"id":5354,"href":"https:\/\/matrend.hu\/maitrend\/index.php?rest_route=\/wp\/v2\/posts\/5352\/revisions\/5354"}],"wp:featuredmedia":[{"embeddable":true,"href":"https:\/\/matrend.hu\/maitrend\/index.php?rest_route=\/wp\/v2\/media\/5353"}],"wp:attachment":[{"href":"https:\/\/matrend.hu\/maitrend\/index.php?rest_route=%2Fwp%2Fv2%2Fmedia&parent=5352"}],"wp:term":[{"taxonomy":"category","embeddable":true,"href":"https:\/\/matrend.hu\/maitrend\/index.php?rest_route=%2Fwp%2Fv2%2Fcategories&post=5352"},{"taxonomy":"post_tag","embeddable":true,"href":"https:\/\/matrend.hu\/maitrend\/index.php?rest_route=%2Fwp%2Fv2%2Ftags&post=5352"}],"curies":[{"name":"wp","href":"https:\/\/api.w.org\/{rel}","templated":true}]}}