{"id":5358,"date":"2025-12-10T21:00:25","date_gmt":"2025-12-10T20:00:25","guid":{"rendered":"https:\/\/matrend.hu\/maitrend\/?p=5358"},"modified":"2025-12-10T21:00:25","modified_gmt":"2025-12-10T20:00:25","slug":"demjen-ferenc-baleseterol-jott-az-info","status":"publish","type":"post","link":"https:\/\/matrend.hu\/maitrend\/?p=5358","title":{"rendered":"Demj\u00e9n Ferenc baleset\u00e9r\u0151l j\u00f6tt az inf\u00f3!"},"content":{"rendered":"<h3>A menedzsment \u00edr\u00e1sa szerint elt\u00f6rt a combcsontja, a s\u00e9r\u00fcl\u00e9s miatt pedig m\u0171teni is kellett \u0151t. Megbotlottam, \u00e9s elt\u00f6rt a combom. Nagyon j\u00f3 k\u00f3rh\u00e1zi kezel\u00e9sek ut\u00e1n itt vagyok, bot n\u00e9lk\u00fcl is tudok s\u00e9t\u00e1lni. M\u00e9g nem mondom azt, hogy indulok a fut\u00f3versenyen, de futottam m\u00e1r eleget\u201d \u2013 jegyezte meg Demj\u00e9n Ferenc.<\/h3>\n<p>Forr\u00e1s: MSN \/ FB \/ TTOK<\/p>\n<p>&#8211;<\/p>\n<p>A Santa Fe plug-in hibrid fed\u00e9lzeti t\u00f6lt\u0151je mind\u00f6ssze 3,6 kW-os, \u00edgy egy 7 kW-os otthoni fali t\u00f6lt\u0151r\u0151l nagyj\u00e1b\u00f3l n\u00e9gy \u00f3ra sz\u00fcks\u00e9ges a teljes felt\u00f6lt\u00e9shez. \u00c9rdemes megeml\u00edteni, hogy a leg\u00fajabb Peugeot 5008 PHEV ak\u00e1r 48 m\u00e9rf\u00f6ldet is k\u00e9pes tiszt\u00e1n elektromosan megtenni, m\u00edg a \u0160koda Kodiaq iV hatalmas, 75 m\u00e9rf\u00f6ldes elektromos hat\u00f3t\u00e1vval rendelkezik, ami ebben a kateg\u00f3ri\u00e1ban kiemelked\u0151en magas \u00e9rt\u00e9k.<\/p>\n<p>A Hyundai Santa Fe biztos\u00edt\u00e1si k\u00f6lts\u00e9gei v\u00e1rhat\u00f3an nem lesznek kir\u00edv\u00f3an magasak, de vannak n\u00e1la kedvez\u0151bb \u00e1r\u00fa alternat\u00edv\u00e1k is a piacon. A bel\u00e9p\u0151 szint\u0171, els\u0151ker\u00e9k-hajt\u00e1s\u00fa hibrid modell a 33-as biztos\u00edt\u00e1si csoportba tartozik, a n\u00e9gyker\u00e9k-hajt\u00e1s\u00fa v\u00e1ltozat m\u00e1r a 34-es csoportba ker\u00fcl, m\u00edg a leger\u0151sebb plug-in hibrid a 36-os kateg\u00f3ri\u00e1ban tal\u00e1lhat\u00f3. \u00d6sszehasonl\u00edt\u00e1sk\u00e9pp a \u0160koda Kodiaq alapv\u00e1ltozata a 18-as csoportb\u00f3l indul, a plug-in hibrid v\u00e1ltozat pedig a 24-esb\u0151l, \u00edgy a biztos\u00edt\u00e1si d\u00edjak ter\u00e9n jelent\u0151s k\u00fcl\u00f6nbs\u00e9gek lehetnek.<\/p>\n","protected":false},"excerpt":{"rendered":"<p>A menedzsment \u00edr\u00e1sa szerint elt\u00f6rt a combcsontja, a s\u00e9r\u00fcl\u00e9s miatt pedig m\u0171teni is kellett \u0151t. Megbotlottam, \u00e9s elt\u00f6rt a combom&#8230;. <span class=\"gridview-grid-post-read-more\"><a href=\"https:\/\/matrend.hu\/maitrend\/?p=5358\">read more<span class=\"gridview-sr-only\"> Demj\u00e9n Ferenc baleset\u00e9r\u0151l j\u00f6tt az inf\u00f3!<\/span><\/a><\/span><\/p>\n","protected":false},"author":1,"featured_media":5359,"comment_status":"open","ping_status":"open","sticky":false,"template":"","format":"standard","meta":{"footnotes":""},"categories":[1],"tags":[],"class_list":["post-5358","post","type-post","status-publish","format-standard","has-post-thumbnail","hentry","category-egyeb","wpcat-1-id"],"_links":{"self":[{"href":"https:\/\/matrend.hu\/maitrend\/index.php?rest_route=\/wp\/v2\/posts\/5358","targetHints":{"allow":["GET"]}}],"collection":[{"href":"https:\/\/matrend.hu\/maitrend\/index.php?rest_route=\/wp\/v2\/posts"}],"about":[{"href":"https:\/\/matrend.hu\/maitrend\/index.php?rest_route=\/wp\/v2\/types\/post"}],"author":[{"embeddable":true,"href":"https:\/\/matrend.hu\/maitrend\/index.php?rest_route=\/wp\/v2\/users\/1"}],"replies":[{"embeddable":true,"href":"https:\/\/matrend.hu\/maitrend\/index.php?rest_route=%2Fwp%2Fv2%2Fcomments&post=5358"}],"version-history":[{"count":2,"href":"https:\/\/matrend.hu\/maitrend\/index.php?rest_route=\/wp\/v2\/posts\/5358\/revisions"}],"predecessor-version":[{"id":5361,"href":"https:\/\/matrend.hu\/maitrend\/index.php?rest_route=\/wp\/v2\/posts\/5358\/revisions\/5361"}],"wp:featuredmedia":[{"embeddable":true,"href":"https:\/\/matrend.hu\/maitrend\/index.php?rest_route=\/wp\/v2\/media\/5359"}],"wp:attachment":[{"href":"https:\/\/matrend.hu\/maitrend\/index.php?rest_route=%2Fwp%2Fv2%2Fmedia&parent=5358"}],"wp:term":[{"taxonomy":"category","embeddable":true,"href":"https:\/\/matrend.hu\/maitrend\/index.php?rest_route=%2Fwp%2Fv2%2Fcategories&post=5358"},{"taxonomy":"post_tag","embeddable":true,"href":"https:\/\/matrend.hu\/maitrend\/index.php?rest_route=%2Fwp%2Fv2%2Ftags&post=5358"}],"curies":[{"name":"wp","href":"https:\/\/api.w.org\/{rel}","templated":true}]}}