{"id":5374,"date":"2025-12-11T19:22:48","date_gmt":"2025-12-11T18:22:48","guid":{"rendered":"https:\/\/matrend.hu\/maitrend\/?p=5374"},"modified":"2025-12-11T19:22:48","modified_gmt":"2025-12-11T18:22:48","slug":"kitalalt-adam-attila-edesapja-curtisrol","status":"publish","type":"post","link":"https:\/\/matrend.hu\/maitrend\/?p=5374","title":{"rendered":"Kit\u00e1lalt \u00c1d\u00e1m Attila \u00e9desapja Curtisr\u0151l"},"content":{"rendered":"<h3>A fin\u00e1l\u00e9 ut\u00e1n a Bors mikrofonv\u00e9gre kapta \u00c1d\u00e1m Attila \u00e9desapj\u00e1t, aki v\u00e9gre elmondta az igazat.<br \/>\n\u201eTiszt\u00e1ztunk mindent\u2026\u201d \u2013 kezdte, majd hozz\u00e1tette: a m\u0171sor fesz\u00fclts\u00e9g\u00e9ben mindk\u00e9t f\u00e9l mondott olyat, amit nem kellett volna. De ami ezut\u00e1n j\u00f6tt, arra senki sem volt felk\u00e9sz\u00fclve.<br \/>\n\u201eNincsen semmi probl\u00e9ma k\u00f6zt\u00fcnk. Curtis felaj\u00e1nlotta, hogy seg\u00edt Attik\u00e1nak a j\u00f6v\u0151ben. Pozit\u00edvan csal\u00f3dtam.\u201d<br \/>\nA f\u00e9rfi \u2013 aki maga is \u00e9nekes \u2013 m\u00e9g meg is dics\u00e9rte Curtist, ami hatalmas fordulat ahhoz k\u00e9pest, hogy hetekig azt hitt\u00e9k, \u0151k ketten sz\u00f3ba sem \u00e1llnak egym\u00e1ssal.<br \/>\nA botr\u00e1ny lez\u00e1rult. A fesz\u00fclts\u00e9g elsz\u00e1llt.<br \/>\nS\u0151t\u2026 Curtis most m\u00e1r t\u00e1mogatni akarja Attil\u00e1t, akinek zenei karrierje \u00edgy ak\u00e1r k\u00f6z\u00f6s \u00faton is folytat\u00f3dhat.<br \/>\n\u00c1d\u00e1m Attila el\u0151tt hatalmas lehet\u0151s\u00e9g \u00e1ll \u2013 \u00e9s ezt most m\u00e1r a saj\u00e1t \u00e9desapja is \u00fagy l\u00e1tja: a t\u00f6rt\u00e9net v\u00e9get \u00e9rt, m\u00e9ghozz\u00e1 d\u00f6bbenetesen b\u00e9k\u00e9s hangon.<\/h3>\n<p>VIA Bors<\/p>\n<p>&#8211;<\/p>\n<p>A Stelvio egy k\u00fcl\u00f6n\u00f6s ellentmond\u00e1s. Hihetetlen\u00fcl ritka l\u00e1tv\u00e1ny az utakon \u2013 k\u00fcl\u00f6n\u00f6sen az 503 l\u00f3er\u0151s, 80 ezer fontos Quadrifoglio form\u00e1j\u00e1ban \u2013, m\u00e9gis furcs\u00e1n ismer\u0151snek \u00e9rz\u0151dik. <\/p>\n<p>Ez val\u00f3sz\u00edn\u0171leg az\u00e9rt van, mert a c\u00e9g a 2003-as Kamal koncepci\u00f3aut\u00f3 \u00f3ta folyamatosan pr\u00f3b\u00e1lkozik az els\u0151 SUV-j\u00e1val kapcsolatban, annak ellen\u00e9re, hogy tov\u00e1bbi 13 \u00e9vbe telt, mire sorozatgy\u00e1rt\u00e1sba ker\u00fclt.<\/p>\n<p>\u00c9s micsoda val\u00f3s\u00e1g! Ez a g\u00e9p sokkal jobban n\u00e9z ki f\u00e9mb\u0151l, mint f\u00e9nyk\u00e9peken, sikeresen visszaadva a \u201eg\u00f3lyal\u00e1bas Giulia\u201d megjelen\u00e9st a vastag, izmos combjainak, a hatalmas, teledial alak\u00fa k\u00f6nny\u0171f\u00e9m ker\u00e9kt\u00e1rcs\u00e1knak \u00e9s a pajzs alak\u00fa h\u0171t\u0151r\u00e1cs \u00fcgyes integr\u00e1ci\u00f3j\u00e1nak k\u00f6sz\u00f6nhet\u0151en \u2013 b\u00e1r az \u00e9n p\u00e9nzemhez k\u00e9pest az aut\u00f3 h\u00e1tulr\u00f3l m\u00e9g jobban n\u00e9z ki, ahol a n\u00e9gy kipufog\u00f3v\u00e9gek \u00e9s a hatalmas h\u00e1ts\u00f3 gumiabroncsok igazi agresszi\u00f3t k\u00f6lcs\u00f6n\u00f6znek. De mi is ez pontosan? Nem arr\u00f3l van sz\u00f3, hogy az Alfa jobban fel\u00e9p\u00edtett vagy felszerelt lenne, mint b\u00e1rmelyik m\u00e1sik aut\u00f3, b\u00e1r egyikkel sem volt panaszom. Az infotainment rendszernek r\u00e1f\u00e9rne egy nagyobb k\u00e9perny\u0151, de sokkal \u00e9rz\u00e9kenyebb, mint sok m\u00e1s, amit felsorolhatn\u00e9k, \u00e9s a legt\u00f6bb olyan funkci\u00f3 megtal\u00e1lhat\u00f3 benne, amit egy luxusaut\u00f3ban elv\u00e1rn\u00e1nk. Az egyetlen felt\u0171n\u0151 hi\u00e1nyoss\u00e1g sz\u00e1momra a head-up kijelz\u0151 hi\u00e1nya.<\/p>\n<p>Im\u00e1dom a bels\u0151 teret is. Nem olyan \u201epr\u00e9miumos\u201d \u00e9rz\u00e9s, mint egy Porsche Macan, de az aut\u00f3 t\u00f6bbi r\u00e9sz\u00e9hez hasonl\u00f3an k\u00fcl\u00f6nlegesnek t\u0171nik \u00e9s karaktert sug\u00e1roz. A cs\u00edp\u0151re \u00f6lel\u0151 \u00fcl\u00e9sek \u00f6lel\u00e9s\u00e9ben, a gy\u00f6ny\u00f6r\u0171en kidolgozott, Alcantara bet\u00e9tekkel bor\u00edtott b\u0151r korm\u00e1nyker\u00e9k megfog\u00e1s\u00e1ban kev\u00e9s hely van, ahol sz\u00edvesebben lenn\u00e9k. A feles\u00e9gem azonban, aki kiss\u00e9 alacsony, neh\u00e9znek tal\u00e1lta a feljut\u00e1st a hangs\u00falyos oldalp\u00e1rn\u00e1kon.<\/p>\n<p>Bent a csal\u00e1dban senkinek sem volt panasza: jobban tetszett volna egy kicsit t\u00f6bb t\u00e1rol\u00f3hely, de \u00f6sszess\u00e9g\u00e9ben a praktikum j\u00f3, nagy, j\u00f3l form\u00e1lt csomagtart\u00f3val (b\u00e1r egy buta, apr\u00f3l\u00e9kos, k\u00e9tr\u00e9szes bor\u00edt\u00e1ssal) \u00e9s tisztess\u00e9ges h\u00e1ts\u00f3 t\u00e9rrel. A h\u00e1ts\u00f3 \u00fcl\u00e9sek kiss\u00e9 f\u00fcgg\u0151legesek, de a h\u00e1ts\u00f3 utasok k\u00e9nyelm\u00e9t t\u00f6lt\u0151pontok \u00e9s egyedi g\u00f6mb alak\u00fa szell\u0151z\u0151ny\u00edl\u00e1sok biztos\u00edtj\u00e1k. N\u00e9h\u00e1ny tesztel\u0151 panaszkodott a merev rug\u00f3z\u00e1sra, de mindannyian k\u00e9nyelmesnek tal\u00e1ltuk a hossz\u00fa aut\u00f3p\u00e1lya-utakon.<\/p>\n","protected":false},"excerpt":{"rendered":"<p>A fin\u00e1l\u00e9 ut\u00e1n a Bors mikrofonv\u00e9gre kapta \u00c1d\u00e1m Attila \u00e9desapj\u00e1t, aki v\u00e9gre elmondta az igazat. \u201eTiszt\u00e1ztunk mindent\u2026\u201d \u2013 kezdte, majd&#8230; <span class=\"gridview-grid-post-read-more\"><a href=\"https:\/\/matrend.hu\/maitrend\/?p=5374\">read more<span class=\"gridview-sr-only\"> Kit\u00e1lalt \u00c1d\u00e1m Attila \u00e9desapja Curtisr\u0151l<\/span><\/a><\/span><\/p>\n","protected":false},"author":1,"featured_media":5376,"comment_status":"open","ping_status":"open","sticky":false,"template":"","format":"standard","meta":{"footnotes":""},"categories":[1],"tags":[],"class_list":["post-5374","post","type-post","status-publish","format-standard","has-post-thumbnail","hentry","category-egyeb","wpcat-1-id"],"_links":{"self":[{"href":"https:\/\/matrend.hu\/maitrend\/index.php?rest_route=\/wp\/v2\/posts\/5374","targetHints":{"allow":["GET"]}}],"collection":[{"href":"https:\/\/matrend.hu\/maitrend\/index.php?rest_route=\/wp\/v2\/posts"}],"about":[{"href":"https:\/\/matrend.hu\/maitrend\/index.php?rest_route=\/wp\/v2\/types\/post"}],"author":[{"embeddable":true,"href":"https:\/\/matrend.hu\/maitrend\/index.php?rest_route=\/wp\/v2\/users\/1"}],"replies":[{"embeddable":true,"href":"https:\/\/matrend.hu\/maitrend\/index.php?rest_route=%2Fwp%2Fv2%2Fcomments&post=5374"}],"version-history":[{"count":1,"href":"https:\/\/matrend.hu\/maitrend\/index.php?rest_route=\/wp\/v2\/posts\/5374\/revisions"}],"predecessor-version":[{"id":5377,"href":"https:\/\/matrend.hu\/maitrend\/index.php?rest_route=\/wp\/v2\/posts\/5374\/revisions\/5377"}],"wp:featuredmedia":[{"embeddable":true,"href":"https:\/\/matrend.hu\/maitrend\/index.php?rest_route=\/wp\/v2\/media\/5376"}],"wp:attachment":[{"href":"https:\/\/matrend.hu\/maitrend\/index.php?rest_route=%2Fwp%2Fv2%2Fmedia&parent=5374"}],"wp:term":[{"taxonomy":"category","embeddable":true,"href":"https:\/\/matrend.hu\/maitrend\/index.php?rest_route=%2Fwp%2Fv2%2Fcategories&post=5374"},{"taxonomy":"post_tag","embeddable":true,"href":"https:\/\/matrend.hu\/maitrend\/index.php?rest_route=%2Fwp%2Fv2%2Ftags&post=5374"}],"curies":[{"name":"wp","href":"https:\/\/api.w.org\/{rel}","templated":true}]}}