{"id":5381,"date":"2025-12-12T16:58:50","date_gmt":"2025-12-12T15:58:50","guid":{"rendered":"https:\/\/matrend.hu\/maitrend\/?p=5381"},"modified":"2025-12-12T16:58:50","modified_gmt":"2025-12-12T15:58:50","slug":"sulyos-balesetet-szenvedett-caramel","status":"publish","type":"post","link":"https:\/\/matrend.hu\/maitrend\/?p=5381","title":{"rendered":"S\u00falyos balesetet szenvedett Caramel!"},"content":{"rendered":"<h3>Az \u00e9nekes vallom\u00e1sa olyan \u00e9rzelmeket hozott felsz\u00ednre, ami megrengette a rajong\u00f3kat. A tragikus esem\u00e9ny \u00fajra el\u0151ker\u00fclt, amikor Caramel kisl\u00e1nya, Sophie sz\u00fcletett.<br \/>\n\u2013 Hiszek benne, hogy figyel r\u00e1nk. A kis\u00f6cs\u00e9m a mennyb\u0151l mosolyog a kisl\u00e1nyomra, Sophie-ra \u00e9s r\u00e1nk \u2013 mondta.<br \/>\nEz a seb sosem gy\u00f3gyul be teljesen&#8230;<\/h3>\n<p>VIA femina<\/p>\n<p>&#8211;<\/p>\n<p>Amikor a Fiesta megjelenik, a legolcs\u00f3bb Ford \u00e1ra 25 000 fontt\u00f3l indul. Jelenleg egy Kia modellt 63 000 font\u00e9rt lehet beszerezni, ha valaki szeretn\u00e9. A Volvo pedig nemr\u00e9giben bemutatta az XC90 elektromos v\u00e1ltozat\u00e1t, ami hatsz\u00e1mjegy\u0171 \u00e1rat fog elk\u00e9rni.<\/p>\n<p>Az \u00e1rak gyors \u00e9s dr\u00e1mai emelked\u00e9se azt jelenti, hogy az aut\u00f3k most rendesen, rendesen dr\u00e1g\u00e1k, \u00edgy egy 50 000 fontos Mazda crossover koncepci\u00f3ja m\u00e1r nem annyira sokkol\u00f3, mint a CX-60 egy \u00e9vvel ezel\u0151tti bemutat\u00e1sakor volt. De ez m\u00e9g mindig a Mercedes GLC p\u00e9nze, \u00e9s ahhoz, hogy ebben a ki\u00e9lezett pr\u00e9mium SUV szegmensben versenyezni tudjon olyan m\u00e1rk\u00e1kkal, mint a Lexus \u00e9s a Land Rover, a CX-60-nak val\u00f3ban a Mazda legvonz\u00f3bb \u00e9s legsokoldal\u00fabb aut\u00f3j\u00e1nak kellene lennie.<\/p>\n<p>Dehogynem\u2026 nem az. K\u00f6zel sem. Ez r\u00e9szben a Mazda hib\u00e1ja, ami\u00e9rt nagyszer\u0171 aut\u00f3kat gy\u00e1rtott, \u00e9s ez\u00e1ltal az \u00faj SUV-j\u00e1nak k\u00fcl\u00f6n\u00f6sen magas l\u00e9cet tett le. De ink\u00e1bb a Mazda hib\u00e1ja, ami\u00e9rt nem biztos\u00edtotta, hogy a CX-60-nak meglegyen minden ahhoz sz\u00fcks\u00e9ges, hogy versenybe sz\u00e1lljon a f\u00f6l\u00e9ny\u00e9rt ebben a legkeser\u0171bben harcolt aut\u00f3kateg\u00f3ri\u00e1ban. A rug\u00f3z\u00e1s is m\u00e1s, amit a CX-60 k\u00e9ttonn\u00e1s \u00f6ns\u00falya is megszenved, de ezt tov\u00e1bb rontott\u00e1k a cs\u00facskateg\u00f3ri\u00e1s Takumi aut\u00f3nk 20 colos kerekei, amelyek rengeteg rug\u00f3zatlan t\u00f6meget hoznak, \u00e9s megszabadulnak a n\u00e9h\u00e1ny kulcsfontoss\u00e1g\u00fa centim\u00e9teres oldalfalt\u00f3l, s\u00falyosb\u00edtva (mind f\u00fcl szempontj\u00e1b\u00f3l, mind fizikailag) az angliai aut\u00f3p\u00e1ly\u00e1kon tal\u00e1lhat\u00f3 bet\u00f6ltetlen k\u00e1ty\u00fak \u00e9s t\u00e1tong\u00f3 dilat\u00e1ci\u00f3s h\u00e9zagok hat\u00e1s\u00e1t. Ez a kem\u00e9nys\u00e9g azonban nem eredm\u00e9nyezett meglep\u0151 m\u00f3don \u00e9les kanyarod\u00e1si hajlamot, amit igyekeztem minim\u00e1lisra cs\u00f6kkenteni, nehogy a dag\u00e1lyoz\u00e1s, a ringat\u00f3z\u00e1s \u00e9s a d\u0151l\u00e9s t\u00fal hangs\u00falyoss\u00e1 v\u00e1ljon.<\/p>\n","protected":false},"excerpt":{"rendered":"<p>Az \u00e9nekes vallom\u00e1sa olyan \u00e9rzelmeket hozott felsz\u00ednre, ami megrengette a rajong\u00f3kat. A tragikus esem\u00e9ny \u00fajra el\u0151ker\u00fclt, amikor Caramel kisl\u00e1nya, Sophie&#8230; <span class=\"gridview-grid-post-read-more\"><a href=\"https:\/\/matrend.hu\/maitrend\/?p=5381\">read more<span class=\"gridview-sr-only\"> S\u00falyos balesetet szenvedett Caramel!<\/span><\/a><\/span><\/p>\n","protected":false},"author":1,"featured_media":5382,"comment_status":"open","ping_status":"open","sticky":false,"template":"","format":"standard","meta":{"footnotes":""},"categories":[1],"tags":[],"class_list":["post-5381","post","type-post","status-publish","format-standard","has-post-thumbnail","hentry","category-egyeb","wpcat-1-id"],"_links":{"self":[{"href":"https:\/\/matrend.hu\/maitrend\/index.php?rest_route=\/wp\/v2\/posts\/5381","targetHints":{"allow":["GET"]}}],"collection":[{"href":"https:\/\/matrend.hu\/maitrend\/index.php?rest_route=\/wp\/v2\/posts"}],"about":[{"href":"https:\/\/matrend.hu\/maitrend\/index.php?rest_route=\/wp\/v2\/types\/post"}],"author":[{"embeddable":true,"href":"https:\/\/matrend.hu\/maitrend\/index.php?rest_route=\/wp\/v2\/users\/1"}],"replies":[{"embeddable":true,"href":"https:\/\/matrend.hu\/maitrend\/index.php?rest_route=%2Fwp%2Fv2%2Fcomments&post=5381"}],"version-history":[{"count":1,"href":"https:\/\/matrend.hu\/maitrend\/index.php?rest_route=\/wp\/v2\/posts\/5381\/revisions"}],"predecessor-version":[{"id":5383,"href":"https:\/\/matrend.hu\/maitrend\/index.php?rest_route=\/wp\/v2\/posts\/5381\/revisions\/5383"}],"wp:featuredmedia":[{"embeddable":true,"href":"https:\/\/matrend.hu\/maitrend\/index.php?rest_route=\/wp\/v2\/media\/5382"}],"wp:attachment":[{"href":"https:\/\/matrend.hu\/maitrend\/index.php?rest_route=%2Fwp%2Fv2%2Fmedia&parent=5381"}],"wp:term":[{"taxonomy":"category","embeddable":true,"href":"https:\/\/matrend.hu\/maitrend\/index.php?rest_route=%2Fwp%2Fv2%2Fcategories&post=5381"},{"taxonomy":"post_tag","embeddable":true,"href":"https:\/\/matrend.hu\/maitrend\/index.php?rest_route=%2Fwp%2Fv2%2Ftags&post=5381"}],"curies":[{"name":"wp","href":"https:\/\/api.w.org\/{rel}","templated":true}]}}