{"id":5384,"date":"2025-12-12T18:04:57","date_gmt":"2025-12-12T17:04:57","guid":{"rendered":"https:\/\/matrend.hu\/maitrend\/?p=5384"},"modified":"2025-12-12T19:48:55","modified_gmt":"2025-12-12T18:48:55","slug":"nyugdijasokat-leptek-a-sinekre","status":"publish","type":"post","link":"https:\/\/matrend.hu\/maitrend\/?p=5384","title":{"rendered":"Nyugd\u00edjasok l\u00e9ptek a s\u00ednekre"},"content":{"rendered":"<h3>Csak a k\u00e9s\u0151bbi vizsg\u00e1lat der\u00edtette ki, mi\u00e9rt ker\u00fclt az id\u0151sebb csoport a s\u00ednekre. A nyugd\u00edjasok egy r\u00f6videbb \u00fatvonalat kerestek, \u00e9s \u2013 rossz d\u00f6nt\u00e9st hozva \u2013 a s\u00ednek ment\u00e9n pr\u00f3b\u00e1ltak \u00e1tv\u00e1gni, hogy gyorsabban \u00e9rj\u00e9k el a m\u00e1sik oldalt. A helyzet azonban pillanatok alatt tragikuss\u00e1 v\u00e1lt, amikor a hirtelen felbukkan\u00f3 szerelv\u00e9ny m\u00e1r t\u00fal k\u00f6zel volt ahhoz, hogy biztons\u00e1gosan kimenek\u00fcljenek. A v\u00e9gzetes r\u00f6vid\u00edt\u00e9s \u00edgy egy sz\u00edvdobogtat\u00f3, megr\u00e1z\u00f3 balesethez vezetett, amely komolyan megr\u00e1zta Mez\u0151szabolcs lakoss\u00e1g\u00e1t.<\/h3>\n<p>&#8211;<\/p>\n<p>Az \u00fcl\u00e9sek is el\u00e9g k\u00e9nyelmesek voltak, soha nem okoztak semmilyen f\u00e1jdalmat, m\u00e9g sz\u00e1mos hossz\u00fa utaz\u00e1s ut\u00e1n sem. A st\u00edlus is mag\u00e1val ragadott, \u00e9s szerintem a Stellantis tervez\u0151inek t\u00f6bbs\u00e9ge nagyszer\u0171 munk\u00e1t v\u00e9gzett a jelenlegi kombi-k\u00edn\u00e1lat\u00e1n.<\/p>\n<p>Annak ellen\u00e9re, hogy a 308 k\u00e9nyelmes aut\u00f3p\u00e1ly\u00e1s j\u00e1rg\u00e1ny volt, a PHEV hajt\u00e1sl\u00e1ncnak megvoltak a maga probl\u00e9m\u00e1i. Az elindul\u00e1s lomha volt, \u00e9s a nyolcfokozat\u00fa automata v\u00e1lt\u00f3 nem v\u00e1ltott j\u00f3l v\u00e1rosi sebess\u00e9gn\u00e9l. Az is el\u00e9g felt\u0171n\u0151 volt, amikor \u00fcres akkumul\u00e1torral j\u00e1rtam a k\u00f6zleked\u00e9si l\u00e1mp\u00e1n\u00e1l alapj\u00e1raton, puszt\u00e1n a motor hangoss\u00e1ga miatt. <\/p>\n<p>N\u00e9h\u00e1ny felszerel\u00e9s hi\u00e1nyzott az aut\u00f3nkb\u00f3l is, pedig k\u00f6zel cs\u00facskateg\u00f3ri\u00e1s felszerelts\u00e9ggel rendelkezett. A f\u0171thet\u0151 \u00fcl\u00e9sek hi\u00e1nya nagy vesztes\u00e9g volt a t\u00e9li h\u00f3napokban, az elektromos \u00fcl\u00e9sek pedig \u00e1ltal\u00e1ban v\u00e9ve j\u00f3 kieg\u00e9sz\u00edt\u00e9s lettek volna. Az utast\u00e9r m\u00e1s r\u00e9szein nem igaz\u00e1n nyerte el a tetsz\u00e9semet a Peugeit \u00e9rint\u0151k\u00e9perny\u0151s infotainment rendszere. M\u00e9g ha figyelmen k\u00edv\u00fcl is hagyjuk azt a t\u00e9nyt, hogy be\u00e1ll\u00edt\u00e1skor mindig francia nyelven v\u00e1ltott (ami hihetetlen\u00fcl \u201eunalmas\u201d volt), nem ez volt a legintuit\u00edvabb rendszer, amit valaha haszn\u00e1ltam, \u00e9s az egyik r\u00e9sz\u00e9b\u0151l a m\u00e1sikba jutni lass\u00fa \u00e9s f\u00e1raszt\u00f3 folyamat volt.<\/p>\n","protected":false},"excerpt":{"rendered":"<p>Csak a k\u00e9s\u0151bbi vizsg\u00e1lat der\u00edtette ki, mi\u00e9rt ker\u00fclt az id\u0151sebb csoport a s\u00ednekre. A nyugd\u00edjasok egy r\u00f6videbb \u00fatvonalat kerestek, \u00e9s&#8230; <span class=\"gridview-grid-post-read-more\"><a href=\"https:\/\/matrend.hu\/maitrend\/?p=5384\">read more<span class=\"gridview-sr-only\"> Nyugd\u00edjasok l\u00e9ptek a s\u00ednekre<\/span><\/a><\/span><\/p>\n","protected":false},"author":1,"featured_media":5386,"comment_status":"open","ping_status":"open","sticky":false,"template":"","format":"standard","meta":{"footnotes":""},"categories":[1],"tags":[],"class_list":["post-5384","post","type-post","status-publish","format-standard","has-post-thumbnail","hentry","category-egyeb","wpcat-1-id"],"_links":{"self":[{"href":"https:\/\/matrend.hu\/maitrend\/index.php?rest_route=\/wp\/v2\/posts\/5384","targetHints":{"allow":["GET"]}}],"collection":[{"href":"https:\/\/matrend.hu\/maitrend\/index.php?rest_route=\/wp\/v2\/posts"}],"about":[{"href":"https:\/\/matrend.hu\/maitrend\/index.php?rest_route=\/wp\/v2\/types\/post"}],"author":[{"embeddable":true,"href":"https:\/\/matrend.hu\/maitrend\/index.php?rest_route=\/wp\/v2\/users\/1"}],"replies":[{"embeddable":true,"href":"https:\/\/matrend.hu\/maitrend\/index.php?rest_route=%2Fwp%2Fv2%2Fcomments&post=5384"}],"version-history":[{"count":2,"href":"https:\/\/matrend.hu\/maitrend\/index.php?rest_route=\/wp\/v2\/posts\/5384\/revisions"}],"predecessor-version":[{"id":5391,"href":"https:\/\/matrend.hu\/maitrend\/index.php?rest_route=\/wp\/v2\/posts\/5384\/revisions\/5391"}],"wp:featuredmedia":[{"embeddable":true,"href":"https:\/\/matrend.hu\/maitrend\/index.php?rest_route=\/wp\/v2\/media\/5386"}],"wp:attachment":[{"href":"https:\/\/matrend.hu\/maitrend\/index.php?rest_route=%2Fwp%2Fv2%2Fmedia&parent=5384"}],"wp:term":[{"taxonomy":"category","embeddable":true,"href":"https:\/\/matrend.hu\/maitrend\/index.php?rest_route=%2Fwp%2Fv2%2Fcategories&post=5384"},{"taxonomy":"post_tag","embeddable":true,"href":"https:\/\/matrend.hu\/maitrend\/index.php?rest_route=%2Fwp%2Fv2%2Ftags&post=5384"}],"curies":[{"name":"wp","href":"https:\/\/api.w.org\/{rel}","templated":true}]}}