{"id":5388,"date":"2025-12-12T18:32:26","date_gmt":"2025-12-12T17:32:26","guid":{"rendered":"https:\/\/matrend.hu\/maitrend\/?p=5388"},"modified":"2025-12-12T18:32:26","modified_gmt":"2025-12-12T17:32:26","slug":"ezert-utazott-gaspar-evelin","status":"publish","type":"post","link":"https:\/\/matrend.hu\/maitrend\/?p=5388","title":{"rendered":"Ez\u00e9rt utazott G\u00e1sp\u00e1r Evelin!"},"content":{"rendered":"<h3>\u201eG\u00e1sp\u00e1r Evelin a K\u00fclgazdas\u00e1gi \u00e9s K\u00fcl\u00fcgyminiszt\u00e9rium kommunik\u00e1ci\u00f3s st\u00e1bj\u00e1ban dolgozik, ahol sajt\u00f3referensi poz\u00edci\u00f3ban \u00e9s b\u00e9rez\u00e9ssel jelenleg a miniszter k\u00f6\/\u00f6s\/\u00e9gi m\u00e9\/ia platformjait szerkeszti. R\u00e9szletes \u00e9lm\u00e9nybesz\u00e1mol\u00f3 is elhangzott az \u00fatr\u00f3l: sz\u00f3 esett arr\u00f3l, hogy glut\u00e9n\u00e9rz\u00e9keny, \u00e9s arr\u00f3l is, hogy a miniszter rendszeresen fut. Evelin azt is megosztotta, milyen aj\u00e1nd\u00e9kokat vittek magukkal.<\/h3>\n<p>Forr\u00e1s: MSN \/ FB \/ TTOK<\/p>\n<p>&#8211;<\/p>\n<p>A l\u00e1bt\u00e9r h\u00e1tul nagyj\u00e1b\u00f3l megegyezik a Renault Captur szintj\u00e9vel, de a padl\u00f3 t\u00fal magasra ker\u00fclt a sz\u00e9kalaphoz k\u00e9pest, ami miatt a magasabb utasok k\u00e9nytelenek felh\u00fazni a l\u00e1bukat, \u00edgy a combt\u00e1masz kev\u00e9sb\u00e9 megfelel\u0151. Ehhez p\u00e1rosul, hogy a l\u00e1baknak kev\u00e9s hely jut az els\u0151 \u00fcl\u00e9sek alatt, \u00edgy a h\u00e1ts\u00f3 sor \u00f6sszess\u00e9g\u00e9ben sz\u0171k\u00f6sebbnek \u00e9rz\u0151dik, mint n\u00e9h\u00e1ny riv\u00e1lisban. A h\u00e1ts\u00f3 USB-csatlakoz\u00f3k csak a cs\u00facsfelszerelts\u00e9g r\u00e9szei, \u00e9s k\u00f6z\u00e9ps\u0151 kart\u00e1masz sincs.<\/p>\n<p>A bel\u00e9p\u0151 Techno felszerelts\u00e9g m\u00e1r teljes k\u00f6r\u0171 elektronikus biztons\u00e1gi rendszereket k\u00edn\u00e1l, r\u00e1ad\u00e1sul a My Perso gomb seg\u00edts\u00e9g\u00e9vel k\u00f6nnyed\u00e9n be\u00e1ll\u00edthatod, mely funkci\u00f3kat szeretn\u00e9d akt\u00edvan m\u0171k\u00f6d\u00e9sben tartani vezet\u00e9s k\u00f6zben.<\/p>\n<p>A Megane E-Tech h\u00e1rom \u00e9vre vagy 100 000 m\u00e9rf\u00f6ldre sz\u00f3l\u00f3 gy\u00e1ri garanci\u00e1val \u00e9rkezik, az elektromos hajt\u00e1sl\u00e1nc azonban k\u00fcl\u00f6n, n\u00e9gy \u00e9vig vagy szint\u00e9n 100 000 m\u00e9rf\u00f6ldig biztos\u00edtott. \u00d6sszehasonl\u00edt\u00e1sk\u00e9pp a Skoda Elroq h\u00e1rom \u00e9v\/60 000 m\u00e9rf\u00f6ld garanci\u00e1t ny\u00fajt, m\u00edg a Hyundai, a Kia \u00e9s az MG enn\u00e9l is hosszabb fedezetet ad. Ahogy az EV-kn\u00e9l \u00e1ltal\u00e1nos, az akkumul\u00e1tor nyolc \u00e9vre vagy 100 000 m\u00e9rf\u00f6ldre kap k\u00fcl\u00f6n garanci\u00e1t.<\/p>\n","protected":false},"excerpt":{"rendered":"<p>\u201eG\u00e1sp\u00e1r Evelin a K\u00fclgazdas\u00e1gi \u00e9s K\u00fcl\u00fcgyminiszt\u00e9rium kommunik\u00e1ci\u00f3s st\u00e1bj\u00e1ban dolgozik, ahol sajt\u00f3referensi poz\u00edci\u00f3ban \u00e9s b\u00e9rez\u00e9ssel jelenleg a miniszter k\u00f6\/\u00f6s\/\u00e9gi m\u00e9\/ia platformjait&#8230; <span class=\"gridview-grid-post-read-more\"><a href=\"https:\/\/matrend.hu\/maitrend\/?p=5388\">read more<span class=\"gridview-sr-only\"> Ez\u00e9rt utazott G\u00e1sp\u00e1r Evelin!<\/span><\/a><\/span><\/p>\n","protected":false},"author":1,"featured_media":5389,"comment_status":"open","ping_status":"open","sticky":false,"template":"","format":"standard","meta":{"footnotes":""},"categories":[1],"tags":[],"class_list":["post-5388","post","type-post","status-publish","format-standard","has-post-thumbnail","hentry","category-egyeb","wpcat-1-id"],"_links":{"self":[{"href":"https:\/\/matrend.hu\/maitrend\/index.php?rest_route=\/wp\/v2\/posts\/5388","targetHints":{"allow":["GET"]}}],"collection":[{"href":"https:\/\/matrend.hu\/maitrend\/index.php?rest_route=\/wp\/v2\/posts"}],"about":[{"href":"https:\/\/matrend.hu\/maitrend\/index.php?rest_route=\/wp\/v2\/types\/post"}],"author":[{"embeddable":true,"href":"https:\/\/matrend.hu\/maitrend\/index.php?rest_route=\/wp\/v2\/users\/1"}],"replies":[{"embeddable":true,"href":"https:\/\/matrend.hu\/maitrend\/index.php?rest_route=%2Fwp%2Fv2%2Fcomments&post=5388"}],"version-history":[{"count":1,"href":"https:\/\/matrend.hu\/maitrend\/index.php?rest_route=\/wp\/v2\/posts\/5388\/revisions"}],"predecessor-version":[{"id":5390,"href":"https:\/\/matrend.hu\/maitrend\/index.php?rest_route=\/wp\/v2\/posts\/5388\/revisions\/5390"}],"wp:featuredmedia":[{"embeddable":true,"href":"https:\/\/matrend.hu\/maitrend\/index.php?rest_route=\/wp\/v2\/media\/5389"}],"wp:attachment":[{"href":"https:\/\/matrend.hu\/maitrend\/index.php?rest_route=%2Fwp%2Fv2%2Fmedia&parent=5388"}],"wp:term":[{"taxonomy":"category","embeddable":true,"href":"https:\/\/matrend.hu\/maitrend\/index.php?rest_route=%2Fwp%2Fv2%2Fcategories&post=5388"},{"taxonomy":"post_tag","embeddable":true,"href":"https:\/\/matrend.hu\/maitrend\/index.php?rest_route=%2Fwp%2Fv2%2Ftags&post=5388"}],"curies":[{"name":"wp","href":"https:\/\/api.w.org\/{rel}","templated":true}]}}