{"id":5393,"date":"2025-12-12T20:18:39","date_gmt":"2025-12-12T19:18:39","guid":{"rendered":"https:\/\/matrend.hu\/maitrend\/?p=5393"},"modified":"2025-12-12T20:18:39","modified_gmt":"2025-12-12T19:18:39","slug":"egy-korszak-veget-ert-freddi-nek","status":"publish","type":"post","link":"https:\/\/matrend.hu\/maitrend\/?p=5393","title":{"rendered":"Egy korszak v\u00e9get \u00e9rt Freddi-nek!"},"content":{"rendered":"<h3>Freddie t\u00f6bb interj\u00faban is bevallotta, hogy a m\u0171sor el\u0151tt az alkot\u00f3i \u00e9s szem\u00e9lyes energi\u00e1i kimer\u00fcltek. A mindennapokban gyakran \u00e9rezte \u00fagy, mintha elveszett volna \u00f6nmaga sz\u00e1m\u00e1ra: a motiv\u00e1ci\u00f3 hi\u00e1nya, az alkot\u00f3i k\u00fczdelmek \u00e9s a folyamatos megfelel\u00e9si k\u00e9nyszer olyan nyom\u00e1st helyeztek r\u00e1, ami sok\u00e1ig szinte megb\u00e9n\u00edtotta. \u201eHa nincs a Szt\u00e1rban Szt\u00e1r, nem tudom, hol lenn\u00e9k most \u2013 tal\u00e1n m\u00e9g mindig a legm\u00e9lyebb ponton tapogat\u00f3zn\u00e9k\u201d \u2013 mondta a k\u00f6zelm\u00faltban adott nyilatkozat\u00e1ban.<\/h3>\n<p>Forr\u00e1s: MSN \/ FB \/ TTOK<\/p>\n<p>&#8211;<\/p>\n<p>A magas vezet\u00e9si poz\u00edci\u00f3 \u00e9s az alacsonyra h\u00fazott sz\u00e9lv\u00e9d\u0151alap miatt a v\u00e1rosi k\u00f6zleked\u00e9s kimondottan k\u00f6nny\u0171 a MG-ben. A motorh\u00e1ztet\u0151n fut\u00f3 \u00e9lek vizu\u00e1lisan a fels\u0151 f\u00e9nysz\u00f3r\u00f3k fel\u00e9 ir\u00e1ny\u00edtj\u00e1k a tekintetet, ami seg\u00edt pontosabban elhelyezni az aut\u00f3t sz\u0171kebb helyeken is. B\u00e1r a fut\u00f3m\u0171 helyenk\u00e9nt kiss\u00e9 nyugtalanul reag\u00e1l az \u00fathib\u00e1kra, ez aut\u00f3p\u00e1ly\u00e1n szerencs\u00e9re nem v\u00e1lik komoly h\u00e1tr\u00e1nny\u00e1. Sok, hasonl\u00f3 m\u00e9ret\u0171 SUV gyakran mutatja meg kev\u00e9sb\u00e9 kifinomult oldal\u00e1t nagy sebess\u00e9gn\u00e9l \u2013 f\u0151k\u00e9nt a kisaut\u00f3-alapokra \u00e9p\u00fcl\u0151 konstrukci\u00f3k miatt \u2013, \u00e1m az MG eset\u00e9ben ez nem \u00edgy van.<\/p>\n<p>A fejlettebb h\u00e1ts\u00f3 felf\u00fcggeszt\u00e9s \u00e9s a j\u00f3l szigetelt elektromotor nyugodt, kiegyens\u00falyozott utaz\u00e1st eredm\u00e9nyez, m\u00e9g ha a g\u00f6rd\u00fcl\u00e9si zaj aut\u00f3p\u00e1lya-temp\u00f3n\u00e1l kiss\u00e9 behallatszik is. Ilyenkor nagy val\u00f3sz\u00edn\u0171s\u00e9ggel a r\u00e1di\u00f3 hangerej\u00e9vel kell kompenz\u00e1lni, de \u00f6sszess\u00e9g\u00e9ben a hossz\u00fa t\u00e1v\u00fa utaz\u00e1s \u00edgy is kellemesen, f\u00e1radts\u00e1g n\u00e9lk\u00fcl telik.<\/p>\n","protected":false},"excerpt":{"rendered":"<p>Freddie t\u00f6bb interj\u00faban is bevallotta, hogy a m\u0171sor el\u0151tt az alkot\u00f3i \u00e9s szem\u00e9lyes energi\u00e1i kimer\u00fcltek. A mindennapokban gyakran \u00e9rezte \u00fagy,&#8230; <span class=\"gridview-grid-post-read-more\"><a href=\"https:\/\/matrend.hu\/maitrend\/?p=5393\">read more<span class=\"gridview-sr-only\"> Egy korszak v\u00e9get \u00e9rt Freddi-nek!<\/span><\/a><\/span><\/p>\n","protected":false},"author":1,"featured_media":5394,"comment_status":"open","ping_status":"open","sticky":false,"template":"","format":"standard","meta":{"footnotes":""},"categories":[1],"tags":[],"class_list":["post-5393","post","type-post","status-publish","format-standard","has-post-thumbnail","hentry","category-egyeb","wpcat-1-id"],"_links":{"self":[{"href":"https:\/\/matrend.hu\/maitrend\/index.php?rest_route=\/wp\/v2\/posts\/5393","targetHints":{"allow":["GET"]}}],"collection":[{"href":"https:\/\/matrend.hu\/maitrend\/index.php?rest_route=\/wp\/v2\/posts"}],"about":[{"href":"https:\/\/matrend.hu\/maitrend\/index.php?rest_route=\/wp\/v2\/types\/post"}],"author":[{"embeddable":true,"href":"https:\/\/matrend.hu\/maitrend\/index.php?rest_route=\/wp\/v2\/users\/1"}],"replies":[{"embeddable":true,"href":"https:\/\/matrend.hu\/maitrend\/index.php?rest_route=%2Fwp%2Fv2%2Fcomments&post=5393"}],"version-history":[{"count":1,"href":"https:\/\/matrend.hu\/maitrend\/index.php?rest_route=\/wp\/v2\/posts\/5393\/revisions"}],"predecessor-version":[{"id":5395,"href":"https:\/\/matrend.hu\/maitrend\/index.php?rest_route=\/wp\/v2\/posts\/5393\/revisions\/5395"}],"wp:featuredmedia":[{"embeddable":true,"href":"https:\/\/matrend.hu\/maitrend\/index.php?rest_route=\/wp\/v2\/media\/5394"}],"wp:attachment":[{"href":"https:\/\/matrend.hu\/maitrend\/index.php?rest_route=%2Fwp%2Fv2%2Fmedia&parent=5393"}],"wp:term":[{"taxonomy":"category","embeddable":true,"href":"https:\/\/matrend.hu\/maitrend\/index.php?rest_route=%2Fwp%2Fv2%2Fcategories&post=5393"},{"taxonomy":"post_tag","embeddable":true,"href":"https:\/\/matrend.hu\/maitrend\/index.php?rest_route=%2Fwp%2Fv2%2Ftags&post=5393"}],"curies":[{"name":"wp","href":"https:\/\/api.w.org\/{rel}","templated":true}]}}