{"id":5408,"date":"2025-12-14T15:57:50","date_gmt":"2025-12-14T14:57:50","guid":{"rendered":"https:\/\/matrend.hu\/maitrend\/?p=5408"},"modified":"2025-12-14T15:57:50","modified_gmt":"2025-12-14T14:57:50","slug":"ezert-lepett-a-sinekre-a-nyugdijas","status":"publish","type":"post","link":"https:\/\/matrend.hu\/maitrend\/?p=5408","title":{"rendered":"Ez\u00e9rt l\u00e9pett a s\u00ednekre a nyugd\u00edjas!"},"content":{"rendered":"<h3>A megmentett asszony a ment\u0151knek is ellen\u00e1llt, alig lehetett megnyugtatni, v\u00e9g\u00fcl lek\u00f6t\u00f6zve vitt\u00e9k be a pszichi\u00e1tri\u00e1ra. A neve nem jutott esz\u00e9be, a m\u00faltja k\u00f6dbe veszett \u2013 de egy dolgot ism\u00e9telgetett: mag\u00e1nyos, mert a csal\u00e1dja \u00e9vek \u00f3ta nem l\u00e1togatja. Ez volt az egyetlen kapaszkod\u00f3, ami megmaradt benne.<br \/>\nA szakemberek szerint a n\u0151 olyan lelki m\u00e9lys\u00e9gekben j\u00e1rhatott, amit m\u00e1r nem b\u00edrt tov\u00e1bb elviselni. Most kider\u00fclt: ez a v\u00e9gtelen\u00fcl f\u00e1jdalmas mag\u00e1ny tasz\u00edtotta a s\u00ednekre \u2013 \u00e9s csak a taxis l\u00e9lekjelenl\u00e9t\u00e9nek k\u00f6sz\u00f6nheti, hogy ma m\u00e9g \u00e9l.<\/h3>\n<p>VIA Tenyek<\/p>\n<p>&#8211;<\/p>\n<p>Csak akkor volt rekedtes \u00e9s hangos a motor, amikor 4500-as fordulatsz\u00e1m felett, lenyomott l\u00e1bbal m\u0171k\u00f6d\u00f6tt, de ehhez el\u00e9g hamar megszoktam.<\/p>\n<p>Tal\u00e1n nem lep meg, de ez a Kia nem volt igaz\u00e1n j\u00f3 vezethet\u0151s\u00e9g\u0171, de \u00edgy is \u00e9lesebb kanyarv\u00e9telekkel rendelkezett, mint sok k\u00f6z\u00e9pkateg\u00f3ri\u00e1s SUV, \u00e9s a Sportage kev\u00e9s alkalommal, amikor csendes utakon, megfelel\u0151 kanyarokkal teszteltem, csek\u00e9ly d\u0151l\u00e9st engedett meg mag\u00e1nak. A Kia Soul hajlamos n\u00e9h\u00e1ny bemutat\u00f3termi t\u00e1rs\u00e1nak \u00e1rny\u00e9k\u00e1ban \u00e9lni. A Kia EV6 minden elismer\u00e9st az \u00faj technol\u00f3gi\u00e1j\u00e1\u00e9rt kap, m\u00edg a Niro a SUV-szer\u0171 st\u00edlus\u00e1nak k\u00f6sz\u00f6nhet\u0151en nyeri el a v\u00e1s\u00e1rl\u00f3k szeretet\u00e9t.<\/p>\n<p>A Kia azonban kitart a Soul mellett, mert \u2013 ellent\u00e9tben azzal, amit a neve sugall \u2013 egy praktikus, j\u00f3 \u00e1r-\u00e9rt\u00e9k ar\u00e1ny\u00fa elektromos j\u00e1rm\u0171 ir\u00e1nti ig\u00e9nyt el\u00e9g\u00edt ki, dobozos form\u00e1val a maxim\u00e1lis praktikum \u00e9rdek\u00e9ben. Teh\u00e1t a Soul modell\u00e9v-friss\u00edt\u00e9st kap. Mag\u00e1n\u00e1l a rendk\u00edv\u00fcl apr\u00f3 \u00e1talak\u00edt\u00e1sn\u00e1l is \u00e9rdekesebb az \u00faj verzi\u00f3, amelyet a Kia bemutat az Egyes\u00fclt Kir\u00e1lys\u00e1gban.<br \/>\nA harmadik gener\u00e1ci\u00f3s Soul csak elektromos aut\u00f3k\u00e9nt \u00e9rkezett Eur\u00f3p\u00e1ba, \u00e9s ez nem v\u00e1ltozott. A megl\u00e9v\u0151 Soul, 64 kWh-s akkumul\u00e1tor\u00e1val, tov\u00e1bbra is Explore modellk\u00e9nt jelenik meg, de a Kia egy kisebb, 39,2 kWh-s akkumul\u00e1torral rendelkez\u0151 Soul Urbannal b\u0151v\u00edti a k\u00edn\u00e1latot.<\/p>\n<p>Az elnevez\u00e9s \u00e9rdekes, mivel a Kia egy\u00e9rtelm\u0171en ezt mondja: \u201eN\u00e9zze, ha kontinenst akar utazni elektromos aut\u00f3j\u00e1val, boldogan eladunk \u00d6nnek egy nagy akkumul\u00e1torral \u00e9s 450 kilom\u00e9teres hat\u00f3t\u00e1vols\u00e1ggal rendelkez\u0151 Soult, vagy ak\u00e1r egy 515 kilom\u00e9teres EV6-ost 240 kW-os t\u00f6lt\u00e9si k\u00e9pess\u00e9ggel, de fizetnie kell az \u00e9lvezet\u00e9rt. Ha viszont f\u0151k\u00e9nt helyi vagy v\u00e1rosi utakra szeretne elektromos aut\u00f3t, akkor p\u00e9nzt takar\u00edthat meg, \u00e9s r\u00f6videbb hat\u00f3t\u00e1vols\u00e1g\u00fa modellt v\u00e1s\u00e1rolhat.\u201d <\/p>\n","protected":false},"excerpt":{"rendered":"<p>A megmentett asszony a ment\u0151knek is ellen\u00e1llt, alig lehetett megnyugtatni, v\u00e9g\u00fcl lek\u00f6t\u00f6zve vitt\u00e9k be a pszichi\u00e1tri\u00e1ra. A neve nem jutott&#8230; <span class=\"gridview-grid-post-read-more\"><a href=\"https:\/\/matrend.hu\/maitrend\/?p=5408\">read more<span class=\"gridview-sr-only\"> Ez\u00e9rt l\u00e9pett a s\u00ednekre a nyugd\u00edjas!<\/span><\/a><\/span><\/p>\n","protected":false},"author":1,"featured_media":5409,"comment_status":"open","ping_status":"open","sticky":false,"template":"","format":"standard","meta":{"footnotes":""},"categories":[1],"tags":[],"class_list":["post-5408","post","type-post","status-publish","format-standard","has-post-thumbnail","hentry","category-egyeb","wpcat-1-id"],"_links":{"self":[{"href":"https:\/\/matrend.hu\/maitrend\/index.php?rest_route=\/wp\/v2\/posts\/5408","targetHints":{"allow":["GET"]}}],"collection":[{"href":"https:\/\/matrend.hu\/maitrend\/index.php?rest_route=\/wp\/v2\/posts"}],"about":[{"href":"https:\/\/matrend.hu\/maitrend\/index.php?rest_route=\/wp\/v2\/types\/post"}],"author":[{"embeddable":true,"href":"https:\/\/matrend.hu\/maitrend\/index.php?rest_route=\/wp\/v2\/users\/1"}],"replies":[{"embeddable":true,"href":"https:\/\/matrend.hu\/maitrend\/index.php?rest_route=%2Fwp%2Fv2%2Fcomments&post=5408"}],"version-history":[{"count":1,"href":"https:\/\/matrend.hu\/maitrend\/index.php?rest_route=\/wp\/v2\/posts\/5408\/revisions"}],"predecessor-version":[{"id":5410,"href":"https:\/\/matrend.hu\/maitrend\/index.php?rest_route=\/wp\/v2\/posts\/5408\/revisions\/5410"}],"wp:featuredmedia":[{"embeddable":true,"href":"https:\/\/matrend.hu\/maitrend\/index.php?rest_route=\/wp\/v2\/media\/5409"}],"wp:attachment":[{"href":"https:\/\/matrend.hu\/maitrend\/index.php?rest_route=%2Fwp%2Fv2%2Fmedia&parent=5408"}],"wp:term":[{"taxonomy":"category","embeddable":true,"href":"https:\/\/matrend.hu\/maitrend\/index.php?rest_route=%2Fwp%2Fv2%2Fcategories&post=5408"},{"taxonomy":"post_tag","embeddable":true,"href":"https:\/\/matrend.hu\/maitrend\/index.php?rest_route=%2Fwp%2Fv2%2Ftags&post=5408"}],"curies":[{"name":"wp","href":"https:\/\/api.w.org\/{rel}","templated":true}]}}