{"id":5411,"date":"2025-12-14T16:54:59","date_gmt":"2025-12-14T15:54:59","guid":{"rendered":"https:\/\/matrend.hu\/maitrend\/?p=5411"},"modified":"2025-12-14T16:54:59","modified_gmt":"2025-12-14T15:54:59","slug":"orokre-elbucsuzott-keresztes-ildi","status":"publish","type":"post","link":"https:\/\/matrend.hu\/maitrend\/?p=5411","title":{"rendered":"\u00d6r\u00f6kre elb\u00facs\u00fazott Keresztes Ildi"},"content":{"rendered":"<h3>Az \u00e9nekesn\u0151 mindig is m\u00e9ly k\u00f6t\u0151d\u00e9st \u00e1polt \u00e9desanyj\u00e1val, akir\u0151l hossz\u00fa id\u0151n \u00e1t \u0151 maga gondoskodott. Az id\u0151s asszony \u00e9vek \u00f3ta s\u00falyosbod\u00f3 demenci\u00e1val k\u00fczd\u00f6tt, \u00e9s v\u00e9g\u00fcl Keresztes Ildik\u00f3nak sz\u00edvszor\u00edt\u00f3 d\u00f6nt\u00e9st kellett meghoznia: otthonba k\u00f6lt\u00f6ztette \u0151t, biztons\u00e1guk \u00e9rdek\u00e9ben. Akkor \u00edgy fogalmazott: \u201eNem akartam megv\u00e1rni, am\u00edg baj t\u00f6rt\u00e9nik. M\u00e1r nem tudtam \u0151ket egyed\u00fcl hagyni.\u201d Megind\u00edt\u00f3 \u0151szintes\u00e9ggel mes\u00e9lt arr\u00f3l, hogyan kellett szemben\u00e9znie azzal, hogy \u00e9desanyja \u00e1llapota egyre rosszabb. Most, a csendes gy\u00e1szban, ezek a szavak m\u00e9g f\u00e1jdalmasabban visszhangoznak.<\/h3>\n<p>Forr\u00e1s: MSN \/ FB \/ TTOK<\/p>\n<p>&#8211;<\/p>\n<p>A Kia EV4 m\u0171szaki alapjait tekintve ugyanarra az E-GMP padl\u00f3lemezre \u00e9p\u00fcl, mint az EV3, \u00e9s a hajt\u00e1sl\u00e1nc-k\u00edn\u00e1lat is nagyr\u00e9szt megegyezik a kisebb SUV-\u00e9val. A ferdeh\u00e1t\u00fa modell bel\u00e9p\u0151szint\u0171 v\u00e1ltozata egy 58,3 kWh kapacit\u00e1s\u00fa akkumul\u00e1tort kap, amely a WLTP-m\u00e9r\u00e9s szerint ak\u00e1r 273 m\u00e9rf\u00f6ldes hat\u00f3t\u00e1vot is lehet\u0151v\u00e9 tesz. A k\u00edn\u00e1lat t\u00f6bbi tagja m\u00e1r a nagyobb, 81,4 kWh-s energiat\u00e1rol\u00f3t haszn\u00e1lja, amellyel a gy\u00e1ri adat szerint ak\u00e1r 391 m\u00e9rf\u00f6ld is megtehet\u0151 egyetlen felt\u00f6lt\u00e9ssel, ami ebben a kateg\u00f3ri\u00e1ban kifejezetten er\u0151s \u00e9rt\u00e9knek sz\u00e1m\u00edt.<\/p>\n<p>A Kia c\u00e9lja az volt, hogy az EV4 vezet\u00e9si \u00e9lm\u00e9nye \u00e9rezhet\u0151en dinamikusabb legyen, mint az EV3-\u00e9. Ebben sokat seg\u00edt az is, hogy az \u00faj ferdeh\u00e1t\u00fa vezet\u00e9si poz\u00edci\u00f3ja 40 millim\u00e9terrel alacsonyabb, mint a SUV-\u00e9, mik\u00f6zben a s\u00falypont is nagyj\u00e1b\u00f3l 20 millim\u00e9terrel k\u00f6zelebb ker\u00fclt az \u00fatfel\u00fclethez. A fut\u00f3m\u0171vet \u00e9s a korm\u00e1nyz\u00e1st is elt\u00e9r\u0151en hangolt\u00e1k, \u00edgy az EV4 feszesebbnek, k\u00f6zvetlenebbnek hat, mik\u00f6zben nem vesz\u00edt a mindennapi haszn\u00e1lathoz sz\u00fcks\u00e9ges komfortb\u00f3l.<\/p>\n","protected":false},"excerpt":{"rendered":"<p>Az \u00e9nekesn\u0151 mindig is m\u00e9ly k\u00f6t\u0151d\u00e9st \u00e1polt \u00e9desanyj\u00e1val, akir\u0151l hossz\u00fa id\u0151n \u00e1t \u0151 maga gondoskodott. Az id\u0151s asszony \u00e9vek \u00f3ta&#8230; <span class=\"gridview-grid-post-read-more\"><a href=\"https:\/\/matrend.hu\/maitrend\/?p=5411\">read more<span class=\"gridview-sr-only\"> \u00d6r\u00f6kre elb\u00facs\u00fazott Keresztes Ildi<\/span><\/a><\/span><\/p>\n","protected":false},"author":1,"featured_media":5412,"comment_status":"open","ping_status":"open","sticky":false,"template":"","format":"standard","meta":{"footnotes":""},"categories":[1],"tags":[],"class_list":["post-5411","post","type-post","status-publish","format-standard","has-post-thumbnail","hentry","category-egyeb","wpcat-1-id"],"_links":{"self":[{"href":"https:\/\/matrend.hu\/maitrend\/index.php?rest_route=\/wp\/v2\/posts\/5411","targetHints":{"allow":["GET"]}}],"collection":[{"href":"https:\/\/matrend.hu\/maitrend\/index.php?rest_route=\/wp\/v2\/posts"}],"about":[{"href":"https:\/\/matrend.hu\/maitrend\/index.php?rest_route=\/wp\/v2\/types\/post"}],"author":[{"embeddable":true,"href":"https:\/\/matrend.hu\/maitrend\/index.php?rest_route=\/wp\/v2\/users\/1"}],"replies":[{"embeddable":true,"href":"https:\/\/matrend.hu\/maitrend\/index.php?rest_route=%2Fwp%2Fv2%2Fcomments&post=5411"}],"version-history":[{"count":1,"href":"https:\/\/matrend.hu\/maitrend\/index.php?rest_route=\/wp\/v2\/posts\/5411\/revisions"}],"predecessor-version":[{"id":5413,"href":"https:\/\/matrend.hu\/maitrend\/index.php?rest_route=\/wp\/v2\/posts\/5411\/revisions\/5413"}],"wp:featuredmedia":[{"embeddable":true,"href":"https:\/\/matrend.hu\/maitrend\/index.php?rest_route=\/wp\/v2\/media\/5412"}],"wp:attachment":[{"href":"https:\/\/matrend.hu\/maitrend\/index.php?rest_route=%2Fwp%2Fv2%2Fmedia&parent=5411"}],"wp:term":[{"taxonomy":"category","embeddable":true,"href":"https:\/\/matrend.hu\/maitrend\/index.php?rest_route=%2Fwp%2Fv2%2Fcategories&post=5411"},{"taxonomy":"post_tag","embeddable":true,"href":"https:\/\/matrend.hu\/maitrend\/index.php?rest_route=%2Fwp%2Fv2%2Ftags&post=5411"}],"curies":[{"name":"wp","href":"https:\/\/api.w.org\/{rel}","templated":true}]}}