{"id":5414,"date":"2025-12-14T17:34:42","date_gmt":"2025-12-14T16:34:42","guid":{"rendered":"https:\/\/matrend.hu\/maitrend\/?p=5414"},"modified":"2025-12-14T17:34:42","modified_gmt":"2025-12-14T16:34:42","slug":"elveszitette-a-babat-notar-mary","status":"publish","type":"post","link":"https:\/\/matrend.hu\/maitrend\/?p=5414","title":{"rendered":"Elvesz\u00edtette a bab\u00e1t N\u00f3t\u00e1r Mary!"},"content":{"rendered":"<h3>N\u00f3t\u00e1r Mary v\u00e9g\u00fcl maga is reag\u00e1lt. K\u00f6nnyekkel k\u00fczdve mondta el: \u201eMinden igaz. Val\u00f3ban elvet\u00e9ltem \u2013 nem ma, hanem t\u00f6bb mint egy h\u00f3napja. K\u00e9thetente j\u00e1rok pszichi\u00e1terhez.\u201d<br \/>\nAz \u00e9nekesn\u0151 \u00e1ll\u00edtja: teljesen megd\u00f6bbentette Junior kirohan\u00e1sa, \u00e9s szerinte nem is saj\u00e1t gondolatai voltak \u2013 egyszer\u0171en \u201ea kez\u00e9be adt\u00e1k, mit kell mondania\u201d. Kiemelte:<br \/>\n\u201eSajn\u00e1lom, hogy id\u00e1ig fajult. Nem \u00e9n akartam ezt. De nem fogom hagyni, hogy t\u00f6nkretegyenek.\u201d<br \/>\nki mond igazat a botr\u00e1ny k\u00f6zepette, \u00e9s mi\u00e9rt m\u00e9rgesedett el ennyire a k\u00e9t szt\u00e1r harca?<\/h3>\n<p>VIA nlc<\/p>\n<p>&#8211;<\/p>\n<p>A dupla burkolat\u00fa m\u0171szerfal, a kisebb korm\u00e1nyker\u00e9k \u00e9s az intuit\u00edv m\u00f3don elhelyezett sebess\u00e9gv\u00e1lt\u00f3-kezel\u0151szervek egyfajta kellemesen egyszer\u0171 vezet\u00e9si k\u00f6rnyezetet jellemeznek, ahol kev\u00e9s dolog vonja el a figyelmet arr\u00f3l, amire els\u0151sorban sz\u00fcks\u00e9ge van. A h\u00e1ts\u00f3 csomagtart\u00f3 hossza felhajtott \u00fcl\u00e9sekkel ak\u00e1r egy m\u00e9ter is lehet, a plat\u00f3takar\u00f3 alatt pedig alig t\u00f6bb mint 500 mm m\u00e9ly (a m\u00e9r\u00e9seink szerint ez az \u00e9rt\u00e9k egy hasonl\u00f3 m\u00e9ret\u0171 X3-as\u00e9t is fel\u00fclm\u00falja).<\/p>\n<p>El\u00f6l egy \u00faj digit\u00e1lis m\u0171szerfal a legnagyobb \u00faj\u00edt\u00e1s. 30,7 cm-es m\u00e9ret\u00e9vel csak k\u00f6r\u00fclbel\u00fcl akkora, mint a versenyt\u00e1rsak, \u00e9s a kijelz\u0151je is, b\u00e1r jellemz\u0151en stiliz\u00e1lt, ahogy az Alf\u00e1kt\u00f3l elv\u00e1rhat\u00f3, nem k\u00fcl\u00f6n\u00f6sebben innovat\u00edv. A felhaszn\u00e1l\u00f3i konfigur\u00e1lhat\u00f3s\u00e1g is \u00fcdv\u00f6zlend\u0151 lett volna. Funkcion\u00e1lis szempontb\u00f3l azonban sok minden tetszik a Stelvio kezel\u0151szerveiben \u00e9s elrendez\u00e9s\u00e9ben. A t\u00e1gas utast\u00e9r az alacsony, kanap\u00e9szer\u0171 vezet\u0151\u00fcl\u00e9st\u0151l kezdve a t\u00falm\u00e9retezett alum\u00ednium v\u00e1lt\u00f3f\u00fcleken \u00e1t a k\u00f6nnyen haszn\u00e1lhat\u00f3 fizikai h\u0151m\u00e9rs\u00e9klet-szab\u00e1lyoz\u00f3kig \u00e9s az okostelefon okos, sz\u00f6gben elhelyezett vezet\u00e9k n\u00e9lk\u00fcli t\u00f6lt\u0151fi\u00f3kj\u00e1ig minden rendben van. A friss\u00edtett Stelvio online digit\u00e1lis szolg\u00e1ltat\u00e1sokkal rendelkezik, amelyek k\u00f6z\u00f6tt megtal\u00e1lhat\u00f3 egy okostelefonra let\u00f6lthet\u0151 t\u00e1voli j\u00e1rm\u0171\u00e1llapot-alkalmaz\u00e1s. Az aut\u00f3 TomTom navig\u00e1ci\u00f3s rendszer\u00e9be mostant\u00f3l \u00fati c\u00e9lok \u00e9s el\u0151re beprogramozott \u00fatvonalak is k\u00fcldhet\u0151k okostelefonr\u00f3l.<\/p>\n","protected":false},"excerpt":{"rendered":"<p>N\u00f3t\u00e1r Mary v\u00e9g\u00fcl maga is reag\u00e1lt. K\u00f6nnyekkel k\u00fczdve mondta el: \u201eMinden igaz. Val\u00f3ban elvet\u00e9ltem \u2013 nem ma, hanem t\u00f6bb mint&#8230; <span class=\"gridview-grid-post-read-more\"><a href=\"https:\/\/matrend.hu\/maitrend\/?p=5414\">read more<span class=\"gridview-sr-only\"> Elvesz\u00edtette a bab\u00e1t N\u00f3t\u00e1r Mary!<\/span><\/a><\/span><\/p>\n","protected":false},"author":1,"featured_media":5417,"comment_status":"open","ping_status":"open","sticky":false,"template":"","format":"standard","meta":{"footnotes":""},"categories":[1],"tags":[],"class_list":["post-5414","post","type-post","status-publish","format-standard","has-post-thumbnail","hentry","category-egyeb","wpcat-1-id"],"_links":{"self":[{"href":"https:\/\/matrend.hu\/maitrend\/index.php?rest_route=\/wp\/v2\/posts\/5414","targetHints":{"allow":["GET"]}}],"collection":[{"href":"https:\/\/matrend.hu\/maitrend\/index.php?rest_route=\/wp\/v2\/posts"}],"about":[{"href":"https:\/\/matrend.hu\/maitrend\/index.php?rest_route=\/wp\/v2\/types\/post"}],"author":[{"embeddable":true,"href":"https:\/\/matrend.hu\/maitrend\/index.php?rest_route=\/wp\/v2\/users\/1"}],"replies":[{"embeddable":true,"href":"https:\/\/matrend.hu\/maitrend\/index.php?rest_route=%2Fwp%2Fv2%2Fcomments&post=5414"}],"version-history":[{"count":1,"href":"https:\/\/matrend.hu\/maitrend\/index.php?rest_route=\/wp\/v2\/posts\/5414\/revisions"}],"predecessor-version":[{"id":5418,"href":"https:\/\/matrend.hu\/maitrend\/index.php?rest_route=\/wp\/v2\/posts\/5414\/revisions\/5418"}],"wp:featuredmedia":[{"embeddable":true,"href":"https:\/\/matrend.hu\/maitrend\/index.php?rest_route=\/wp\/v2\/media\/5417"}],"wp:attachment":[{"href":"https:\/\/matrend.hu\/maitrend\/index.php?rest_route=%2Fwp%2Fv2%2Fmedia&parent=5414"}],"wp:term":[{"taxonomy":"category","embeddable":true,"href":"https:\/\/matrend.hu\/maitrend\/index.php?rest_route=%2Fwp%2Fv2%2Fcategories&post=5414"},{"taxonomy":"post_tag","embeddable":true,"href":"https:\/\/matrend.hu\/maitrend\/index.php?rest_route=%2Fwp%2Fv2%2Ftags&post=5414"}],"curies":[{"name":"wp","href":"https:\/\/api.w.org\/{rel}","templated":true}]}}