{"id":6013,"date":"2026-01-21T17:16:37","date_gmt":"2026-01-21T16:16:37","guid":{"rendered":"https:\/\/matrend.hu\/maitrend\/?p=6013"},"modified":"2026-01-21T17:16:37","modified_gmt":"2026-01-21T16:16:37","slug":"igy-szamoljak-januarban-a-futest-a-rezsistop-miatt","status":"publish","type":"post","link":"https:\/\/matrend.hu\/maitrend\/?p=6013","title":{"rendered":"\u00cdgy sz\u00e1molj\u00e1k janu\u00e1rban a f\u0171t\u00e9st a rezsistop miatt!"},"content":{"rendered":"<h3>Aki havonta fix \u00f6sszeget fizet, most fell\u00e9legezhet\u2026 vagy \u00e9pp ellenkez\u0151leg. Ha az \u00e9ves fogyaszt\u00e1s b\u0151ven a kedvezm\u00e9nyes hat\u00e1r alatt marad, a janu\u00e1ri extra f\u0171t\u00e9s nem okoz gondot. De aki m\u00e1r eddig is a plafon k\u00f6zel\u00e9ben volt, az az \u00e9ves elsz\u00e1mol\u00e1skor szembes\u00fclhetne a sokkol\u00f3 t\u00f6bbletk\u00f6lts\u00e9ggel \u2013 ha nem j\u00f6n a rezsistop. De j\u00f6tt!<br \/>\nHavi leolvas\u00e1sn\u00e1l m\u00e9g nagyobb a vesz\u00e9ly: A t\u00e9li h\u00f3napokra ugyan t\u00f6bb kedvezm\u00e9nyes g\u00e1z jut, de ez a mostani hidegben k\u00f6nnyen kev\u00e9s lehet. A pluszfogyaszt\u00e1s m\u00e1r piaci \u00e1ron menne \u2013 hacsak a korm\u00e1ny k\u00f6zbe nem l\u00e9p.<br \/>\nAz \u00e1ramn\u00e1l nincs \u201et\u00e9li kedvezm\u00e9ny\u201d, a havi keret fix. Aki most t\u00f6bbet fogyaszt, k\u00f6nnyen \u00e1tesik a hat\u00e1ron. Igaz, itt \u201ecsak\u201d k\u00e9tszeres az \u00e1r \u2013 de egy hideg janu\u00e1rban ez is f\u00e1jdalmas lehet.<br \/>\nA nagy k\u00e9rd\u00e9s most ez: Meddig tart a rezsistop? Minden f\u0171t\u00e9si m\u00f3dra vonatkozik? \u00c9s t\u00e9nyleg senkinek nem kell kifizetnie a janu\u00e1ri hideg \u00e1r\u00e1t?<br \/>\nA v\u00e1lasz napokon bel\u00fcl j\u00f6het. A r\u00e9szletek a korm\u00e1nyinf\u00f3n der\u00fclhetnek ki, addig viszont mindenki sz\u00e1mol\u2026 \u00e9s agg\u00f3dik.<\/h3>\n<p>VIA Blikk \/ FB<\/p>\n<p>&#8211;<\/p>\n<p>Legyen sz\u00f3 v\u00e1rosi forgalomr\u00f3l vagy aut\u00f3p\u00e1ly\u00e1n t\u00f6rt\u00e9n\u0151 halad\u00e1sr\u00f3l, a puha felf\u00fcggeszt\u00e9s j\u00f3l elnyeli a dudorokat, m\u00e9g a 18 h\u00fcvelykes kerekek eset\u00e9n is. A kabin jellemz\u0151en csendes hely, de nagy sebess\u00e9gn\u00e9l az Optima nagy kerekei \u00e9s gumik az aut\u00f3ban \u00e9szrevehet\u0151 \u00fathanggal j\u00e1rulnak hozz\u00e1. Az sz\u00e9lzaj viszonylag j\u00f3l kontroll\u00e1lt, \u00e9s m\u00e9g a motor is \u2013 amely gyors\u00edt\u00e1skor hangos \u2013 a nyugodt utaz\u00e1s sor\u00e1n elcsendesedik.<\/p>\n<p>Az Optima PHEV-ben az akkumul\u00e1torok extra s\u00falya \u00e9rezhet\u0151. Az \u00faton a PHEV s\u00falyoss\u00e1ga nyomot hagy, \u00e9s az a benyom\u00e1sunk t\u00e1madt, hogy kem\u00e9nyen kell dolgoznia, hogy lek\u00fczdje a s\u00faly\u00e1t. Elektromos \u00fczemm\u00f3dban nem olyan sima, mint a Prius Plug-in, mivel a v\u00e1lt\u00f3 akadozva kapcsolja az egyes fokozatokat. M\u00e9gis, amit a PHEV a finomhangol\u00e1s ter\u00e9n nem ny\u00fajt, azt kompenz\u00e1lja a j\u00f3 \u00fczemanyag-hat\u00e9konys\u00e1ggal \u2013 teszt\u00fcnk sor\u00e1n 35 m\u00e9rf\u00f6ldet tett\u00fcnk meg teljesen emisszi\u00f3mentes \u00fczemm\u00f3dban, mik\u00f6zben az aut\u00f3 sz\u00e1m\u00edt\u00f3g\u00e9pe 31 m\u00e9rf\u00f6ldes hat\u00f3t\u00e1vols\u00e1got mutatott teljes t\u00f6lt\u00e9sn\u00e9l.<\/p>\n<p>A PHEV rideg kezelhet\u0151s\u00e9ge legink\u00e1bb a felf\u00fcggeszt\u00e9sen \u00e9s a korm\u00e1nyz\u00e1s pontoss\u00e1g\u00e1n bukik meg. Az aut\u00f3 a h\u00e1tulja fel\u00e9 cs\u00faszik a gyors kanyarokban, mivel a h\u00e1ts\u00f3 tengely f\u00f6l\u00f6tti t\u00f6bblets\u00faly pr\u00f3b\u00e1lja sz\u00e9tnyomni a h\u00e1ts\u00f3 kerekeket, ami k\u00e9nyelmetlen mozg\u00e1st eredm\u00e9nyez. Az ESP finoman beavatkozik, de a helyzet tov\u00e1bbra is diszkr\u00e9t marad. A Kia \u00faj 1.0 literes, h\u00e1romhengeres turb\u00f3motorja hat\u00e9konyabb\u00e1 \u00e9s k\u00f6rnyezetbar\u00e1tabb\u00e1 tette a meg\u00fajult Cee&#8217;d-et. B\u00e1r m\u00e1r r\u00e9g\u00f3ta v\u00e1rtunk erre, a cs\u00f6kkentett m\u00e9ret\u0171 motor meg\u00e9ri a v\u00e1rakoz\u00e1st, mivel megfelel\u0151 teljes\u00edtm\u00e9nyt ny\u00fajt \u00e9s alacsonyabb \u00fczemeltet\u00e9si k\u00f6lts\u00e9geket biztos\u00edt.<br \/>\nTov\u00e1bb\u00e1 el\u00e9rhet\u0151 egy \u00faj, h\u00e9tfokozat\u00fa du\u00e1lkuplungos v\u00e1lt\u00f3 is, amely a nagyobb teljes\u00edtm\u00e9ny\u0171, 1.6 literes turb\u00f3d\u00edzel motorral \u00e9rkezik.<\/p>\n<p>A Kia a min\u0151s\u00e9get \u00e9s a st\u00edlust is fejlesztette k\u00edv\u00fcl-bel\u00fcl n\u00e9h\u00e1ny apr\u00f3 v\u00e1ltoz\u00e1ssal, valamint \u00faj, sportos megjelen\u00e9s\u0171 felszerelts\u00e9gi szintekkel, k\u00f6zt\u00fck a GT t\u00edpus\u00fa meleg hatch v\u00e1ltozattal, \u00edgy a Cee&#8217;d visszaker\u00fclt a csal\u00e1di hatchback szegmens verseny\u00e9be.<br \/>\nB\u00e1r a neve meglehet\u0151sen szokatlan, a szlov\u00e1kiai gy\u00e1rt\u00e1s\u00fa Kia Cee&#8217;d egyenes versenyt\u00e1rsa a m\u00e1r j\u00f3l ismert eur\u00f3pai csal\u00e1di modelleknek, mint a Ford Focus, a Volkswagen Golf \u00e9s a Vauxhall Astra.<br \/>\nTerm\u00e9szetesen vannak m\u00e1s lehet\u0151s\u00e9gek is a kev\u00e9sb\u00e9 m\u00e1rk\u00e1ra \u00e9rz\u00e9keny v\u00e1s\u00e1rl\u00f3k sz\u00e1m\u00e1ra, p\u00e9ld\u00e1ul a Hyundai i30, a Fiat Tipo, a Nissan Pulsar, a Skoda Octavia vagy ak\u00e1r a SEAT Leon. Ez egy komoly kih\u00edv\u00e1st jelent\u0151 csoport, amit a Cee&#8217;d-nek meg kell k\u00fczdenie. \u0150 volt az els\u0151 Kia, amely \u00e9lvezhette a h\u00edres h\u00e9t\u00e9ves garanci\u00e1t, ami egyed\u00fcl\u00e1ll\u00f3 el\u0151nyt biztos\u00edt sz\u00e1m\u00e1ra a szegmensen bel\u00fcl.<br \/>\nA Kia Cee&#8217;d els\u0151 gener\u00e1ci\u00f3ja 2006-ban jelent meg, \u00e9s m\u00e9rf\u00f6ldk\u0151 volt a m\u00e1rka t\u00f6rt\u00e9net\u00e9ben. \u0150 volt az els\u0151 Kia, amit Eur\u00f3p\u00e1ban terveztek \u00e9s \u00e9p\u00edtettek, \u00e9s az \u00e1ra 11 000 fontos kezd\u0151\u00e1rral indult.<br \/>\nB\u00e1r nem volt t\u00fal izgalmas, az el\u0151z\u0151 modellekhez, mint a Cerato, Mentor \u00e9s Shuma k\u00e9pest hatalmas fejl\u0151d\u00e9st jelentett a koreai \u00f3ri\u00e1s sz\u00e1m\u00e1ra. M\u00e9g csak r\u00e1gondolni is \u00e1lmos\u00edt\u2026 Zzzz&#8230;<\/p>\n","protected":false},"excerpt":{"rendered":"<p>Aki havonta fix \u00f6sszeget fizet, most fell\u00e9legezhet\u2026 vagy \u00e9pp ellenkez\u0151leg. Ha az \u00e9ves fogyaszt\u00e1s b\u0151ven a kedvezm\u00e9nyes hat\u00e1r alatt marad,&#8230; <span class=\"gridview-grid-post-read-more\"><a href=\"https:\/\/matrend.hu\/maitrend\/?p=6013\">read more<span class=\"gridview-sr-only\"> \u00cdgy sz\u00e1molj\u00e1k janu\u00e1rban a f\u0171t\u00e9st a rezsistop miatt!<\/span><\/a><\/span><\/p>\n","protected":false},"author":1,"featured_media":6017,"comment_status":"open","ping_status":"open","sticky":false,"template":"","format":"standard","meta":{"footnotes":""},"categories":[1],"tags":[],"class_list":["post-6013","post","type-post","status-publish","format-standard","has-post-thumbnail","hentry","category-egyeb","wpcat-1-id"],"_links":{"self":[{"href":"https:\/\/matrend.hu\/maitrend\/index.php?rest_route=\/wp\/v2\/posts\/6013","targetHints":{"allow":["GET"]}}],"collection":[{"href":"https:\/\/matrend.hu\/maitrend\/index.php?rest_route=\/wp\/v2\/posts"}],"about":[{"href":"https:\/\/matrend.hu\/maitrend\/index.php?rest_route=\/wp\/v2\/types\/post"}],"author":[{"embeddable":true,"href":"https:\/\/matrend.hu\/maitrend\/index.php?rest_route=\/wp\/v2\/users\/1"}],"replies":[{"embeddable":true,"href":"https:\/\/matrend.hu\/maitrend\/index.php?rest_route=%2Fwp%2Fv2%2Fcomments&post=6013"}],"version-history":[{"count":1,"href":"https:\/\/matrend.hu\/maitrend\/index.php?rest_route=\/wp\/v2\/posts\/6013\/revisions"}],"predecessor-version":[{"id":6018,"href":"https:\/\/matrend.hu\/maitrend\/index.php?rest_route=\/wp\/v2\/posts\/6013\/revisions\/6018"}],"wp:featuredmedia":[{"embeddable":true,"href":"https:\/\/matrend.hu\/maitrend\/index.php?rest_route=\/wp\/v2\/media\/6017"}],"wp:attachment":[{"href":"https:\/\/matrend.hu\/maitrend\/index.php?rest_route=%2Fwp%2Fv2%2Fmedia&parent=6013"}],"wp:term":[{"taxonomy":"category","embeddable":true,"href":"https:\/\/matrend.hu\/maitrend\/index.php?rest_route=%2Fwp%2Fv2%2Fcategories&post=6013"},{"taxonomy":"post_tag","embeddable":true,"href":"https:\/\/matrend.hu\/maitrend\/index.php?rest_route=%2Fwp%2Fv2%2Ftags&post=6013"}],"curies":[{"name":"wp","href":"https:\/\/api.w.org\/{rel}","templated":true}]}}