{"id":6028,"date":"2026-01-22T12:26:50","date_gmt":"2026-01-22T11:26:50","guid":{"rendered":"https:\/\/matrend.hu\/maitrend\/?p=6028"},"modified":"2026-01-22T12:26:50","modified_gmt":"2026-01-22T11:26:50","slug":"meghalt-a-mi-kis-falunk-szinesznoje","status":"publish","type":"post","link":"https:\/\/matrend.hu\/maitrend\/?p=6028","title":{"rendered":"Meghalt A mi kis falunk sz\u00edn\u00e9szn\u0151je"},"content":{"rendered":"<h3>Babj\u00e1k Annam\u00e1ria 69 \u00e9vesen, hosszas betegs\u00e9g ut\u00e1n hunyt el kisebb-nagyobb munk\u00e1i voltak olyan orsz\u00e1gosan ismert sorozatokban is, mint a: Mintaa\/\u00e1k, A mi k\/s fa\/unk vagy a Dok\/or Balaton.<\/h3>\n<p>Forr\u00e1s: MSN \/ FB<\/p>\n<p>&#8211;<\/p>\n<p>A modellfriss\u00edt\u00e9s egyik legnagyobb v\u00e1ltoz\u00e1sa az \u00e1tdolgozott m\u0171szerfal. A Sportage megkapta azt a 12,3 colos, sz\u00e9les k\u00e9par\u00e1ny\u00fa \u00e9rint\u0151k\u00e9perny\u0151t, amelyet m\u00e1r ismerhet\u00fcnk az EV9-b\u0151l, az EV4-b\u0151l, a Sorent\u00f3b\u00f3l \u00e9s m\u00e1s friss Kia modellekb\u0151l. Ez a megold\u00e1s technol\u00f3giai szempontb\u00f3l egy\u00e9rtelm\u0171 el\u0151rel\u00e9p\u00e9s, ugyanakkor komoly fejt\u00f6r\u00e9st okozhatott a formatervez\u0151knek. A friss\u00edt\u00e9s el\u0151tti modell egyik jellegzetes eleme ugyanis a \u201etomahawk\u201d form\u00e1j\u00fa, karakteres l\u00e9gbe\u00f6ml\u0151 volt, amely szinte beleolvadt a gum\u00edrozott m\u0171szerfal fels\u0151 r\u00e9sz\u00e9be.<\/p>\n<p>A sz\u00e9lesebb kijelz\u0151 be\u00e9p\u00edt\u00e9se \u00e9rdek\u00e9ben ezeket el kellett hagyni, hely\u00fcket hagyom\u00e1nyosabb, kev\u00e9sb\u00e9 felt\u0171n\u0151 szell\u0151z\u0151ny\u00edl\u00e1sok vett\u00e9k \u00e1t. Azonban a m\u0171szerfal gum\u00edrozott fels\u0151 eleme v\u00e1ltozatlan maradt, \u00edgy m\u00e9g mindig j\u00f3l kivehet\u0151, hol helyezkedtek el kor\u00e1bban az eredeti szell\u0151z\u0151k. Ez kiss\u00e9 \u00f6sszecsapott benyom\u00e1st kelt, ami ritka jelens\u00e9g a Kia eset\u00e9ben, hiszen a m\u00e1rka \u00e1ltal\u00e1ban nagy gondot ford\u00edt a r\u00e9szletek k\u00f6vetkezetes kidolgoz\u00e1s\u00e1ra.<\/p>\n<p>&nbsp;<\/p>\n","protected":false},"excerpt":{"rendered":"<p>Babj\u00e1k Annam\u00e1ria 69 \u00e9vesen, hosszas betegs\u00e9g ut\u00e1n hunyt el kisebb-nagyobb munk\u00e1i voltak olyan orsz\u00e1gosan ismert sorozatokban is, mint a: Mintaa\/\u00e1k,&#8230; <span class=\"gridview-grid-post-read-more\"><a href=\"https:\/\/matrend.hu\/maitrend\/?p=6028\">read more<span class=\"gridview-sr-only\"> Meghalt A mi kis falunk sz\u00edn\u00e9szn\u0151je<\/span><\/a><\/span><\/p>\n","protected":false},"author":1,"featured_media":6029,"comment_status":"open","ping_status":"open","sticky":false,"template":"","format":"standard","meta":{"footnotes":""},"categories":[1],"tags":[],"class_list":["post-6028","post","type-post","status-publish","format-standard","has-post-thumbnail","hentry","category-egyeb","wpcat-1-id"],"_links":{"self":[{"href":"https:\/\/matrend.hu\/maitrend\/index.php?rest_route=\/wp\/v2\/posts\/6028","targetHints":{"allow":["GET"]}}],"collection":[{"href":"https:\/\/matrend.hu\/maitrend\/index.php?rest_route=\/wp\/v2\/posts"}],"about":[{"href":"https:\/\/matrend.hu\/maitrend\/index.php?rest_route=\/wp\/v2\/types\/post"}],"author":[{"embeddable":true,"href":"https:\/\/matrend.hu\/maitrend\/index.php?rest_route=\/wp\/v2\/users\/1"}],"replies":[{"embeddable":true,"href":"https:\/\/matrend.hu\/maitrend\/index.php?rest_route=%2Fwp%2Fv2%2Fcomments&post=6028"}],"version-history":[{"count":1,"href":"https:\/\/matrend.hu\/maitrend\/index.php?rest_route=\/wp\/v2\/posts\/6028\/revisions"}],"predecessor-version":[{"id":6030,"href":"https:\/\/matrend.hu\/maitrend\/index.php?rest_route=\/wp\/v2\/posts\/6028\/revisions\/6030"}],"wp:featuredmedia":[{"embeddable":true,"href":"https:\/\/matrend.hu\/maitrend\/index.php?rest_route=\/wp\/v2\/media\/6029"}],"wp:attachment":[{"href":"https:\/\/matrend.hu\/maitrend\/index.php?rest_route=%2Fwp%2Fv2%2Fmedia&parent=6028"}],"wp:term":[{"taxonomy":"category","embeddable":true,"href":"https:\/\/matrend.hu\/maitrend\/index.php?rest_route=%2Fwp%2Fv2%2Fcategories&post=6028"},{"taxonomy":"post_tag","embeddable":true,"href":"https:\/\/matrend.hu\/maitrend\/index.php?rest_route=%2Fwp%2Fv2%2Ftags&post=6028"}],"curies":[{"name":"wp","href":"https:\/\/api.w.org\/{rel}","templated":true}]}}