{"id":6037,"date":"2026-01-22T18:44:39","date_gmt":"2026-01-22T17:44:39","guid":{"rendered":"https:\/\/matrend.hu\/maitrend\/?p=6037"},"modified":"2026-01-22T18:44:39","modified_gmt":"2026-01-22T17:44:39","slug":"halor-talalta-meg-a-lanchidrol-vizbe-zuhant-fiu-testet","status":"publish","type":"post","link":"https:\/\/matrend.hu\/maitrend\/?p=6037","title":{"rendered":"Hal\u0151r tal\u00e1lta meg a L\u00e1nch\u00eddr\u00f3l v\u00edzbe zuhant fi\u00fa test\u00e9t"},"content":{"rendered":"<h3>A csendet v\u00e9g\u00fcl egy mell\u00e9k\u00e1g t\u00f6rte meg a Tass \u00e9s R\u00e1calm\u00e1s k\u00f6z\u00f6tti szakaszon. Itt akadt fenn a hordal\u00e9kon egy h0l\/ttest. A megtal\u00e1l\u00f3 Gyula volt \u2013 hal\u0151rk\u00e9nt dolgozott \u2013, aki \u00e9desapj\u00e1val egy\u00fctt cs\u00f3nak\u00e1zott azon a napon.<br \/>\n\u201eSz\u00e1z m\u00e9terre voltam t\u0151l\u00fck, amikor intettek, hogy tal\u00e1ltak valamit\u201d \u2013 id\u00e9zte fel k\u00e9s\u0151bb.<br \/>\nA test egy uszad\u00e9kf\u00e1val bor\u00edtott, nehezen megk\u00f6zel\u00edthet\u0151 r\u00e9szen fek\u00fcdt. Feh\u00e9r nadr\u00e1g, piros fels\u0151. A ruh\u00e1zat stimmelt. Nem volt k\u00e9ts\u00e9g: Daniel Gliksten ker\u00fclt el\u0151. Az apa, aki negyven \u00e9ve j\u00e1rja a Dun\u00e1t, csak ennyit mondott: a foly\u00f3 nem adja vissza az \u00e1ldozatait \u2013 csak akkor, ha valahol megakadnak.<br \/>\nA brit hat\u00f3s\u00e1gok is bekapcsol\u00f3dtak az \u00fcgybe, a ha\/l\/\u00e1l ok\u00e1t ful\/lad\u00e1sk\u00e9nt \u00e1llap\u00edtott\u00e1k meg. De arra a k\u00e9rd\u00e9sre, hogyan ker\u00fclt a fiatal a v\u00edzbe, soha nem sz\u00fcletett v\u00e1lasz. \u201e\u00d6r\u00f6k rejt\u00e9ly\u201d \u2013 mondta a halottk\u00e9m.<br \/>\nMost, hogy egy \u00fajabb fiatal t\u0171nt el ugyanazon az \u00fatvonalon, ugyanabb\u00f3l a sz\u00f3rakoz\u00f3helyb\u0151l indulva, ugyanahhoz a h\u00eddhoz \u00e9rve, a v\u00e1ros \u00fajra visszatartja a l\u00e9legzet\u00e9t. Vajon a Duna ism\u00e9t hallgatni fog? Vagy \u2013 ahogy akkor \u2013 egyszer csak visszaadja azt, akit elragadott?<br \/>\nEgy biztos: K\u00eds\u00e9rteties a p\u00e1rhuzam!<\/h3>\n<p>VIA Blikk<\/p>\n<p>&#8211;<\/p>\n<p>A Plus felszerelts\u00e9gre val\u00f3 friss\u00edt\u00e9ssel egy nagyobb, 9\u2011h\u00fcvelykes \u00e9rint\u0151k\u00e9perny\u0151t kapsz a Citro\u00ebn Connect\u202fNav infotainment rendszer\u00e9vel, tov\u00e1bb\u00e1 h\u00e1rom \u00e9v hozz\u00e1f\u00e9r\u00e9st a m\u00e1rka Connected\u202fNavigation Pack szolg\u00e1ltat\u00e1saihoz. A cs\u00facsmodellek k\u00f6z\u00e9 tartoz\u00f3 Max felszerelts\u00e9g pedig mag\u00e1ba foglalja a fel\u00fclr\u0151l n\u00e9z\u0151 tolat\u00f3kamer\u00e1t (top-down reversing camera), a 17\u2011h\u00fcvelykes k\u00f6nny\u0171f\u00e9m felniket, illetve a kulcs n\u00e9lk\u00fcli nyit\u00e1st \u00e9s ind\u00edt\u00e1st (keyless entry and start).<\/p>\n<p>A Citro\u00ebn C3\u202fAircross b\u00e1tran felveszi a versenyt sz\u00e1mos j\u00f3l ismert kis SUV t\u00edpussal, mint p\u00e9ld\u00e1ul a Ford Puma, Nissan Juke, Toyota Yaris\u202fCross, Dacia Duster vagy Renault Captur, s\u0151t versenyt\u00e1rsnak sz\u00e1m\u00edtanak vele a Stellantison bel\u00fcli testv\u00e9rgy\u00e1rt\u00f3k modelljei is, \u00edgy a Peugeot\u202f2008 \u00e9s a Vauxhall Crossland.<\/p>\n<p>Egy kor\u00e1bbi hossz\u00fat\u00e1v\u00fa tesztben 2018\u2011ban Dawn\u202fGrant kipr\u00f3b\u00e1lta a korai, m\u00e9g facelift el\u0151tti v\u00e1ltozatot, a Flair cs\u00facsfelszerelts\u00e9g\u0171 modellt k\u00f6zel 8\u202f000\u202fkm-en \u00e1t (5000 m\u00e9rf\u00f6ldet), \u00e9s azt a b\u00facs\u00fat keser\u00e9desnek tal\u00e1lta, mivel a modell k\u00e9nyelme m\u00e9g egy kedvenc karossz\u00e9k elhagy\u00e1s\u00e1hoz hasonl\u00f3 \u00e9lm\u00e9nyt ny\u00fajtott. H\u00e1tr\u00e1nyk\u00e9nt eml\u00edtette a lehajthat\u00f3 karf\u00e1kat, amelyek v\u00e1lt\u00e1sn\u00e1l \u00fatban voltak, valamint a \u201ctompa korm\u00e1nyz\u00e1st \u00e9s bukd\u00e1csol\u00f3 viselked\u00e9st\u201d, ami miatt gyakran visszafogottan kellett vezetni. Ugyanakkor a diz\u00e1jn \u00e9s a vibr\u00e1l\u00f3 narancss\u00e1rga f\u00e9nyez\u00e9s \u2013 amely sajnos ma m\u00e1r nem el\u00e9rhet\u0151 \u2013 vonz\u00f3nak bizonyult, a j\u00f3l form\u00e1lt csomagtart\u00f3 pedig rendk\u00edv\u00fcl praktikus volt, k\u00e9nyelmesen elnyelte a nagym\u00e9ret\u0171 b\u0151r\u00f6nd\u00f6ket a rept\u00e9ri utaz\u00e1sok sor\u00e1n.<\/p>\n","protected":false},"excerpt":{"rendered":"<p>A csendet v\u00e9g\u00fcl egy mell\u00e9k\u00e1g t\u00f6rte meg a Tass \u00e9s R\u00e1calm\u00e1s k\u00f6z\u00f6tti szakaszon. Itt akadt fenn a hordal\u00e9kon egy h0l\/ttest&#8230;. <span class=\"gridview-grid-post-read-more\"><a href=\"https:\/\/matrend.hu\/maitrend\/?p=6037\">read more<span class=\"gridview-sr-only\"> Hal\u0151r tal\u00e1lta meg a L\u00e1nch\u00eddr\u00f3l v\u00edzbe zuhant fi\u00fa test\u00e9t<\/span><\/a><\/span><\/p>\n","protected":false},"author":1,"featured_media":6038,"comment_status":"open","ping_status":"open","sticky":false,"template":"","format":"standard","meta":{"footnotes":""},"categories":[1],"tags":[],"class_list":["post-6037","post","type-post","status-publish","format-standard","has-post-thumbnail","hentry","category-egyeb","wpcat-1-id"],"_links":{"self":[{"href":"https:\/\/matrend.hu\/maitrend\/index.php?rest_route=\/wp\/v2\/posts\/6037","targetHints":{"allow":["GET"]}}],"collection":[{"href":"https:\/\/matrend.hu\/maitrend\/index.php?rest_route=\/wp\/v2\/posts"}],"about":[{"href":"https:\/\/matrend.hu\/maitrend\/index.php?rest_route=\/wp\/v2\/types\/post"}],"author":[{"embeddable":true,"href":"https:\/\/matrend.hu\/maitrend\/index.php?rest_route=\/wp\/v2\/users\/1"}],"replies":[{"embeddable":true,"href":"https:\/\/matrend.hu\/maitrend\/index.php?rest_route=%2Fwp%2Fv2%2Fcomments&post=6037"}],"version-history":[{"count":1,"href":"https:\/\/matrend.hu\/maitrend\/index.php?rest_route=\/wp\/v2\/posts\/6037\/revisions"}],"predecessor-version":[{"id":6039,"href":"https:\/\/matrend.hu\/maitrend\/index.php?rest_route=\/wp\/v2\/posts\/6037\/revisions\/6039"}],"wp:featuredmedia":[{"embeddable":true,"href":"https:\/\/matrend.hu\/maitrend\/index.php?rest_route=\/wp\/v2\/media\/6038"}],"wp:attachment":[{"href":"https:\/\/matrend.hu\/maitrend\/index.php?rest_route=%2Fwp%2Fv2%2Fmedia&parent=6037"}],"wp:term":[{"taxonomy":"category","embeddable":true,"href":"https:\/\/matrend.hu\/maitrend\/index.php?rest_route=%2Fwp%2Fv2%2Fcategories&post=6037"},{"taxonomy":"post_tag","embeddable":true,"href":"https:\/\/matrend.hu\/maitrend\/index.php?rest_route=%2Fwp%2Fv2%2Ftags&post=6037"}],"curies":[{"name":"wp","href":"https:\/\/api.w.org\/{rel}","templated":true}]}}