{"id":6040,"date":"2026-01-22T19:32:32","date_gmt":"2026-01-22T18:32:32","guid":{"rendered":"https:\/\/matrend.hu\/maitrend\/?p=6040"},"modified":"2026-01-22T19:32:32","modified_gmt":"2026-01-22T18:32:32","slug":"januarra-rezsistopot-reszletei","status":"publish","type":"post","link":"https:\/\/matrend.hu\/maitrend\/?p=6040","title":{"rendered":"Janu\u00e1rra rezsistopot r\u00e9szletei"},"content":{"rendered":"<h3>Guly\u00e1s Gergely a korm\u00e1nyinf\u00f3n azt mondta, a r\u00e1szorul\u00f3k ingyenes t\u0171zif\u00e1t kaphatnak, \u00e9s a programnak nincs fels\u0151 limitje. Ugyanakkor t\u00f6bb nappal a bejelent\u00e9s \u00e9s a komoly hideg meg\u00e9rkez\u00e9se ut\u00e1n sem l\u00e1tszik m\u00e9g pontosan, hogy mikor \u00e9s milyen m\u00f3don jut el az extra t\u0171zifa a r\u00e1szorul\u00f3khoz, amelyet a korm\u00e1ny a szok\u00e1sos \u00e9ves szoci\u00e1lis mennyis\u00e9gen fel\u00fcl \u00edg\u00e9rt meg.<\/h3>\n<p>Forr\u00e1s: MSN \/ FB \/ EZT<\/p>\n<p>&#8211;<\/p>\n<p>Ez a konfigur\u00e1ci\u00f3 pap\u00edron is j\u00f3l hangzik, de ami igaz\u00e1n sz\u00e1m\u00edt, az az, hogy az \u00faton mennyire kiegyens\u00falyozott \u00e9s magabiztos az aut\u00f3 viselked\u00e9se.<\/p>\n<p>A kiss\u00e9 kedvez\u0151bb aerodinamika miatt a Micra az 52 kWh-s akkumul\u00e1torral valamivel jobb hivatalos hat\u00f3t\u00e1vot k\u00edn\u00e1l, mint a Renault: 260 m\u00e9rf\u00f6ldet \u00edg\u00e9r a 252 helyett. A val\u00f3s\u00e1gban, holland utakon tesztelve, a mi aut\u00f3nk teljes t\u00f6lt\u00e9ssel k\u00f6r\u00fclbel\u00fcl 245 m\u00e9rf\u00f6ldes hat\u00f3t\u00e1vot jelzett el\u0151re, ami biztat\u00f3 adat. Ugyanakkor \u2013 csak\u00fagy, mint az \u201e5\u201d-\u00f6s eset\u00e9ben \u2013 aut\u00f3p\u00e1ly\u00e1s temp\u00f3n\u00e1l az energiatartal\u00e9kok gyorsabban fogytak, \u00e9s ilyen k\u00f6r\u00fclm\u00e9nyek k\u00f6z\u00f6tt nagyj\u00e1b\u00f3l 180 m\u00e9rf\u00f6lddel \u00e9rdemes re\u00e1lisan sz\u00e1molni. Ez nem kir\u00edv\u00f3 ebben a szegmensben, ink\u00e1bb a kis elektromos aut\u00f3k term\u00e9szetes velej\u00e1r\u00f3ja, \u00e9s j\u00f3l mutatja, hogy ezek a modellek els\u0151sorban v\u00e1rosi \u00e9s el\u0151v\u00e1rosi haszn\u00e1latra optimaliz\u00e1ltak.<\/p>\n","protected":false},"excerpt":{"rendered":"<p>Guly\u00e1s Gergely a korm\u00e1nyinf\u00f3n azt mondta, a r\u00e1szorul\u00f3k ingyenes t\u0171zif\u00e1t kaphatnak, \u00e9s a programnak nincs fels\u0151 limitje. Ugyanakkor t\u00f6bb nappal&#8230; <span class=\"gridview-grid-post-read-more\"><a href=\"https:\/\/matrend.hu\/maitrend\/?p=6040\">read more<span class=\"gridview-sr-only\"> Janu\u00e1rra rezsistopot r\u00e9szletei<\/span><\/a><\/span><\/p>\n","protected":false},"author":1,"featured_media":6041,"comment_status":"open","ping_status":"open","sticky":false,"template":"","format":"standard","meta":{"footnotes":""},"categories":[1],"tags":[],"class_list":["post-6040","post","type-post","status-publish","format-standard","has-post-thumbnail","hentry","category-egyeb","wpcat-1-id"],"_links":{"self":[{"href":"https:\/\/matrend.hu\/maitrend\/index.php?rest_route=\/wp\/v2\/posts\/6040","targetHints":{"allow":["GET"]}}],"collection":[{"href":"https:\/\/matrend.hu\/maitrend\/index.php?rest_route=\/wp\/v2\/posts"}],"about":[{"href":"https:\/\/matrend.hu\/maitrend\/index.php?rest_route=\/wp\/v2\/types\/post"}],"author":[{"embeddable":true,"href":"https:\/\/matrend.hu\/maitrend\/index.php?rest_route=\/wp\/v2\/users\/1"}],"replies":[{"embeddable":true,"href":"https:\/\/matrend.hu\/maitrend\/index.php?rest_route=%2Fwp%2Fv2%2Fcomments&post=6040"}],"version-history":[{"count":1,"href":"https:\/\/matrend.hu\/maitrend\/index.php?rest_route=\/wp\/v2\/posts\/6040\/revisions"}],"predecessor-version":[{"id":6042,"href":"https:\/\/matrend.hu\/maitrend\/index.php?rest_route=\/wp\/v2\/posts\/6040\/revisions\/6042"}],"wp:featuredmedia":[{"embeddable":true,"href":"https:\/\/matrend.hu\/maitrend\/index.php?rest_route=\/wp\/v2\/media\/6041"}],"wp:attachment":[{"href":"https:\/\/matrend.hu\/maitrend\/index.php?rest_route=%2Fwp%2Fv2%2Fmedia&parent=6040"}],"wp:term":[{"taxonomy":"category","embeddable":true,"href":"https:\/\/matrend.hu\/maitrend\/index.php?rest_route=%2Fwp%2Fv2%2Fcategories&post=6040"},{"taxonomy":"post_tag","embeddable":true,"href":"https:\/\/matrend.hu\/maitrend\/index.php?rest_route=%2Fwp%2Fv2%2Ftags&post=6040"}],"curies":[{"name":"wp","href":"https:\/\/api.w.org\/{rel}","templated":true}]}}