{"id":6049,"date":"2026-01-23T17:11:05","date_gmt":"2026-01-23T16:11:05","guid":{"rendered":"https:\/\/matrend.hu\/maitrend\/?p=6049"},"modified":"2026-01-23T17:11:05","modified_gmt":"2026-01-23T16:11:05","slug":"ezekre-a-januari-szamlakra-jar-a-tamogatas","status":"publish","type":"post","link":"https:\/\/matrend.hu\/maitrend\/?p=6049","title":{"rendered":"Ezekre a janu\u00e1ri sz\u00e1ml\u00e1kra j\u00e1r a t\u00e1mogat\u00e1s"},"content":{"rendered":"<h3>A sz\u00e1mok k\u00f6zben sokkol\u00f3k: janu\u00e1rban ak\u00e1r 19%-kal t\u00f6bb g\u00e1z \u00e9s 17%-kal t\u00f6bb \u00e1ram fogyhatott a szok\u00e1sosn\u00e1l, a szak\u00e9rt\u0151l ekkora ment\u0151\u00f6vre sz\u00e1m\u00edtanak.<br \/>\nEz alapj\u00e1n d\u0151l majd el, mekkora \u00f6sszeget v\u00e1llal \u00e1t az \u00e1llam, de egy biztos: a rezsistop csak egyszeri ment\u0151\u00f6v, kiz\u00e1r\u00f3lag 2026 janu\u00e1rj\u00e1ra sz\u00f3l.<br \/>\nA korm\u00e1ny szerint en\u00e9lk\u00fcl sok csal\u00e1d j\u00f3val magasabb sz\u00e1ml\u00e1kkal szembes\u00fclne, mint amit valaha l\u00e1tott \u2013 ez\u00e9rt most ink\u00e1bb az \u00e1llam fizet.<br \/>\nA v\u00e9gs\u0151 szab\u00e1lyok napokon bel\u00fcl kider\u00fclnek \u2013 addig minden szem a janu\u00e1ri sz\u00e1ml\u00e1kon van.<\/h3>\n<p>VIA hitelforum<\/p>\n<p>A Renault M\u00e9gane C-C (Coupe-Cabriolet) a francia gy\u00e1rt\u00f3 \u00e1ltal k\u00e9sz\u00edtett olyan kabri\u00f3karossz\u00e9ri\u00e1s v\u00e1ltozat, amely egy kup\u00e9 \u00e9s egy teljes \u00e9rt\u00e9k\u0171 nyithat\u00f3 tet\u0151s aut\u00f3 keresztmetszet\u00e9t k\u00edn\u00e1lja \u2013 gyakorlatilag egy praktikus, m\u00e9gis hangulatos, n\u00e9gy\u00fcl\u00e9ses kabri\u00f3t, amelyet a M\u00e9gane csal\u00e1don bel\u00fcl a kompakt kateg\u00f3ri\u00e1ban helyeztek el. A modell c\u00e9lja az volt, hogy a hagyom\u00e1nyos ferdeh\u00e1t\u00fa M\u00e9gane praktikum\u00e1t \u00f6tv\u00f6zze a nyithat\u00f3 tet\u0151 ny\u00fajtotta \u00e9lm\u00e9nnyel, mik\u00f6zben megfelel\u0151 \u00e1r-\u00e9rt\u00e9k ar\u00e1nyt k\u00edn\u00e1ljon azoknak, akik a hagyom\u00e1nyos kabri\u00f3khoz k\u00e9pest egy massz\u00edvabb, integr\u00e1lt tet\u0151s \u00e9s kev\u00e9sb\u00e9 kompromisszumos megold\u00e1st keresnek.<\/p>\n<p>A M\u00e9gane C-C egyik legismertebb jellemz\u0151je a nagy \u00fcveg-kem\u00e9nytet\u0151, amely k\u00f6zel egy n\u00e9gyzetm\u00e9teres \u00fcvegfel\u00fclettel rendelkezik, \u00e9s alapfelszerel\u00e9sk\u00e9nt j\u00e1r a legt\u00f6bb v\u00e1ltozathoz. Ez a panor\u00e1matet\u0151 \u2014 amely s\u00f6t\u00e9t\u00edtett \u00fcveggel \u00e9s f\u00e9nyes fekete oszlopokkal k\u00e9sz\u00fclt \u2014 m\u00e9g akkor is rengeteg f\u00e9nyt enged az utast\u00e9rbe, amikor a tet\u0151 \u00e9ppen z\u00e1rva van, \u00edgy az aut\u00f3 belseje vil\u00e1gos \u00e9s t\u00e1gas \u00e9rzetet kelt. Amikor pedig nyitva van, a tet\u0151 teljesen elt\u0171nik a h\u00e1ts\u00f3 t\u00e9rben, \u00e9s t\u00e9nylegesen kabri\u00f3\u00e9lm\u00e9nyt biztos\u00edt, amelyet a h\u00e1ts\u00f3 fejt\u00e1maszok k\u00f6z\u00f6tt elhelyezett sz\u00e9lfog\u00f3 is jelent\u0151sen old meg a kellemetlen l\u00e9g\u00e1raml\u00e1s cs\u00f6kkent\u00e9s\u00e9vel.<\/p>\n<p>A M\u00e9gane C-C kin\u00e9zetre sportosabb \u00e9s eleg\u00e1nsabb, mint a hagyom\u00e1nyos ferdeh\u00e1t\u00fa verzi\u00f3, hosszabb \u00e9s alacsonyabb ar\u00e1ny\u00fa karossz\u00e9ri\u00e1val, amely dinamikusabb megjelen\u00e9st k\u00f6lcs\u00f6n\u00f6z. Az orr- \u00e9s oldalvonala k\u00f6veti a M\u00e9gane csal\u00e1d jellegzetes formanyelv\u00e9t, de a kabri\u00f3 sor\u00e1n v\u00e9gigfut\u00f3 finom vonalak \u00e9s a tet\u0151 ar\u00e1nyai egyedi karaktert adnak az aut\u00f3nak, amely m\u00e9gis harmonikusan illeszkedik a Renault diz\u00e1jnvil\u00e1g\u00e1ba.<\/p>\n","protected":false},"excerpt":{"rendered":"<p>A sz\u00e1mok k\u00f6zben sokkol\u00f3k: janu\u00e1rban ak\u00e1r 19%-kal t\u00f6bb g\u00e1z \u00e9s 17%-kal t\u00f6bb \u00e1ram fogyhatott a szok\u00e1sosn\u00e1l, a szak\u00e9rt\u0151l ekkora ment\u0151\u00f6vre&#8230; <span class=\"gridview-grid-post-read-more\"><a href=\"https:\/\/matrend.hu\/maitrend\/?p=6049\">read more<span class=\"gridview-sr-only\"> Ezekre a janu\u00e1ri sz\u00e1ml\u00e1kra j\u00e1r a t\u00e1mogat\u00e1s<\/span><\/a><\/span><\/p>\n","protected":false},"author":1,"featured_media":6050,"comment_status":"open","ping_status":"open","sticky":false,"template":"","format":"standard","meta":{"footnotes":""},"categories":[1],"tags":[],"class_list":["post-6049","post","type-post","status-publish","format-standard","has-post-thumbnail","hentry","category-egyeb","wpcat-1-id"],"_links":{"self":[{"href":"https:\/\/matrend.hu\/maitrend\/index.php?rest_route=\/wp\/v2\/posts\/6049","targetHints":{"allow":["GET"]}}],"collection":[{"href":"https:\/\/matrend.hu\/maitrend\/index.php?rest_route=\/wp\/v2\/posts"}],"about":[{"href":"https:\/\/matrend.hu\/maitrend\/index.php?rest_route=\/wp\/v2\/types\/post"}],"author":[{"embeddable":true,"href":"https:\/\/matrend.hu\/maitrend\/index.php?rest_route=\/wp\/v2\/users\/1"}],"replies":[{"embeddable":true,"href":"https:\/\/matrend.hu\/maitrend\/index.php?rest_route=%2Fwp%2Fv2%2Fcomments&post=6049"}],"version-history":[{"count":1,"href":"https:\/\/matrend.hu\/maitrend\/index.php?rest_route=\/wp\/v2\/posts\/6049\/revisions"}],"predecessor-version":[{"id":6051,"href":"https:\/\/matrend.hu\/maitrend\/index.php?rest_route=\/wp\/v2\/posts\/6049\/revisions\/6051"}],"wp:featuredmedia":[{"embeddable":true,"href":"https:\/\/matrend.hu\/maitrend\/index.php?rest_route=\/wp\/v2\/media\/6050"}],"wp:attachment":[{"href":"https:\/\/matrend.hu\/maitrend\/index.php?rest_route=%2Fwp%2Fv2%2Fmedia&parent=6049"}],"wp:term":[{"taxonomy":"category","embeddable":true,"href":"https:\/\/matrend.hu\/maitrend\/index.php?rest_route=%2Fwp%2Fv2%2Fcategories&post=6049"},{"taxonomy":"post_tag","embeddable":true,"href":"https:\/\/matrend.hu\/maitrend\/index.php?rest_route=%2Fwp%2Fv2%2Ftags&post=6049"}],"curies":[{"name":"wp","href":"https:\/\/api.w.org\/{rel}","templated":true}]}}