{"id":6052,"date":"2026-01-23T18:01:28","date_gmt":"2026-01-23T17:01:28","guid":{"rendered":"https:\/\/matrend.hu\/maitrend\/?p=6052"},"modified":"2026-01-23T18:01:28","modified_gmt":"2026-01-23T17:01:28","slug":"lebukott-nem-volt-veletlen-jakli-monika-balesete","status":"publish","type":"post","link":"https:\/\/matrend.hu\/maitrend\/?p=6052","title":{"rendered":"Lebukott! Nem volt v\u00e9letlen J\u00e1kli M\u00f3nika balesete!"},"content":{"rendered":"<h3>Inform\u00e1ci\u00f3k szerint a v\u0151leg\u00e9ny lehetett az, aki a helysz\u00ednr\u0151l elvitte a telefont. A k\u00e9sz\u00fcl\u00e9k lok\u00e1tora Kom\u00e1rom k\u00f6rny\u00e9k\u00e9n jelzett a baleset ut\u00e1n. Mi\u00e9rt vitte volna mag\u00e1val? \u00c9s mi\u00e9rt \u00e9pp azt kereste, mik\u00f6zben a menyasszony\u00e1t \u00fajra\u00e9lesztett\u00e9k?<br \/>\nA fesz\u00fclts\u00e9g itt \u00e9r a tet\u0151fok\u00e1ra. X\u00e9nia szerint M\u00f3nika nem tudatosan indult \u00fatnak azon a hajnalon. Az \u00f6lt\u00f6z\u00e9ke ink\u00e1bb egy hirtelen d\u00f6nt\u00e9sre utal. Bar\u00e1tn\u0151i \u00fagy tudj\u00e1k, komoly veszeked\u00e9s el\u0151zhette meg az indul\u00e1st.<br \/>\n\u2013 \u201eReggel vitte volna \u00f3vod\u00e1ba a kisl\u00e1ny\u00e1t, de biztosan nem hajnali 3\u20134-kor. Valami t\u00f6rt\u00e9nhetett\u201d \u2013 mondta megrend\u00fclten.<br \/>\nA kapcsolatuk \u00e1ll\u00edt\u00f3lag viharos volt, gyakori veszeked\u00e9sekkel, visszak\u00e9rt aut\u00f3val, kimondatlan konfliktusokkal. Olyan dolgokkal, amelyekr\u0151l eddig senki sem mert besz\u00e9lni. \u00c9s most? Most egy telefon, egy elt\u0171nt k\u00e9sz\u00fcl\u00e9k, egy furcsa id\u0151b\u00e9lyeg \u00e9s egy v\u00e9gzetes \u00e9jszaka k\u00e9rd\u00e9sei maradtak.<br \/>\nTuri X\u00e9nia egyetlen dolgot szeretne: ne z\u00e1rj\u00e1k le az \u00fcgyet egy v\u00e1llr\u00e1nd\u00edt\u00e1ssal. Ne mondj\u00e1k azt, hogy \u201et\u00fal gyorsan hajtott\u201d, \u00e9s k\u00e9sz. Mert lehet, hogy M\u00f3nika nem v\u00e9letlen\u00fcl \u00fclt aut\u00f3ba azon az \u00e9jszak\u00e1n.<\/h3>\n<p>VIA Ripost<\/p>\n<p>A Citro\u00ebn Grand C4 Picasso 2006 \u00e9s 2013 k\u00f6z\u00f6tt gy\u00e1rtott els\u0151 gener\u00e1ci\u00f3ja egy t\u00e1gas, rugalmas h\u00e9t\u00fcl\u00e9ses csal\u00e1di egyter\u0171 (MPV), amelyet \u00fagy alak\u00edtottak ki, hogy nagyobb t\u00e9rk\u00edn\u00e1latot \u00e9s praktikumot biztos\u00edtson a kisebb C4 Picasso\u2011n\u00e1l, mik\u00f6zben megtartja a Citro\u00ebn\u2011re jellemz\u0151 st\u00edlusjegyeket \u00e9s k\u00e9nyelmet. A Grand C4 Picasso c\u00e9lja az volt, hogy olyan v\u00e1s\u00e1rl\u00f3k sz\u00e1m\u00e1ra ny\u00fajtson megold\u00e1st, akiknek nagy csomag\u2011 \u00e9s utast\u00e9rre van sz\u00fcks\u00e9g\u00fck, p\u00e9ld\u00e1ul t\u00f6bbgyermekes csal\u00e1doknak, hosszabb utaz\u00e1sokhoz vagy ak\u00e1r h\u00e9tv\u00e9gi kir\u00e1ndul\u00e1sokhoz.<\/p>\n<p>K\u00fcls\u0151 form\u00e1j\u00e1t tekintve a Grand C4 Picasso jellegzetes, \u201ehosszabbra ny\u00fajtott\u201d karossz\u00e9ri\u00e1val rendelkezik, ami nagyobb h\u00e1ts\u00f3 t\u00falny\u00fal\u00e1st \u00e9s egy magasabb, ink\u00e1bb sz\u00f6gletes h\u00e1tfalat eredm\u00e9nyez, amely a kateg\u00f3ria jellegzetes praktikum\u00e1t n\u00f6veli. A kialak\u00edt\u00e1s minden szeml\u00e9l\u0151 sz\u00e1m\u00e1ra vil\u00e1gos: itt egy olyan aut\u00f3r\u00f3l van sz\u00f3, amely nagy bels\u0151 t\u00e9rre \u00e9s k\u00f6nny\u0171 rakodhat\u00f3s\u00e1gra koncentr\u00e1l, nem pedig sportos megjelen\u00e9sre.<\/p>\n<p>A bels\u0151 t\u00e9r vil\u00e1gos, t\u00e1gas \u00e9s leveg\u0151s \u00e9rz\u00e9st kelt, amit nemcsak a magas tet\u0151vonal, hanem a hatalmas \u00fcvegfel\u00fcletek is er\u0151s\u00edtenek. A Grand C4 Picasso kabinj\u00e1ban k\u00f6nnyen elf\u00e9r mind a h\u00e9t utas, mind pedig az utasok \u00e9s csomagok sz\u00e1m\u00e1ra elegend\u0151 hely. A m\u00e1sodik \u00fcl\u00e9ssorban h\u00e1rom \u00f6n\u00e1ll\u00f3 \u00fcl\u00e9s tal\u00e1lhat\u00f3, amelyek k\u00fcl\u00f6n\u2011k\u00fcl\u00f6n cs\u00fasztathat\u00f3k \u00e9s d\u00f6nthet\u0151k, ami rugalmas bels\u0151 t\u00e9r\u2011konfigur\u00e1ci\u00f3t tesz lehet\u0151v\u00e9. A harmadik \u00fcl\u00e9ssor k\u00f6nnyen el\u0151h\u00fazhat\u00f3 a padl\u00f3 al\u00f3l, \u00e9s ha nem haszn\u00e1ljuk, szint\u00e9n gyorsan elrejthet\u0151.<\/p>\n<p>A csomagt\u00e9r az MPV\u2011k k\u00f6z\u00f6tt kiv\u00e1l\u00f3an versenyk\u00e9pes: \u00fcl\u00e9sek lehajt\u00e1sa n\u00e9lk\u00fcl is nagy, de az \u00fcl\u00e9sek teljes lehajt\u00e1s\u00e1val ak\u00e1r k\u00f6zel 1\u202f951 literes teret lehet kialak\u00edtani, ami b\u0151s\u00e9ges helyet biztos\u00edt b\u00e1rmilyen nagy csomag vagy sportfelszerel\u00e9s elhelyez\u00e9s\u00e9hez. Ez a rugalmass\u00e1g teszi a modellt igaz\u00e1n vonz\u00f3v\u00e1 azok sz\u00e1m\u00e1ra, akik gyakran sz\u00e1ll\u00edtanak sok holmit vagy utast.<\/p>\n","protected":false},"excerpt":{"rendered":"<p>Inform\u00e1ci\u00f3k szerint a v\u0151leg\u00e9ny lehetett az, aki a helysz\u00ednr\u0151l elvitte a telefont. A k\u00e9sz\u00fcl\u00e9k lok\u00e1tora Kom\u00e1rom k\u00f6rny\u00e9k\u00e9n jelzett a baleset&#8230; <span class=\"gridview-grid-post-read-more\"><a href=\"https:\/\/matrend.hu\/maitrend\/?p=6052\">read more<span class=\"gridview-sr-only\"> Lebukott! Nem volt v\u00e9letlen J\u00e1kli M\u00f3nika balesete!<\/span><\/a><\/span><\/p>\n","protected":false},"author":1,"featured_media":6053,"comment_status":"open","ping_status":"open","sticky":false,"template":"","format":"standard","meta":{"footnotes":""},"categories":[1],"tags":[],"class_list":["post-6052","post","type-post","status-publish","format-standard","has-post-thumbnail","hentry","category-egyeb","wpcat-1-id"],"_links":{"self":[{"href":"https:\/\/matrend.hu\/maitrend\/index.php?rest_route=\/wp\/v2\/posts\/6052","targetHints":{"allow":["GET"]}}],"collection":[{"href":"https:\/\/matrend.hu\/maitrend\/index.php?rest_route=\/wp\/v2\/posts"}],"about":[{"href":"https:\/\/matrend.hu\/maitrend\/index.php?rest_route=\/wp\/v2\/types\/post"}],"author":[{"embeddable":true,"href":"https:\/\/matrend.hu\/maitrend\/index.php?rest_route=\/wp\/v2\/users\/1"}],"replies":[{"embeddable":true,"href":"https:\/\/matrend.hu\/maitrend\/index.php?rest_route=%2Fwp%2Fv2%2Fcomments&post=6052"}],"version-history":[{"count":1,"href":"https:\/\/matrend.hu\/maitrend\/index.php?rest_route=\/wp\/v2\/posts\/6052\/revisions"}],"predecessor-version":[{"id":6054,"href":"https:\/\/matrend.hu\/maitrend\/index.php?rest_route=\/wp\/v2\/posts\/6052\/revisions\/6054"}],"wp:featuredmedia":[{"embeddable":true,"href":"https:\/\/matrend.hu\/maitrend\/index.php?rest_route=\/wp\/v2\/media\/6053"}],"wp:attachment":[{"href":"https:\/\/matrend.hu\/maitrend\/index.php?rest_route=%2Fwp%2Fv2%2Fmedia&parent=6052"}],"wp:term":[{"taxonomy":"category","embeddable":true,"href":"https:\/\/matrend.hu\/maitrend\/index.php?rest_route=%2Fwp%2Fv2%2Fcategories&post=6052"},{"taxonomy":"post_tag","embeddable":true,"href":"https:\/\/matrend.hu\/maitrend\/index.php?rest_route=%2Fwp%2Fv2%2Ftags&post=6052"}],"curies":[{"name":"wp","href":"https:\/\/api.w.org\/{rel}","templated":true}]}}